{"id":43075,"date":"2025-05-26T04:24:25","date_gmt":"2025-05-26T04:24:25","guid":{"rendered":"https:\/\/ikimisli.tr\/?p=43075"},"modified":"2025-05-26T04:24:25","modified_gmt":"2025-05-26T04:24:25","slug":"ihale-kuzu-kuzu-geldi","status":"publish","type":"post","link":"https:\/\/ikimisli.tr\/index.php\/2025\/05\/26\/ihale-kuzu-kuzu-geldi\/","title":{"rendered":"\u0130hale kuzu kuzu geldi"},"content":{"rendered":"<p>6 \u015eubat zelzelelerinin akabinde iktidara yak\u0131n firmalar adeta ihya oldu. TOK\u0130\u2019nin konut ihaleleri AKP\u2019ye yak\u0131n isme gitti. Malatya Battalgazi\u2019deki 2 ba\u015fka ihale de tan\u0131d\u0131k \u015firketin oldu. Biri 3 milyar 245 milyon TL, ba\u015fkas\u0131 ise 1 milyar 748 milyon TL olan iki ihaleyi de Kuzu \u0130n\u015faat kazand\u0131.<\/p>\n<p><strong>ERDO\u011eAN\u2019A TAKV\u0130YE OLMU\u015eTU<\/strong><\/p>\n<p>\u015eirketin Y\u00f6netim Kurulu \u00dcyesi \u0130nan\u00e7 Kuzu, Erdo\u011fan ailesine yak\u0131nl\u0131\u011f\u0131 ile biliniyor. Kuzu, 2003\u2019te Siirt\u2019te yenilenen se\u00e7imle milletvekili se\u00e7ilen Erdo\u011fan\u2019a takviyesini a\u00e7\u0131klam\u0131\u015f, Siirt\u2019te yapt\u0131rd\u0131\u011f\u0131 iki okula da Emine Erdo\u011fan\u2019\u0131n annesi Hayriye G\u00fclbaran ve babas\u0131 Cemal G\u00fclbaran\u2019\u0131n isimlerini vermi\u015fti.<\/p>\n<p>\u015eirket mart 2024\u2019te Malatya\u2019da 4 milyar 111 milyon TL\u2019lik konut ihalesi alm\u0131\u015ft\u0131.<\/p>\n<p>Kanal \u0130stanbul g\u00fczergah\u0131ndaki konut ve ticaret alan\u0131 ihalesini de Kuzu K\u00fcmesi 3 milyar 334 milyon TL bedelle kazand\u0131.<\/p>\n<p>\u015eirket Hatay\u2019da da 4 milyar 652 milyon TL\u2019lik konut ihalesi ald\u0131. Ad\u0131yaman \u0130ndere Sars\u0131nt\u0131 konutlar\u0131n\u0131 da 4 milyar 496 milyon TL bedelle \u015firket yap\u0131yor. Beykoz  \u015fehir hastanesi ihalesi de 4 milyar 185 milyon TL bedelle Kuzu\u2019nun oldu. K\u00fcme 6 \u015eubat sars\u0131nt\u0131lar\u0131ndan bu yana 26 milyar TL\u2019lik ihale kazand\u0131.<\/p>\n","protected":false},"excerpt":{"rendered":"<p>Cumhurba\u015fkan\u0131\u2019n\u0131n \u00f6d\u00fcl verdi\u011fi \u015firket, Malatya\u2019da y\u00fczlerce konut in\u015fa edecek.<\/p>\n","protected":false},"author":1,"featured_media":43076,"comment_status":"open","ping_status":"open","sticky":false,"template":"","format":"standard","meta":{"footnotes":""},"categories":[25],"tags":[206,769,1246,562,402],"class_list":["post-43075","post","type-post","status-publish","format-standard","has-post-thumbnail","hentry","category-gundem","tag-ihale","tag-konut","tag-kuzu","tag-milyar","tag-sirket"],"_links":{"self":[{"href":"https:\/\/ikimisli.tr\/index.php\/wp-json\/wp\/v2\/posts\/43075","targetHints":{"allow":["GET"]}}],"collection":[{"href":"https:\/\/ikimisli.tr\/index.php\/wp-json\/wp\/v2\/posts"}],"about":[{"href":"https:\/\/ikimisli.tr\/index.php\/wp-json\/wp\/v2\/types\/post"}],"author":[{"embeddable":true,"href":"https:\/\/ikimisli.tr\/index.php\/wp-json\/wp\/v2\/users\/1"}],"replies":[{"embeddable":true,"href":"https:\/\/ikimisli.tr\/index.php\/wp-json\/wp\/v2\/comments?post=43075"}],"version-history":[{"count":1,"href":"https:\/\/ikimisli.tr\/index.php\/wp-json\/wp\/v2\/posts\/43075\/revisions"}],"predecessor-version":[{"id":43077,"href":"https:\/\/ikimisli.tr\/index.php\/wp-json\/wp\/v2\/posts\/43075\/revisions\/43077"}],"wp:featuredmedia":[{"embeddable":true,"href":"https:\/\/ikimisli.tr\/index.php\/wp-json\/wp\/v2\/media\/43076"}],"wp:attachment":[{"href":"https:\/\/ikimisli.tr\/index.php\/wp-json\/wp\/v2\/media?parent=43075"}],"wp:term":[{"taxonomy":"category","embeddable":true,"href":"https:\/\/ikimisli.tr\/index.php\/wp-json\/wp\/v2\/categories?post=43075"},{"taxonomy":"post_tag","embeddable":true,"href":"https:\/\/ikimisli.tr\/index.php\/wp-json\/wp\/v2\/tags?post=43075"}],"curies":[{"name":"wp","href":"https:\/\/api.w.org\/{rel}","templated":true}]}}