{"id":43181,"date":"2025-05-26T10:36:17","date_gmt":"2025-05-26T10:36:17","guid":{"rendered":"https:\/\/ikimisli.tr\/?p=43181"},"modified":"2025-05-26T10:36:17","modified_gmt":"2025-05-26T10:36:17","slug":"sakir-pasa-ailesi-mucizeler-ve-skandallar-dizisi-durduruldu","status":"publish","type":"post","link":"https:\/\/ikimisli.tr\/index.php\/2025\/05\/26\/sakir-pasa-ailesi-mucizeler-ve-skandallar-dizisi-durduruldu\/","title":{"rendered":"\u015eakir Pa\u015fa Ailesi: Mucizeler ve Skandallar dizisi durduruldu"},"content":{"rendered":"<p>Ba\u015frol\u00fcnde Vahide Per\u00e7in ve F\u0131rat Tan\u0131\u015f&#8217;\u0131n yer ald\u0131\u011f\u0131, yay\u0131nland\u0131\u011f\u0131 g\u00fcnden bu yana \u00e7ok konu\u015fulan &#8216;\u015eakir Pa\u015fa Ailesi: Mucizeler ve Skandallar&#8217;la ilgili yeni bir geli\u015fme ya\u015fand\u0131.<\/p>\n<p>Kay\u0131npeder ile gelin ortas\u0131nda ya\u015fanan ilgi nedeniyle Radyo ve Televizyon \u00dcst Konseyi&#8217;nin (RT\u00dcK) evvelki g\u00fcn 3 kere yay\u0131n durdurma cezas\u0131 verdi\u011fi diziye bir makus haber de mahkemeden geldi.<\/p>\n<p><b>TORUNLARI REAKS\u0130YON G\u00d6STERM\u0130\u015eT\u0130<\/b><\/p>\n<p>&#8216;Halikarnas Bal\u0131k\u00e7\u0131s\u0131&#8217; ismiyle tan\u0131nan m\u00fcellif Cevat \u015eakir Kabaa\u011fa\u00e7l\u0131&#8217;n\u0131n torunlar\u0131 diziye reaksiyon g\u00f6stererek mahkemeye ba\u015fvurmu\u015ftu. Mahkeme dizi hakk\u0131nda durdurma karar\u0131 ald\u0131.<\/p>\n<p>Aile taraf\u0131ndan yap\u0131lan a\u00e7\u0131klama \u015f\u00f6yle:<\/p>\n<p>&#8220;B\u00fcy\u00fckdedemiz \u015eakir Pa\u015fa ve dedemiz Cevat \u015eakir Kabaa\u011fa\u00e7l\u0131&#8217;n\u0131n ve ailemizin prestiji ve onuruna a\u011f\u0131r bir h\u00fccum niteli\u011finde olan, senaryo ismi alt\u0131nda ger\u00e7e\u011fe kar\u015f\u0131t ve haks\u0131z bi\u00e7imde dedelerimize prestij suikast\u0131na d\u00f6n\u00fc\u015fen dizi ile ilgili olarak, a\u00e7t\u0131\u011f\u0131m\u0131z davada Say\u0131n \u0130stanbul 10. Asliye Hukuk Mahkemesi dizinin mevcut k\u0131s\u0131mlar\u0131n\u0131n yay\u0131n\u0131n\u0131n durdurulmas\u0131na, yeni k\u0131s\u0131mlar\u0131n \u00e7ekimlerinin ve yay\u0131n\u0131n\u0131n durdurulmas\u0131na karar verilmi\u015ftir..&#8221;<\/p>\n<p><img decoding=\"async\" src=\"https:\/\/ikimisli.tr\/wp-content\/uploads\/2025\/05\/sakir-pasa-ailesi-mucizeler-ve-skandallar-dizisi-durduruldu-0-lraaMecj.jpeg\"\/><\/p>\n","protected":false},"excerpt":{"rendered":"<p>Cevat \u015eakir Kabaa\u011fa\u00e7l\u0131&#8217;n\u0131n torunlar\u0131n\u0131n a\u00e7t\u0131\u011f\u0131 dava sonucu, NOW kanal\u0131nda yay\u0131nlanan &#8216;\u015eakir Pa\u015fa Ailesi: Mucizeler ve Skandallar&#8217; dizisinin yay\u0131n\u0131n\u0131n durdurulmas\u0131na karar verildi.<\/p>\n","protected":false},"author":1,"featured_media":43182,"comment_status":"open","ping_status":"open","sticky":false,"template":"","format":"standard","meta":{"footnotes":""},"categories":[27],"tags":[600],"class_list":["post-43181","post","type-post","status-publish","format-standard","has-post-thumbnail","hentry","category-magazin","tag-dizi"],"_links":{"self":[{"href":"https:\/\/ikimisli.tr\/index.php\/wp-json\/wp\/v2\/posts\/43181","targetHints":{"allow":["GET"]}}],"collection":[{"href":"https:\/\/ikimisli.tr\/index.php\/wp-json\/wp\/v2\/posts"}],"about":[{"href":"https:\/\/ikimisli.tr\/index.php\/wp-json\/wp\/v2\/types\/post"}],"author":[{"embeddable":true,"href":"https:\/\/ikimisli.tr\/index.php\/wp-json\/wp\/v2\/users\/1"}],"replies":[{"embeddable":true,"href":"https:\/\/ikimisli.tr\/index.php\/wp-json\/wp\/v2\/comments?post=43181"}],"version-history":[{"count":1,"href":"https:\/\/ikimisli.tr\/index.php\/wp-json\/wp\/v2\/posts\/43181\/revisions"}],"predecessor-version":[{"id":43184,"href":"https:\/\/ikimisli.tr\/index.php\/wp-json\/wp\/v2\/posts\/43181\/revisions\/43184"}],"wp:featuredmedia":[{"embeddable":true,"href":"https:\/\/ikimisli.tr\/index.php\/wp-json\/wp\/v2\/media\/43182"}],"wp:attachment":[{"href":"https:\/\/ikimisli.tr\/index.php\/wp-json\/wp\/v2\/media?parent=43181"}],"wp:term":[{"taxonomy":"category","embeddable":true,"href":"https:\/\/ikimisli.tr\/index.php\/wp-json\/wp\/v2\/categories?post=43181"},{"taxonomy":"post_tag","embeddable":true,"href":"https:\/\/ikimisli.tr\/index.php\/wp-json\/wp\/v2\/tags?post=43181"}],"curies":[{"name":"wp","href":"https:\/\/api.w.org\/{rel}","templated":true}]}}