{"id":43244,"date":"2025-05-26T14:12:17","date_gmt":"2025-05-26T14:12:17","guid":{"rendered":"https:\/\/ikimisli.tr\/?p=43244"},"modified":"2025-05-26T14:12:17","modified_gmt":"2025-05-26T14:12:17","slug":"ezilmis-bir-kelebegi-suyla-karistirip-kendisine-enjekte-etti-bu-aslinda-bir-sosyal-medya-akimi","status":"publish","type":"post","link":"https:\/\/ikimisli.tr\/index.php\/2025\/05\/26\/ezilmis-bir-kelebegi-suyla-karistirip-kendisine-enjekte-etti-bu-aslinda-bir-sosyal-medya-akimi\/","title":{"rendered":"Ezilmi\u015f bir kelebe\u011fi suyla kar\u0131\u015ft\u0131r\u0131p kendisine enjekte etti: Bu asl\u0131nda bir sosyal medya ak\u0131m\u0131"},"content":{"rendered":"<p>Ezilmi\u015f kelebek i\u011fnesi yapt\u0131ktan sonra hayat\u0131n\u0131 kaybeden 14 ya\u015f\u0131ndaki \u00e7ocuk, 7 g\u00fcn boyunca \u00e7ekti\u011fi dayan\u0131lmaz semptomlar sonucu hayat\u0131n\u0131 kaybetti.\u00a0Tehlikeli s\u00fcrecin &#8216;\u00e7evrimi\u00e7i meydan okuma&#8217; kapsam\u0131nda ger\u00e7ekle\u015ftirildi\u011fi d\u00fc\u015f\u00fcn\u00fcl\u00fcyor.\u00a0<\/p>\n<p>dailymail&#8217;in haberine nazaran olay g\u00fcn\u00fc gen\u00e7 adam kusma ve y\u00fcr\u00fcmekte zorluk \u00e7ekme \u00fczere semptomlar g\u00f6stermeye ba\u015flay\u0131nca babas\u0131 taraf\u0131ndan hastaneye getildi ve hayat\u0131n\u0131 kaybetmeden evvel bir hafta boyunca Vit\u00f3ria da Conquista Genel Hastanesi&#8217;nde \u00f6zel dayanak alarak tedavi g\u00f6rd\u00fc.<\/p>\n<p>Brezilyal\u0131 haber sitesi VivaBem&#8217;e a\u00e7\u0131klamada bulunan Hospital Santa Marcelina uzman\u0131 Luiz Fernando D. Relvas, &#8220;Bu bir emboli, enfeksiyon ya da alerjik tepki olabilir&#8221; s\u00f6zler kullan\u0131l\u0131rken, &#8220;Bu kar\u0131\u015f\u0131m\u0131 nas\u0131l haz\u0131rlad\u0131\u011f\u0131 ya da bedene enjekte etti\u011fi kesimlerin b\u00fcy\u00fckl\u00fc\u011f\u00fcn\u00fc bilmiyoruz&#8221; dedi.<\/p>\n<p>Uzman Dr. &#8220;\u0130\u00e7eride hava kalm\u0131\u015f olabilir, bu da emboliye yol a\u00e7abilir&#8221; diyerek, bu t\u00fcrl\u00fc bir durumun ani k\u00f6t\u00fcle\u015fmeye ve mevte yol a\u00e7abilece\u011fini belirtti.<\/p>\n<p>Ara\u015ft\u0131rmac\u0131lar\u0131n, kar\u0131\u015f\u0131mdaki toksinlerin Moreira&#8217;n\u0131n septik \u015foka girmesine neden olarak bedeninin iflas etmesine yol a\u00e7m\u0131\u015f olabilece\u011fi ihtimalini de inceledi\u011fi bildirildi.\u00a0<\/p>\n<p><b>\u0130tiraf sonradan geldi<\/b><\/p>\n<p>Moreira&#8217;n\u0131n, internette g\u00f6rd\u00fc\u011f\u00fc &#8216;deney&#8217; sonras\u0131nda kendisine enjeksiyon yapt\u0131\u011f\u0131 savlar\u0131n\u0131 reddetti\u011fi bildirildi. Brezilya medyas\u0131nda, olayla ilgili ayr\u0131nt\u0131lara dair tart\u0131\u015fmalar ya\u015fand\u0131. Birinci ba\u015fta, babas\u0131na oyun oynarken aksamas\u0131 nedeniyle kendini yaralad\u0131\u011f\u0131n\u0131 s\u00f6yledi\u011fi \u00f6\u011frenildi.<\/p>\n<p>Yerel medya, Moreira&#8217;n\u0131n durumunun berbatla\u015fmas\u0131 \u00fczerine ger\u00e7ekleri itiraf etti\u011fini ve babas\u0131n\u0131n yast\u0131\u011f\u0131n\u0131n alt\u0131nda bir \u015f\u0131r\u0131nga buldu\u011funu bildirdi. Ayr\u0131yeten, Moreira&#8217;n\u0131n s\u0131hhat g\u00f6revlilerine, bir kelebe\u011fi suyla kar\u0131\u015ft\u0131r\u0131p s\u0131v\u0131y\u0131 sa\u011f baca\u011f\u0131na enjekte etmeden evvel eczaneye gidip gere\u00e7 ald\u0131\u011f\u0131n\u0131 s\u00f6yledi\u011fi aktar\u0131ld\u0131.<\/p>\n<p>Soru\u015fturmay\u0131 y\u00fcr\u00fcten Vit\u00f3ria da Conquista Sivil Polisi, otopsinin vefat nedeninin a\u00e7\u0131kl\u0131\u011fa kavu\u015fmas\u0131na yard\u0131mc\u0131 olaca\u011f\u0131n\u0131 belirtti.<\/p>\n<p><b>&#8220;Hayat\u0131mda hi\u00e7 bu kadar ac\u0131 hissetmemi\u015ftim&#8221;<\/b><\/p>\n<p>Ge\u00e7ti\u011fimiz Nisan ay\u0131nda ise, Brezilyal\u0131 bir internet fenomeni, iki milyon takip\u00e7isi i\u00e7in kat\u0131ld\u0131\u011f\u0131 ak\u0131ls\u0131zca bir viral ak\u0131m sonras\u0131nda neredeyse kolunun kesilmesi tehlikesiyle kar\u015f\u0131 kar\u015f\u0131ya kalm\u0131\u015ft\u0131. &#8220;Thammy MC&#8221; isimli gen\u00e7, internetteki y\u00fcrek g\u00f6sterisinde buz ve tuz dolu bir kovan\u0131n i\u00e7inde durduktan sonra y\u00fcr\u00fcyemez hale gelmi\u015f, ayaklar\u0131 siyaha d\u00f6nm\u00fc\u015f ve neredeyse parmaklar\u0131n\u0131n kesilmesi gerekmi\u015fti.<\/p>\n<p>Thammy, &#8220;15 dakika boyunca ayaklar\u0131m\u0131z iri tuzla kapl\u0131 buzun \u00fczerinde kald\u0131,&#8221; diyerek ya\u015fad\u0131\u011f\u0131 deh\u015feti anlatt\u0131. &#8220;Aya\u011f\u0131m \u00e7\u0131kt\u0131\u011f\u0131nda hayat\u0131mda hi\u00e7 bu kadar ac\u0131 hissetmemi\u015ftim. Buz kovas\u0131ndan \u00e7\u0131kar\u0131ld\u0131\u011f\u0131nda \u00fc\u00e7 parma\u011f\u0131m siyaha d\u00f6nm\u00fc\u015ft\u00fc&#8221; diye ekledi.<\/p>\n","protected":false},"excerpt":{"rendered":"<p>14 ya\u015f\u0131ndaki Davi Nunes Moreira, ge\u00e7en per\u015fembe g\u00fcn\u00fc Brezilya&#8217;n\u0131n Planalto kentindeki bir hastanede, baca\u011f\u0131na ezilmi\u015f kelebekten yap\u0131lm\u0131\u015f bir sol\u00fcsyon enjekte etti\u011fini itiraf ettikten sonra hayat\u0131n\u0131 kaybetti.<\/p>\n","protected":false},"author":1,"featured_media":43245,"comment_status":"open","ping_status":"open","sticky":false,"template":"","format":"standard","meta":{"footnotes":""},"categories":[43],"tags":[],"class_list":["post-43244","post","type-post","status-publish","format-standard","has-post-thumbnail","hentry","category-dunya"],"_links":{"self":[{"href":"https:\/\/ikimisli.tr\/index.php\/wp-json\/wp\/v2\/posts\/43244","targetHints":{"allow":["GET"]}}],"collection":[{"href":"https:\/\/ikimisli.tr\/index.php\/wp-json\/wp\/v2\/posts"}],"about":[{"href":"https:\/\/ikimisli.tr\/index.php\/wp-json\/wp\/v2\/types\/post"}],"author":[{"embeddable":true,"href":"https:\/\/ikimisli.tr\/index.php\/wp-json\/wp\/v2\/users\/1"}],"replies":[{"embeddable":true,"href":"https:\/\/ikimisli.tr\/index.php\/wp-json\/wp\/v2\/comments?post=43244"}],"version-history":[{"count":1,"href":"https:\/\/ikimisli.tr\/index.php\/wp-json\/wp\/v2\/posts\/43244\/revisions"}],"predecessor-version":[{"id":43246,"href":"https:\/\/ikimisli.tr\/index.php\/wp-json\/wp\/v2\/posts\/43244\/revisions\/43246"}],"wp:featuredmedia":[{"embeddable":true,"href":"https:\/\/ikimisli.tr\/index.php\/wp-json\/wp\/v2\/media\/43245"}],"wp:attachment":[{"href":"https:\/\/ikimisli.tr\/index.php\/wp-json\/wp\/v2\/media?parent=43244"}],"wp:term":[{"taxonomy":"category","embeddable":true,"href":"https:\/\/ikimisli.tr\/index.php\/wp-json\/wp\/v2\/categories?post=43244"},{"taxonomy":"post_tag","embeddable":true,"href":"https:\/\/ikimisli.tr\/index.php\/wp-json\/wp\/v2\/tags?post=43244"}],"curies":[{"name":"wp","href":"https:\/\/api.w.org\/{rel}","templated":true}]}}