{"id":43274,"date":"2025-05-26T16:00:21","date_gmt":"2025-05-26T16:00:21","guid":{"rendered":"https:\/\/ikimisli.tr\/?p=43274"},"modified":"2025-05-26T16:00:21","modified_gmt":"2025-05-26T16:00:21","slug":"emekli-bayram-ikramiyesinde-hesaplar-sil-bastan-sgk-uzmani-net-rakam-verdi","status":"publish","type":"post","link":"https:\/\/ikimisli.tr\/index.php\/2025\/05\/26\/emekli-bayram-ikramiyesinde-hesaplar-sil-bastan-sgk-uzmani-net-rakam-verdi\/","title":{"rendered":"Emekli bayram ikramiyesinde hesaplar sil ba\u015ftan: SGK uzman\u0131 net rakam verdi"},"content":{"rendered":"<p>Ramazan Bayram\u0131&#8217;na say\u0131l\u0131 g\u00fcnler kala emeklilerin g\u00f6z\u00fc bayram ikramiyesinde. \u00c7al\u0131\u015fma Bakan\u0131 Vedat I\u015f\u0131khan, ikramiye art\u0131\u015f\u0131 i\u00e7in \u00e7al\u0131\u015fma yap\u0131laca\u011f\u0131n\u0131 duyurdu. Emekliler, bu d\u00fczenlemeyi heyecanla beklerken, SGK uzman\u0131 Murat Bal ise 12 ayl\u0131k enflasyon fark\u0131na dikkat \u00e7ekerek, bayram ikramiyesi i\u00e7in beklentilerini lisana getirdi.<\/p>\n<p><b>&#8216;\u0130KRAM\u0130YELERDE HAKKAN\u0130YETL\u0130 B\u0130R ARTI\u015e BEKL\u0130YORUZ&#8217; <\/b><\/p>\n<p>Emeklilerin bayram ikramiyesi ile ilgili beklentilerini a\u00e7\u0131klayan SGK uzman\u0131 Murat Bal, <strong>\u201cMemurlar\u0131n maa\u015flar\u0131ndaki art\u0131\u015f\u0131 kanunla belirlenmi\u015f durumday\u0131z. Ancak bayram ikramiyeleri ve promosyonlar \u00fczere hususlar hala belgisiz ve yasal bir yer bulunmuyor. Bu hususta bir an evvel yasal d\u00fczenlemelerin yap\u0131lmas\u0131 gerekti\u011fini d\u00fc\u015f\u00fcn\u00fcyorum\u201d<\/strong> dedi. <\/p>\n<p><b>&#8216;4 B\u0130N 350 TL&#8217;N\u0130N ALTINA D\u00dc\u015eMEMEL\u0130&#8217;<\/b><\/p>\n<p>Bal, enflasyon fark\u0131na dayal\u0131 bir art\u0131\u015f yap\u0131lmas\u0131n\u0131n ehemmiyetine vurgu yaparak, <strong>\u201cY\u00fczde 15,75\u2019lik bir art\u0131\u015f, yaln\u0131zca 6 ayl\u0131k enflasyon fark\u0131na nazaran hesaplanm\u0131\u015f olur. Me\u011fer bayram ikramiyeleri ge\u00e7en y\u0131l verilmi\u015fti, yani \u00fczerinden 12 ay ge\u00e7mi\u015f olacak. Bu durumda en az\u0131ndan %44-%45 civar\u0131nda ger\u00e7ekle\u015fen T\u00dc\u0130K enflasyonu \u00fczerinden bir art\u0131\u015f yap\u0131lmal\u0131. Bu da 4350-4500 TL d\u00fczeylerine denk gelir ve bu say\u0131 4350 TL\u2019nin alt\u0131na d\u00fc\u015fmemeli\u201d<\/strong> formunda konu\u015ftu.<\/p>\n<p><b>&#8216;KANUN\u0130 D\u00dcZENLEME YAPILMASI GEREK\u0130YOR&#8217; <\/b><\/p>\n<p>Bal, emekli maa\u015flar\u0131n\u0131n ve ikramiyelerinin kanunla belirlenmesi gerekti\u011fine dikkat \u00e7ekerek, <strong>\u201cEmeklilik, bir toplumsal yard\u0131m de\u011fildir. Vaktinde \u00f6denmi\u015f primlerin kar\u015f\u0131l\u0131\u011f\u0131 olarak maa\u015f \u00f6denmesidir. Toplumsal yard\u0131m mant\u0131\u011f\u0131yla bakarsak, haklar ve maa\u015flar d\u00fc\u015f\u00fck kal\u0131r. Bu nedenle yasal d\u00fczenlemelerin bir an evvel yap\u0131lmas\u0131 gerekiyor\u201d<\/strong> dedi.<\/p>\n","protected":false},"excerpt":{"rendered":"<p>Emekliler bayram ikramiyesi i\u00e7in beklenti i\u00e7erisine girdi. \u00c7al\u0131\u015fma ve Sosyal G\u00fcvenlik Bakan\u0131 Vedat I\u015f\u0131khan, art\u0131\u015f i\u00e7in \u00e7al\u0131\u015fma yap\u0131laca\u011f\u0131n\u0131 duyurdu. SGK uzman\u0131 Murat Bal ise, enflasyon fark\u0131na dayal\u0131 hakkaniyetli bir art\u0131\u015f beklediklerini belirterek, ikramiye i\u00e7in say\u0131 verdi.<\/p>\n","protected":false},"author":1,"featured_media":43275,"comment_status":"open","ping_status":"open","sticky":false,"template":"","format":"standard","meta":{"footnotes":""},"categories":[24],"tags":[483,1675,91,1134],"class_list":["post-43274","post","type-post","status-publish","format-standard","has-post-thumbnail","hentry","category-ekonomi","tag-artis","tag-bayram","tag-emekli","tag-ikramiye"],"_links":{"self":[{"href":"https:\/\/ikimisli.tr\/index.php\/wp-json\/wp\/v2\/posts\/43274","targetHints":{"allow":["GET"]}}],"collection":[{"href":"https:\/\/ikimisli.tr\/index.php\/wp-json\/wp\/v2\/posts"}],"about":[{"href":"https:\/\/ikimisli.tr\/index.php\/wp-json\/wp\/v2\/types\/post"}],"author":[{"embeddable":true,"href":"https:\/\/ikimisli.tr\/index.php\/wp-json\/wp\/v2\/users\/1"}],"replies":[{"embeddable":true,"href":"https:\/\/ikimisli.tr\/index.php\/wp-json\/wp\/v2\/comments?post=43274"}],"version-history":[{"count":1,"href":"https:\/\/ikimisli.tr\/index.php\/wp-json\/wp\/v2\/posts\/43274\/revisions"}],"predecessor-version":[{"id":43276,"href":"https:\/\/ikimisli.tr\/index.php\/wp-json\/wp\/v2\/posts\/43274\/revisions\/43276"}],"wp:featuredmedia":[{"embeddable":true,"href":"https:\/\/ikimisli.tr\/index.php\/wp-json\/wp\/v2\/media\/43275"}],"wp:attachment":[{"href":"https:\/\/ikimisli.tr\/index.php\/wp-json\/wp\/v2\/media?parent=43274"}],"wp:term":[{"taxonomy":"category","embeddable":true,"href":"https:\/\/ikimisli.tr\/index.php\/wp-json\/wp\/v2\/categories?post=43274"},{"taxonomy":"post_tag","embeddable":true,"href":"https:\/\/ikimisli.tr\/index.php\/wp-json\/wp\/v2\/tags?post=43274"}],"curies":[{"name":"wp","href":"https:\/\/api.w.org\/{rel}","templated":true}]}}