{"id":43462,"date":"2025-06-04T15:48:19","date_gmt":"2025-06-04T15:48:19","guid":{"rendered":"https:\/\/ikimisli.tr\/?p=43462"},"modified":"2025-06-04T15:48:19","modified_gmt":"2025-06-04T15:48:19","slug":"rtuk-baskanindan-sakir-pasa-ailesi-mucizeler-ve-skandallar-dizisi-aciklamasi","status":"publish","type":"post","link":"https:\/\/ikimisli.tr\/index.php\/2025\/06\/04\/rtuk-baskanindan-sakir-pasa-ailesi-mucizeler-ve-skandallar-dizisi-aciklamasi\/","title":{"rendered":"RT\u00dcK Ba\u015fkan\u0131&#8217;ndan &#8216;\u015eakir Pa\u015fa Ailesi: Mucizeler ve Skandallar&#8217; dizisi a\u00e7\u0131klamas\u0131"},"content":{"rendered":"<p>Radyo, Televizyon \u00dcst Kurulu (RT\u00dcK) ge\u00e7en g\u00fcnlerde NOW TV&#8217;de yay\u0131nlanan &#8216;\u015eakir Pa\u015fa Ailesi: Mucizeler ve Skandallar&#8217; dizisine manevi k\u0131ymetlere, genel ahlaka ve ailenin korunmas\u0131 unsuruna al\u0131\u015f\u0131lmam\u0131\u015f bulunarak, y\u00fczde 3 idari para cezas\u0131 ve 3 sefer de program durdurma yapt\u0131r\u0131m\u0131 uygulam\u0131\u015ft\u0131.<\/p>\n<p>Ard\u0131ndan dizi ile ilgili g\u00f6r\u00fclen davada yay\u0131n durdurma cezas\u0131 al\u0131nm\u0131\u015ft\u0131.<\/p>\n<p>Ard\u0131ndan Cevat \u015eakir Kabaa\u011fa\u00e7l\u0131&#8217;n\u0131n torunlar\u0131, yap\u0131mc\u0131n\u0131n kendilerinden m\u00fcsaade almad\u0131\u011f\u0131n\u0131 belirterek dava s\u00fcreci ba\u015flatm\u0131\u015ft\u0131.<\/p>\n<p>RT\u00dcK Ba\u015fkan\u0131 Ebubekir \u015eahin, X hesab\u0131ndan dizi hakk\u0131nda a\u00e7\u0131klama yapt\u0131. \u015eahin \u015fu tabirleri kulland\u0131: <\/p>\n<p>&#8220;Radyo ve Televizyon \u00dcst Konseyi&#8217;nin son \u00dcst Konsey toplant\u0131s\u0131nda toplumun ulusal ve manevi bedellerine, genel ahlaka ve ailenin korunmas\u0131na kar\u015f\u0131t olan sahneleri sebebiyle a\u011f\u0131r m\u00fceyyideler uygulad\u0131\u011f\u0131, NOW TV&#8217;de yay\u0131nlanan &#8216;\u015eakir Pa\u015fa Ailesi: Mucizeler ve Skandallar&#8217; dizisi hakk\u0131nda \u0130stanbul 10. Asliye Hukuk Mahkemesince dizinin mevcut k\u0131s\u0131mlar\u0131n\u0131n yay\u0131n\u0131 ile yeni k\u0131s\u0131mlar\u0131n \u00e7ekimlerinin durdurulmas\u0131na karar verilmi\u015ftir.&#8221;<\/p>\n<p>&#8220;\u0130stanbul 10. Asliye Hukuk Mahkemesince dizi ile ilgili al\u0131nan karar \u00fczerine a\u015fa\u011f\u0131daki a\u00e7\u0131klaman\u0131n yap\u0131lmas\u0131na gerek duyulmu\u015ftur.&#8221;<\/p>\n<p>&#8220;Bilindi\u011fi \u00fczere erdem ve haysiyet, toplumsal hayatta her bireyin sahip oldu\u011fu \u015fahs\u00ee de\u011ferlerdendir. Bireylerin erdem ve haysiyetlerine y\u00f6nelik ataklar kimi vakit yaz\u0131 ile ger\u00e7ekle\u015febilece\u011fi \u00fczere kimi vakit da davran\u0131\u015flar ile ortaya \u00e7\u0131kabilmektedir.&#8221;<\/p>\n<p>&#8220;Yasalar bireylerin onur ve haysiyetini gaye alan bu cins kelaml\u0131 ve yaz\u0131l\u0131 ak\u0131nlar\u0131n radyo ve televizyon yay\u0131nlar\u0131 ile ger\u00e7ekle\u015fmesi durumunda kurumumuza k\u0131ymetli bir sorumluluk y\u00fcklemi\u015ftir.&#8221;<\/p>\n<p>&#8220;Belirtmek gerekir ki, bilhassa televizyon yay\u0131nlar\u0131nda hem kelam hem de imaj\u0131n bir ortada bulunmas\u0131, haysiyete y\u00f6nelik ata\u011f\u0131n tesirini daha da art\u0131rmaktad\u0131r. Radyo ve televizyon yay\u0131nlar\u0131 ile ger\u00e7ekle\u015fen ki\u015filik hakk\u0131 ihlallerinin tekrarlama m\u00fcmk\u00fcnl\u00fc\u011f\u00fcn\u00fcn y\u00fcksekli\u011fi nedeniyle, atak sona ermi\u015f bile olsa tesirlerinin devam edece\u011fi taraf\u0131nda \u00f6\u011fretide karine olu\u015ftu\u011fu bilinmektedir.&#8221;<\/p>\n<p>&#8220;Bu kapsamda, 6112 say\u0131l\u0131 &#8216;Radyo ve Televizyonlar\u0131n Kurulu\u015f ve Yay\u0131n Hizmetleri Hakk\u0131nda Kanun&#8217;un &#8216;Medya hizmet sa\u011flay\u0131c\u0131n\u0131n ba\u011f\u0131ms\u0131zl\u0131\u011f\u0131 ve sorumlulu\u011fu&#8217; ba\u015fl\u0131kl\u0131 6&#8217;nc\u0131 hususu; &#8216;Yay\u0131n hizmetlerinin i\u00e7eri\u011fine ve yay\u0131nlanmas\u0131na evvelce m\u00fcdahale edilemez ve yay\u0131nlar\u0131n i\u00e7eri\u011fi evvelden denetlenemez&#8217; karar\u0131n\u0131 i\u00e7ermektedir.&#8221;<\/p>\n<p>&#8220;Ayr\u0131ca, Anayasa&#8217;n\u0131n &#8216;Mahkemelerin Ba\u011f\u0131ms\u0131zl\u0131\u011f\u0131&#8217; ba\u015fl\u0131kl\u0131 138&#8217;inci unsuru; &#8216;Yasama ve y\u00fcr\u00fctme organlar\u0131 ile y\u00f6netim, mahkeme kararlar\u0131na uymak zorundad\u0131r; bu organlar ve y\u00f6netim, mahkeme kararlar\u0131n\u0131 hi\u00e7bir suretle de\u011fi\u015ftiremez ve bunlar\u0131n yerine getirilmesini geciktiremez&#8217; karar\u0131n\u0131 i\u00e7ermektedir.&#8221;<\/p>\n<p>&#8220;\u00dcst \u015euram\u0131z \u0130zleme ve K\u0131ymetlendirme Dairesi Ba\u015fkanl\u0131\u011f\u0131nca an\u0131lan mahkeme karar\u0131 do\u011frultusunda s\u00fcre\u00e7 tesis edilmesi normlar hiyerar\u015fisi bak\u0131m\u0131ndan Anayasal bir mecburilik olup, ihlal durumunda ilgili mevzunun 6112 say\u0131l\u0131 Kanun\u2019un 8\u2019inci unsurunda d\u00fczenlenen yay\u0131n hizmeti prensipleri kapsam\u0131nda de\u011ferlendirilecektir. Kamuoyuna h\u00fcrmetle duyurulur.&#8221;<\/p>\n","protected":false},"excerpt":{"rendered":"<p>Radyo ve Televizyon \u00dcst Kurulu (RT\u00dcK) Lideri Ebubekir \u015eahin, &#8216;\u015eakir Pa\u015fa Ailesi: Mucizeler ve Skandallar&#8217; dizisinin mevcut k\u0131s\u0131mlar\u0131n\u0131n yay\u0131n\u0131 ile yeni k\u0131s\u0131mlar\u0131n \u00e7ekimlerinin durdurulmas\u0131na ait a\u00e7\u0131klama yapt\u0131.<\/p>\n","protected":false},"author":1,"featured_media":43463,"comment_status":"open","ping_status":"open","sticky":false,"template":"","format":"standard","meta":{"footnotes":""},"categories":[27],"tags":[600,151,5271,557,156],"class_list":["post-43462","post","type-post","status-publish","format-standard","has-post-thumbnail","hentry","category-magazin","tag-dizi","tag-mahkeme","tag-radyo","tag-televizyon","tag-yayin"],"_links":{"self":[{"href":"https:\/\/ikimisli.tr\/index.php\/wp-json\/wp\/v2\/posts\/43462","targetHints":{"allow":["GET"]}}],"collection":[{"href":"https:\/\/ikimisli.tr\/index.php\/wp-json\/wp\/v2\/posts"}],"about":[{"href":"https:\/\/ikimisli.tr\/index.php\/wp-json\/wp\/v2\/types\/post"}],"author":[{"embeddable":true,"href":"https:\/\/ikimisli.tr\/index.php\/wp-json\/wp\/v2\/users\/1"}],"replies":[{"embeddable":true,"href":"https:\/\/ikimisli.tr\/index.php\/wp-json\/wp\/v2\/comments?post=43462"}],"version-history":[{"count":1,"href":"https:\/\/ikimisli.tr\/index.php\/wp-json\/wp\/v2\/posts\/43462\/revisions"}],"predecessor-version":[{"id":43464,"href":"https:\/\/ikimisli.tr\/index.php\/wp-json\/wp\/v2\/posts\/43462\/revisions\/43464"}],"wp:featuredmedia":[{"embeddable":true,"href":"https:\/\/ikimisli.tr\/index.php\/wp-json\/wp\/v2\/media\/43463"}],"wp:attachment":[{"href":"https:\/\/ikimisli.tr\/index.php\/wp-json\/wp\/v2\/media?parent=43462"}],"wp:term":[{"taxonomy":"category","embeddable":true,"href":"https:\/\/ikimisli.tr\/index.php\/wp-json\/wp\/v2\/categories?post=43462"},{"taxonomy":"post_tag","embeddable":true,"href":"https:\/\/ikimisli.tr\/index.php\/wp-json\/wp\/v2\/tags?post=43462"}],"curies":[{"name":"wp","href":"https:\/\/api.w.org\/{rel}","templated":true}]}}