{"id":43465,"date":"2025-06-04T16:00:34","date_gmt":"2025-06-04T16:00:34","guid":{"rendered":"https:\/\/ikimisli.tr\/?p=43465"},"modified":"2025-06-04T16:00:34","modified_gmt":"2025-06-04T16:00:34","slug":"yalovada-feci-kaza-karda-kaydi-duvara-carpti","status":"publish","type":"post","link":"https:\/\/ikimisli.tr\/index.php\/2025\/06\/04\/yalovada-feci-kaza-karda-kaydi-duvara-carpti\/","title":{"rendered":"Yalova&#8217;da feci kaza: Karda kayd\u0131, duvara \u00e7arpt\u0131"},"content":{"rendered":"<p>Yalova&#8217;da seyir halindeki araba, kar nedeniyle kayarak binan\u0131n duvar\u0131na \u00e7arpt\u0131. Arabadaki 3 ki\u015fi kazay\u0131 yara almadan atlat\u0131rken, o anlar g\u00fcvenlik kameras\u0131na yans\u0131d\u0131.<\/p>\n<p>Kaza, sabah saatlerinde Ba\u011flarba\u015f\u0131 Mahallesi Bulut Sokak&#8217;ta meydana geldi. M.A., y\u00f6netimindeki arabayla karla kapl\u0131 yolda ilerlerken denetimini kaybedip kayarak binan\u0131n bah\u00e7e duvar\u0131na \u00e7arpt\u0131.<\/p>\n<p>\u00c7arpman\u0131n tesiriyle \u015fof\u00f6rle birlikte C.A. ve E.K.&#8217;nin ara\u00e7tan \u00e7\u0131k\u0131p \u015fok ya\u015fad\u0131\u011f\u0131 belirtildi. Yaralanan olmayan fakat ara\u00e7ta ziyan meydana gelen kaza ise g\u00fcvenlik kameras\u0131 taraf\u0131ndan kaydedildi.\u00a0<\/p>\n","protected":false},"excerpt":{"rendered":"<p>Yalova&#8217;da karl\u0131 yolda kayan araba duvara \u00e7arpt\u0131.<\/p>\n","protected":false},"author":1,"featured_media":43466,"comment_status":"open","ping_status":"open","sticky":false,"template":"","format":"standard","meta":{"footnotes":""},"categories":[25],"tags":[],"class_list":["post-43465","post","type-post","status-publish","format-standard","has-post-thumbnail","hentry","category-gundem"],"_links":{"self":[{"href":"https:\/\/ikimisli.tr\/index.php\/wp-json\/wp\/v2\/posts\/43465","targetHints":{"allow":["GET"]}}],"collection":[{"href":"https:\/\/ikimisli.tr\/index.php\/wp-json\/wp\/v2\/posts"}],"about":[{"href":"https:\/\/ikimisli.tr\/index.php\/wp-json\/wp\/v2\/types\/post"}],"author":[{"embeddable":true,"href":"https:\/\/ikimisli.tr\/index.php\/wp-json\/wp\/v2\/users\/1"}],"replies":[{"embeddable":true,"href":"https:\/\/ikimisli.tr\/index.php\/wp-json\/wp\/v2\/comments?post=43465"}],"version-history":[{"count":1,"href":"https:\/\/ikimisli.tr\/index.php\/wp-json\/wp\/v2\/posts\/43465\/revisions"}],"predecessor-version":[{"id":43467,"href":"https:\/\/ikimisli.tr\/index.php\/wp-json\/wp\/v2\/posts\/43465\/revisions\/43467"}],"wp:featuredmedia":[{"embeddable":true,"href":"https:\/\/ikimisli.tr\/index.php\/wp-json\/wp\/v2\/media\/43466"}],"wp:attachment":[{"href":"https:\/\/ikimisli.tr\/index.php\/wp-json\/wp\/v2\/media?parent=43465"}],"wp:term":[{"taxonomy":"category","embeddable":true,"href":"https:\/\/ikimisli.tr\/index.php\/wp-json\/wp\/v2\/categories?post=43465"},{"taxonomy":"post_tag","embeddable":true,"href":"https:\/\/ikimisli.tr\/index.php\/wp-json\/wp\/v2\/tags?post=43465"}],"curies":[{"name":"wp","href":"https:\/\/api.w.org\/{rel}","templated":true}]}}