{"id":43468,"date":"2025-06-04T16:12:33","date_gmt":"2025-06-04T16:12:33","guid":{"rendered":"https:\/\/ikimisli.tr\/?p=43468"},"modified":"2025-06-04T16:12:33","modified_gmt":"2025-06-04T16:12:33","slug":"mansur-yavas-kuvvetler-ayriligi-olmadigi-zaman-neler-yasandigini-hep-birlikte-goruyoruz","status":"publish","type":"post","link":"https:\/\/ikimisli.tr\/index.php\/2025\/06\/04\/mansur-yavas-kuvvetler-ayriligi-olmadigi-zaman-neler-yasandigini-hep-birlikte-goruyoruz\/","title":{"rendered":"Mansur Yava\u015f: Kuvvetler ayr\u0131l\u0131\u011f\u0131 olmad\u0131\u011f\u0131 zaman neler ya\u015fand\u0131\u011f\u0131n\u0131 hep birlikte g\u00f6r\u00fcyoruz"},"content":{"rendered":"<p>Ankara B\u00fcy\u00fck\u015fehir Belediye (ABB) Ba\u015fkan\u0131 Mansur Yava\u015f, Tayfun Tanju Kara E-Spor Merkezi\u2019nin a\u00e7\u0131l\u0131\u015f\u0131nda yapt\u0131\u011f\u0131 konu\u015fmada, &#8220;G\u00fc\u00e7lendirilmi\u015f Parlamenter Sistem bizim bu \u00fclkeye dair en b\u00fcy\u00fck s\u00f6zlerimizden biridir. Zira biz biliyoruz ki, adaletin olmad\u0131\u011f\u0131 bir yerde \u00f6zg\u00fcrl\u00fckten, \u00f6zg\u00fcrl\u00fc\u011f\u00fcn olmad\u0131\u011f\u0131 bir yerde de gen\u00e7lerin hayallerinden kelam edilemez.&#8221; dedi.<\/p>\n<p>ABB Ba\u015fkan\u0131 Mansur Yava\u015f, Tayfun Tanju Kara E-Spor Merkezi\u2019nin a\u00e7\u0131l\u0131\u015f\u0131n\u0131 ger\u00e7ekle\u015ftirdi. Yava\u015f\u2019a a\u00e7\u0131l\u0131\u015fta CHP Ankara \u0130l Ba\u015fkan\u0131 \u00dcmit Erkol, \u00c7ankaya Belediye Lideri H\u00fcseyin Can G\u00fcner, Ke\u00e7i\u00f6ren Belediye Ba\u015fkan\u0131 Mesut \u00d6zarslan ve bir\u00e7ok il\u00e7e belediye liderleri e\u015flik etti.<\/p>\n<p>Yava\u015f, belediye olarak f\u0131rsat e\u015fitli\u011fini her alanda sa\u011flamaya \u00e7al\u0131\u015ft\u0131klar\u0131n\u0131 ve gen\u00e7lerin hayallerini desteklemeye devam ettiklerini belirterek, \u015f\u00f6yle konu\u015ftu:<\/p>\n<p>-G\u00fcn\u00fcm\u00fcz\u00fcn en s\u00fcratli geli\u015fen alanlar\u0131ndan biri olan e-spor, art\u0131k yaln\u0131zca bir hobi de\u011fil, birebir vakitte bir meslek f\u0131rsat\u0131, bir spor k\u0131sm\u0131. \u0130\u015fte tam da bu y\u00fczden, gen\u00e7lerimizin e-spor d\u00fcnyas\u0131nda hak etti\u011fi yeri alabilmesi i\u00e7in E-Spor Merkezlerimizi hayata ge\u00e7irdik. Bu merkezlerde her gencimiz, en \u00fcst seviye oyun bilgisayarlar\u0131n\u0131 ve ekipmanlar\u0131n\u0131 b\u00fcsb\u00fct\u00fcn fiyats\u0131z olarak kullanabiliyor.<\/p>\n<p>-E-Spor turnuvalar\u0131na kat\u0131lmak isteyen gen\u00e7lerimize bilgisayar ve ekipman dayana\u011f\u0131 sunuyor, ferd\u00ee ve ekip idmanlar\u0131 i\u00e7in uygun alanlar sa\u011fl\u0131yoruz. Bununla da yetinmiyor, akademi gruplar\u0131 kurarak e\u011fitimler veriyor, yetenekli ve istekli gen\u00e7lerimizi profesyonel e-spor d\u00fcnyas\u0131na haz\u0131rl\u0131yoruz. Ve en k\u0131ymetlisi, t\u00fcm bu hizmetleri e\u015fit formda sunuyoruz. Zira biz, her gencimizin hayallerini ger\u00e7ekle\u015ftirme baht\u0131na sahip olmas\u0131n\u0131 istiyoruz. Bug\u00fcn, Ankara B\u00fcy\u00fck\u015fehir Belediyesi\u2019ne ili\u015fkin birinci e-spor merkezi \u00c7ubuk\u2019ta faaliyete ge\u00e7ti. \u015eu an Elvankent, Beypazar\u0131 ve Mamak\u2019ta da merkezlerimiz kullan\u0131ma a\u00e7\u0131k.<\/p>\n<p><b>&#8220;GEN\u00c7LER B\u0130R\u00c7OK ZORLUKLA U\u011eRA\u015e ED\u0130YOR&#8221;<\/b><\/p>\n<p>-Bug\u00fcn burada gen\u00e7lere y\u00f6nelik bir aktiflik merkezini hayata ge\u00e7iriyoruz madem; onlar\u0131n problemlerini konu\u015fmamak olmaz. Hepimizin ortak sorumlulu\u011fu, gen\u00e7lerimizin gelece\u011fe umutla bakmas\u0131n\u0131 sa\u011flamak. Lakin biliyorum ki, sizler bir\u00e7ok zorlukla u\u011fra\u015f ediyorsunuz. Ekonomik kasvetler, e\u011fitimde f\u0131rsat e\u015fitsizli\u011fi, i\u015f bulma tela\u015f\u0131, bar\u0131nma sorunu, toplumsal alanlar\u0131n yetersizli\u011fi\u2026 Bunlar\u0131n hepsi sizlerin hayat\u0131n\u0131 direkt etkiliyor.<\/p>\n<p>-\u00dcniversite \u00f6\u011frencileri i\u00e7in artan kira fiyatlar\u0131, yurt kapasitelerinin yetersizli\u011fi ve g\u00fcnl\u00fck hayat sarfiyatlar\u0131, gen\u00e7lerimizi ve ailelerini b\u00fcy\u00fck bir y\u00fck\u00fcn alt\u0131na sokuyor. Mezun olan evlatlar\u0131m\u0131z i\u015fsizlikle bo\u011fu\u015furken, \u00e7al\u0131\u015fan gen\u00e7lerimiz de d\u00fc\u015f\u00fck fiyatlar ve garantisiz \u00e7al\u0131\u015fma \u015fartlar\u0131yla kar\u015f\u0131 kar\u015f\u0131ya kal\u0131yor. Lakin biz, gen\u00e7lerimizin karamsarl\u0131\u011fa kap\u0131lmas\u0131na m\u00fcsaade vermeyece\u011fiz. Gen\u00e7lerin g\u00fczel e\u011fitim almas\u0131, kendini geli\u015ftirmesi ve hayata g\u00fc\u00e7l\u00fc bir ba\u015flang\u0131\u00e7 yapmas\u0131 i\u00e7in \u00fczerimize d\u00fc\u015feni yapmaya devam edece\u011fiz. Ankara\u2019da \u00f6\u011frenci dostu bir belediyecilik anlay\u0131\u015f\u0131yla hareket ediyor, e\u011fitiminiz ve toplumsal \u00f6mr\u00fcn\u00fcz\u00fc destekleyecek hizmetler sunuyoruz.<\/p>\n<p><b>&#8220;G\u00dc\u00c7LENEN B\u0130R T\u00dcRK\u0130YE BIRAKMAK \u0130\u00c7\u0130N \u00c7ALI\u015eIYORUZ&#8221;<\/b><\/p>\n<p>-Gen\u00e7lerin &#8216;g\u00fcvenli toplumsal alanlar\u0131&#8217; i\u00e7in Gen\u00e7 Akademiler a\u00e7t\u0131k; a\u00e7\u0131yoruz. Hatta yar\u0131n bu gen\u00e7 akademilere bir yenisini ekliyoruz ve Bah\u00e7elievler\u2019de be\u015finci gen\u00e7 akademimizi a\u00e7\u0131yoruz. \u00dcniversite \u00f6\u011frencilerimiz i\u00e7in K\u0131z\u0131lay, S\u0131hhiye ve Yenimahalle-Gazi Mahallesi\u2019ndeki Gen\u00e7lik Sofralar\u0131m\u0131z\u0131 a\u00e7t\u0131k. Burada 4 \u00e7e\u015fit s\u0131cak yemek vererek gen\u00e7lerimizin yan\u0131nda olmaya devam ediyoruz. Ramazan ay\u0131nda da &#8216;Gen\u00e7lik Sofralar\u0131&#8217; a\u00e7\u0131k olacak. \u0130ftar vaktinde 3 noktada, sahur vaktinde ise K\u0131z\u0131lay 100. Y\u0131l Gen\u00e7lik Sofras\u0131\u2019nda hizmet verilecektir.<\/p>\n<p>-T\u00fcrkiye\u2019nin en b\u00fcy\u00fck gen\u00e7lik meclisi olan Ba\u015f\u015fehir Gen\u00e7lik Meclisini kurduk ve binlerce gen\u00e7le birlikte bu kenti y\u00f6netiyoruz. Onlar kan\u0131lar\u0131n\u0131 \u00f6zg\u00fcrce tart\u0131\u015f\u0131yor. Biz de onlar\u0131n isteklerine kay\u0131ts\u0131z kalm\u0131yoruz. Bug\u00fcn burada sizlere daha uygun bir \u00fclke b\u0131rakmak istedi\u011fimizi s\u00f6yl\u00fcyoruz. Lakin bu yaln\u0131zca bir temenni de\u011fil; bizim i\u00e7in bir sorumluluk, sizin i\u00e7in ise bir hak. Biz, b\u00fcy\u00fckleriniz olarak; sizlerin hayalleriyle b\u00fcy\u00fcyen, sizin g\u00fcc\u00fcn\u00fczle g\u00fc\u00e7lenen bir T\u00fcrkiye b\u0131rakmak i\u00e7in \u00e7al\u0131\u015f\u0131yoruz. Bu ama\u00e7 do\u011frultusunda att\u0131\u011f\u0131m\u0131z ad\u0131mlar\u0131n ba\u015f\u0131nda, daha adil ve daha \u00f6zg\u00fcr bir T\u00fcrkiye\u2019yi in\u015fa etmek var.<\/p>\n<p>-G\u00fc\u00e7lendirilmi\u015f Parlamenter Sistem bizim bu \u00fclkeye dair en b\u00fcy\u00fck s\u00f6zlerimizden biridir. Zira biz biliyoruz ki, adaletin olmad\u0131\u011f\u0131 bir yerde \u00f6zg\u00fcrl\u00fckten, \u00f6zg\u00fcrl\u00fc\u011f\u00fcn olmad\u0131\u011f\u0131 bir yerde de gen\u00e7lerin hayallerinden kelam edilemez. Gen\u00e7ler i\u00e7in bir \u00fclke in\u015fa ederken, kuvvetler ayr\u0131l\u0131\u011f\u0131n\u0131 temel alan, demokrasiyi g\u00fc\u00e7lendiren bir idare modelini tekrar hayata ge\u00e7irece\u011fiz.<\/p>\n<p><b>&#8220;PARLAMENTER S\u0130STEM KES\u0130NL\u0130KLE OLMALI&#8221;<\/b><\/p>\n<p>-Herkesin e\u015fit oldu\u011fu, hukukun \u00fcst\u00fcnl\u00fc\u011f\u00fcn\u00fcn garanti alt\u0131na al\u0131nd\u0131\u011f\u0131 bir tertip herkesin hakk\u0131d\u0131r. Parlamenter sistem kesinlikle olmal\u0131 diyoruz. Kuvvetler ayr\u0131l\u0131\u011f\u0131, fren istikrar\u0131 olmad\u0131\u011f\u0131 vakit neler ya\u015fand\u0131\u011f\u0131n\u0131 daima birlikte g\u00f6r\u00fcyoruz. Hayata ge\u00e7irdi\u011fimiz bu yeni e-spor merkezimiz ba\u015fta gen\u00e7lerimiz olmak \u00fczere t\u00fcm Ankaral\u0131lara g\u00fczel u\u011furlu olsun.&#8221;<\/p>\n","protected":false},"excerpt":{"rendered":"<p>Yava\u015f, &#8220;Gen\u00e7ler i\u00e7in bir \u00fclke in\u015fa ederken, kuvvetler ayr\u0131l\u0131\u011f\u0131n\u0131 temel alan, demokrasiyi g\u00fc\u00e7lendiren bir idare modelini yine hayata ge\u00e7irece\u011fiz. Herkesin e\u015fit oldu\u011fu, hukukun \u00fcst\u00fcnl\u00fc\u011f\u00fcn\u00fcn garanti alt\u0131na al\u0131nd\u0131\u011f\u0131 bir nizam herkesin hakk\u0131d\u0131r&#8221;\u00a0diye konu\u015ftu.<\/p>\n","protected":false},"author":1,"featured_media":43469,"comment_status":"open","ping_status":"open","sticky":false,"template":"","format":"standard","meta":{"footnotes":""},"categories":[25],"tags":[40,6474,1424,1536,1559],"class_list":["post-43468","post","type-post","status-publish","format-standard","has-post-thumbnail","hentry","category-gundem","tag-belediye","tag-e-spor","tag-genc","tag-merkezi","tag-ozgur"],"_links":{"self":[{"href":"https:\/\/ikimisli.tr\/index.php\/wp-json\/wp\/v2\/posts\/43468","targetHints":{"allow":["GET"]}}],"collection":[{"href":"https:\/\/ikimisli.tr\/index.php\/wp-json\/wp\/v2\/posts"}],"about":[{"href":"https:\/\/ikimisli.tr\/index.php\/wp-json\/wp\/v2\/types\/post"}],"author":[{"embeddable":true,"href":"https:\/\/ikimisli.tr\/index.php\/wp-json\/wp\/v2\/users\/1"}],"replies":[{"embeddable":true,"href":"https:\/\/ikimisli.tr\/index.php\/wp-json\/wp\/v2\/comments?post=43468"}],"version-history":[{"count":1,"href":"https:\/\/ikimisli.tr\/index.php\/wp-json\/wp\/v2\/posts\/43468\/revisions"}],"predecessor-version":[{"id":43470,"href":"https:\/\/ikimisli.tr\/index.php\/wp-json\/wp\/v2\/posts\/43468\/revisions\/43470"}],"wp:featuredmedia":[{"embeddable":true,"href":"https:\/\/ikimisli.tr\/index.php\/wp-json\/wp\/v2\/media\/43469"}],"wp:attachment":[{"href":"https:\/\/ikimisli.tr\/index.php\/wp-json\/wp\/v2\/media?parent=43468"}],"wp:term":[{"taxonomy":"category","embeddable":true,"href":"https:\/\/ikimisli.tr\/index.php\/wp-json\/wp\/v2\/categories?post=43468"},{"taxonomy":"post_tag","embeddable":true,"href":"https:\/\/ikimisli.tr\/index.php\/wp-json\/wp\/v2\/tags?post=43468"}],"curies":[{"name":"wp","href":"https:\/\/api.w.org\/{rel}","templated":true}]}}