{"id":43492,"date":"2025-06-04T18:12:27","date_gmt":"2025-06-04T18:12:27","guid":{"rendered":"https:\/\/ikimisli.tr\/?p=43492"},"modified":"2025-06-04T18:12:27","modified_gmt":"2025-06-04T18:12:27","slug":"once-ege-sonra-mugla-sallandi","status":"publish","type":"post","link":"https:\/\/ikimisli.tr\/index.php\/2025\/06\/04\/once-ege-sonra-mugla-sallandi\/","title":{"rendered":"\u00d6nce Ege sonra Mu\u011fla salland\u0131"},"content":{"rendered":"<p>Ege Denizi&#8217;nde 3 b\u00fcy\u00fckl\u00fc\u011f\u00fcndeki zelzelenin akabinde Mu\u011fla da salland\u0131. Kandilli Rasathanesi sars\u0131nt\u0131n\u0131n b\u00fcy\u00fckl\u00fc\u011f\u00fcn\u00fc 3.4 olarak duyurdu.<\/p>\n<p>Saat 15.36&#8217;da meydana gelen zelzelenin derinli\u011fi ise 2.6 kilometre olarak \u00f6l\u00e7\u00fcld\u00fc.<\/p>\n<p>Depremin merkez \u00fcss\u00fc Mu\u011fla Karaca\u00f6ren.<\/p>\n","protected":false},"excerpt":{"rendered":"<p>Kandilli Rasathanesi, merkez \u00fcss\u00fc Mu\u011fla Karaca\u00f6ren olan 3.4 b\u00fcy\u00fckl\u00fc\u011f\u00fcnde zelzele meydana geldi\u011fini a\u00e7\u0131klad\u0131.<\/p>\n","protected":false},"author":1,"featured_media":43493,"comment_status":"open","ping_status":"open","sticky":false,"template":"","format":"standard","meta":{"footnotes":""},"categories":[25],"tags":[],"class_list":["post-43492","post","type-post","status-publish","format-standard","has-post-thumbnail","hentry","category-gundem"],"_links":{"self":[{"href":"https:\/\/ikimisli.tr\/index.php\/wp-json\/wp\/v2\/posts\/43492","targetHints":{"allow":["GET"]}}],"collection":[{"href":"https:\/\/ikimisli.tr\/index.php\/wp-json\/wp\/v2\/posts"}],"about":[{"href":"https:\/\/ikimisli.tr\/index.php\/wp-json\/wp\/v2\/types\/post"}],"author":[{"embeddable":true,"href":"https:\/\/ikimisli.tr\/index.php\/wp-json\/wp\/v2\/users\/1"}],"replies":[{"embeddable":true,"href":"https:\/\/ikimisli.tr\/index.php\/wp-json\/wp\/v2\/comments?post=43492"}],"version-history":[{"count":1,"href":"https:\/\/ikimisli.tr\/index.php\/wp-json\/wp\/v2\/posts\/43492\/revisions"}],"predecessor-version":[{"id":43494,"href":"https:\/\/ikimisli.tr\/index.php\/wp-json\/wp\/v2\/posts\/43492\/revisions\/43494"}],"wp:featuredmedia":[{"embeddable":true,"href":"https:\/\/ikimisli.tr\/index.php\/wp-json\/wp\/v2\/media\/43493"}],"wp:attachment":[{"href":"https:\/\/ikimisli.tr\/index.php\/wp-json\/wp\/v2\/media?parent=43492"}],"wp:term":[{"taxonomy":"category","embeddable":true,"href":"https:\/\/ikimisli.tr\/index.php\/wp-json\/wp\/v2\/categories?post=43492"},{"taxonomy":"post_tag","embeddable":true,"href":"https:\/\/ikimisli.tr\/index.php\/wp-json\/wp\/v2\/tags?post=43492"}],"curies":[{"name":"wp","href":"https:\/\/api.w.org\/{rel}","templated":true}]}}