{"id":43522,"date":"2025-06-04T20:24:28","date_gmt":"2025-06-04T20:24:28","guid":{"rendered":"https:\/\/ikimisli.tr\/?p=43522"},"modified":"2025-06-04T20:24:28","modified_gmt":"2025-06-04T20:24:28","slug":"iyi-parti-genel-baskani-izmirin-bana-sahip-cikmasini-talep-ediyorum","status":"publish","type":"post","link":"https:\/\/ikimisli.tr\/index.php\/2025\/06\/04\/iyi-parti-genel-baskani-izmirin-bana-sahip-cikmasini-talep-ediyorum\/","title":{"rendered":"\u0130Y\u0130 Parti Genel Ba\u015fkan\u0131: \u0130zmir\u2019in bana sahip \u00e7\u0131kmas\u0131n\u0131 talep ediyorum"},"content":{"rendered":"<p>\u0130Y\u0130 Parti Genel Lideri M\u00fcsavat Dervi\u015fo\u011flu, &#8220;Bu vakte kadar daima do\u011frular\u0131 konu\u015ftum. Bundan sonra konu\u015fmak de\u011fil; \u00e7\u00f6zmek, \u00fcretmek ve yapmak istiyorum. Bunun i\u00e7in deste\u011finize gereksinimim var. \u0130zmir&#8217;in bana sahip \u00e7\u0131kmas\u0131n\u0131 talep ediyorum&#8221; dedi.<\/p>\n<p>Dervi\u015fo\u011flu \u0130zmir programlar\u0131 kapsam\u0131nda Ege B\u00f6lgesi Sanayi Odas\u0131 (EBSO), \u0130zmir Esnaf ve Sanatkarlar Odalar\u0131 Birli\u011fi (\u0130ESOB) ile \u0130zmir Ticaret Odas\u0131&#8217;n\u0131 (\u0130ZTO) ziyaret etti. Esnaf ve Sanatkarlar Odas\u0131&#8217;nda esnaf\u0131 dinledikten sonra a\u00e7\u0131klamalarda bulunan Dervi\u015fo\u011flu, &#8220;Kent lokantas\u0131 sorunundan bahsediliyor fakat bunun tahlilini de esnaf s\u00f6yl\u00fcyor. Esnaf, &#8216;Rekabet edece\u011fimize i\u015f birli\u011fi yapal\u0131m&#8217; diyor. Bir belediye, halka elbette ucuz ekmek, yemek vermek isteyecektir. Bu belediye b\u00fct\u00e7esinden kar\u015f\u0131lan\u0131yor. O b\u00fct\u00e7eyle ve esnaf\u0131n \u00f6nerisi ile tahlil yaratma niyetiyle tart\u0131\u015f\u0131lsa bu sorunlar konu\u015fulmaz. Kelam veriyorum, bu mevzuyu ilgililere, ba\u011fl\u0131 bulunduklar\u0131 partinin siyasi parti liderlerine iletece\u011fim. Bu tahlil teklifiniz de in\u015fallah sorun olmaktan \u00e7\u0131kart\u0131l\u0131r. Esnafla anla\u015farak bu ucuz besin sa\u011flan\u0131r&#8221; dedi.<\/p>\n<p><b>&#8216;ESNAFIN KEDER\u0130 BEN\u0130M DERD\u0130M&#8217;<\/b><\/p>\n<p>Dervi\u015fo\u011flu &#8220;Art\u0131k esnaf\u0131n vekili olmay\u0131 b\u0131rakt\u0131m, esnaf\u0131n genel ba\u015fkan\u0131 olmaya talibim. Esnaf\u0131n kayg\u0131lar\u0131n\u0131n \u00e7\u00f6z\u00fclmesi ve lisanland\u0131r\u0131lmas\u0131 noktas\u0131nda sizlerle birlikte \u00e7al\u0131\u015fmaya devam edece\u011fimizin kelam\u0131n\u0131 veriyorum. Esnaf\u0131n kayg\u0131s\u0131 benim derdim. Yabanc\u0131n\u0131z de\u011filim, siyasetteki t\u00fcm do\u011frular\u0131m\u0131n men\u015fei sizsiniz. Sizin do\u011frular\u0131n\u0131zdan hareket ederek kendime siyasi yol haritas\u0131 belirledim&#8221; diye konu\u015ftu.<\/p>\n<p><b>&#8216;ANA, BABA L\u0130SANIMIZ \u0130ZM\u0130RCE&#8217;<\/b><\/p>\n<p>Esnaftan dayanak isteyen Dervi\u015fo\u011flu, &#8220;Sizin isminize konu\u015fmak i\u00e7in siyaset yapmay\u0131 s\u00fcrd\u00fcr\u00fcyorum. Bundan sonra da bu t\u00fcrl\u00fc devam edecek. Bu vakte kadar daima do\u011frular\u0131 konu\u015ftum. Bundan sonra konu\u015fmak de\u011fil; \u00e7\u00f6zmek, \u00fcretmek ve yapmak istiyorum. Bunun i\u00e7in deste\u011finize gereksinimim var. \u0130zmir&#8217;in bana sahip \u00e7\u0131kmas\u0131n\u0131 talep ediyorum. \u0130zmir&#8217;de bir tane genel lideriniz var. M\u00fcsavat sizin evlad\u0131n\u0131z, karde\u015finiz, ona sahip \u00e7\u0131kmak da sizin en b\u00fcy\u00fck misyonunuz. Bize g\u00fc\u00e7 verin, takviye olun. Bizim ana, baba lisan\u0131m\u0131z \u0130zmirce. \u0130zmir&#8217;in problemlerini, s\u0131k\u0131nt\u0131lar\u0131n\u0131 kucaklayarak \u00e7\u00f6zme iradesi sergileyecek olan da biziz. &#8216;Verin yetkiyi g\u00f6relim etkiyi&#8217; dediler ya. Bir defa bana verin yetkiyi, etkiyi g\u00f6r\u00fcn T\u00fcrkiye ne olacak&#8221; dedi<\/p>\n","protected":false},"excerpt":{"rendered":"<p>Dervi\u015fo\u011flu, &#8220;Bu vakte kadar daima do\u011frular\u0131 konu\u015ftum. Bundan sonra konu\u015fmak de\u011fil; \u00e7\u00f6zmek, \u00fcretmek ve yapmak istiyorum, bunun i\u00e7in deste\u011finize gereksinimim var&#8221; dedi.<\/p>\n","protected":false},"author":1,"featured_media":43523,"comment_status":"open","ping_status":"open","sticky":false,"template":"","format":"standard","meta":{"footnotes":""},"categories":[25],"tags":[1381,1684,478],"class_list":["post-43522","post","type-post","status-publish","format-standard","has-post-thumbnail","hentry","category-gundem","tag-dervisoglu","tag-esnaf","tag-izmir"],"_links":{"self":[{"href":"https:\/\/ikimisli.tr\/index.php\/wp-json\/wp\/v2\/posts\/43522","targetHints":{"allow":["GET"]}}],"collection":[{"href":"https:\/\/ikimisli.tr\/index.php\/wp-json\/wp\/v2\/posts"}],"about":[{"href":"https:\/\/ikimisli.tr\/index.php\/wp-json\/wp\/v2\/types\/post"}],"author":[{"embeddable":true,"href":"https:\/\/ikimisli.tr\/index.php\/wp-json\/wp\/v2\/users\/1"}],"replies":[{"embeddable":true,"href":"https:\/\/ikimisli.tr\/index.php\/wp-json\/wp\/v2\/comments?post=43522"}],"version-history":[{"count":1,"href":"https:\/\/ikimisli.tr\/index.php\/wp-json\/wp\/v2\/posts\/43522\/revisions"}],"predecessor-version":[{"id":43524,"href":"https:\/\/ikimisli.tr\/index.php\/wp-json\/wp\/v2\/posts\/43522\/revisions\/43524"}],"wp:featuredmedia":[{"embeddable":true,"href":"https:\/\/ikimisli.tr\/index.php\/wp-json\/wp\/v2\/media\/43523"}],"wp:attachment":[{"href":"https:\/\/ikimisli.tr\/index.php\/wp-json\/wp\/v2\/media?parent=43522"}],"wp:term":[{"taxonomy":"category","embeddable":true,"href":"https:\/\/ikimisli.tr\/index.php\/wp-json\/wp\/v2\/categories?post=43522"},{"taxonomy":"post_tag","embeddable":true,"href":"https:\/\/ikimisli.tr\/index.php\/wp-json\/wp\/v2\/tags?post=43522"}],"curies":[{"name":"wp","href":"https:\/\/api.w.org\/{rel}","templated":true}]}}