{"id":43585,"date":"2025-06-05T00:12:26","date_gmt":"2025-06-05T00:12:26","guid":{"rendered":"https:\/\/ikimisli.tr\/?p=43585"},"modified":"2025-06-05T00:12:26","modified_gmt":"2025-06-05T00:12:26","slug":"recep-ucar-tek-istegimiz-var-tertemiz-bir-lig-tertemiz-bir-futbol","status":"publish","type":"post","link":"https:\/\/ikimisli.tr\/index.php\/2025\/06\/05\/recep-ucar-tek-istegimiz-var-tertemiz-bir-lig-tertemiz-bir-futbol\/","title":{"rendered":"Recep U\u00e7ar: Tek iste\u011fimiz var, tertemiz bir lig, tertemiz bir futbol"},"content":{"rendered":"<p>Trendyol Muhte\u015fem Lig&#8217;in 25. haftas\u0131nda konuk oldu\u011fu Net K\u00fcresel Sivasspor ile 1-1 berabere kalan T\u00dcMOSAN Konyaspor&#8217;da teknik y\u00f6netici Recep U\u00e7ar, m\u00fcsabakan\u0131n akabinde d\u00fczenlenen bas\u0131n toplant\u0131s\u0131nda konu\u015ftu.<\/p>\n<p>Recep U\u00e7ar, S\u00fcper Lig&#8217;de hakem yan\u0131lg\u0131lar\u0131ndan \u00f6t\u00fcr\u00fc bu d\u00f6nem en fazla can\u0131 yanan kadrolardan biri olduklar\u0131n\u0131 savundu.<\/p>\n<p>Temiz bir lig arzulad\u0131klar\u0131n\u0131 belirten U\u00e7ar, \u015funlar\u0131 kaydetti:<\/p>\n<p>&#8220;\u0130nsani hakem yan\u0131lg\u0131s\u0131n\u0131n her t\u00fcrl\u00fcs\u00fcne kabul\u00fcz ve bunu da daima g\u00fczel g\u00f6rd\u00fck. Lakin o g\u00fcn ya\u015fad\u0131\u011f\u0131m\u0131z \u015feyler bir yan\u0131lg\u0131 de\u011fil. O g\u00fcn s\u00f6yledi\u011fim kelimeyi motamot s\u00f6yleyeyim, &#8216;Bir operasyon.&#8217; Bunu ben de\u011fil T\u00fcrkiye Futbol Federasyonu Ba\u015fkan\u0131 s\u00f6yl\u00fcyor. Bizim tek iste\u011fimiz var, tertemiz bir lig, tertemiz bir futbol. Sonucunda kim maksada ula\u015facaksa ula\u015fs\u0131n, kim ligden a\u015fa\u011f\u0131ya d\u00fc\u015fecekse d\u00fc\u015fs\u00fcn. Konyaspor toplulu\u011fu kimsenin operasyon \u00e7ekemeyece\u011fi kadar esasl\u0131 b\u00fcy\u00fck bir topluluktur.&#8221;<\/p>\n<p><b>&#8220;ADALETL\u0130 B\u0130R \u015eEK\u0130LDE BU L\u0130GDE VAR OLMAYA \u00c7ALI\u015eIYORUZ&#8221;<\/b><\/p>\n<p>Recep U\u00e7ar, ligdeki hakem yan\u0131lg\u0131lar\u0131na de\u011finerek, &#8220;Konyaspor olarak, g\u00fcc\u00fcm\u00fcz yetti\u011fince, oyuncular\u0131m elinden gelenin en uygununu yaparak, ter ak\u0131tarak adaletli bir \u015fekilde bu ligde var olmaya \u00e7al\u0131\u015f\u0131yoruz. \u0130nan\u0131n ligin bu k\u0131sm\u0131na kadar bizim ya\u015fad\u0131\u011f\u0131m\u0131z hakem yan\u0131lg\u0131lar\u0131n\u0131, ya\u015fad\u0131\u011f\u0131m\u0131z ruhsal problemleri \u00f6teki bir grup ya\u015fasayd\u0131 kolay kolay \u00fcstesinden gelemezdi.&#8221; s\u00f6zlerini kulland\u0131.<\/p>\n<p>U\u00e7ar, ligin 23. haftas\u0131nda Bellona Kayserispor ile oynad\u0131klar\u0131 m\u00fcsabakaya de\u011finerek, kelamlar\u0131n\u0131 \u015f\u00f6yle s\u00fcrd\u00fcrd\u00fc:<\/p>\n<p>&#8220;Kayserispor ma\u00e7\u0131 sonras\u0131nda bir serzeni\u015fim oldu. O serzeni\u015fimi uygun dinleyenler, &#8216;Operasyon \u00e7ekildi\u011fini d\u00fc\u015f\u00fcn\u00fcyorum.&#8217; demi\u015ftim. T\u00fcrkiye Futbol Federasyonu Liderimiz d\u00fcn ak\u015fam kat\u0131ld\u0131\u011f\u0131 bir canl\u0131 yay\u0131nda Kayserispor-Konyaspor ma\u00e7\u0131nda VAR odas\u0131nda operasyon \u00e7ekildi\u011fini teyit etti. Ben s\u00f6ylemiyorum, T\u00fcrkiye Futbol Federasyonu Ba\u015fkan\u0131 bunu teyit etti. Konyaspor esasl\u0131 bir topluluktur, hi\u00e7bir operasyon \u00e7ekilemeyecek kadar da b\u00fcy\u00fck bir topluluktur. Bununla ilgili kul\u00fcb\u00fcm\u00fcz\u00fcn yetkilileri zati gerekli m\u00fcracaatlar\u0131, m\u00fcracaatlar\u0131 yapacaklar.&#8221;<\/p>\n","protected":false},"excerpt":{"rendered":"<p>Konyaspor Teknik Y\u00f6neticisi Recep U\u00e7ar, Sivasspor ma\u00e7\u0131n\u0131n akabinde &#8220;Bizim tek iste\u011fimiz var, tertemiz bir lig, tertemiz bir futbol. Sonucunda kim gayeye ula\u015facaksa ula\u015fs\u0131n, kim ligden a\u015fa\u011f\u0131ya d\u00fc\u015fecekse d\u00fc\u015fs\u00fcn&#8221; tabirlerini kulland\u0131.<\/p>\n","protected":false},"author":1,"featured_media":43586,"comment_status":"open","ping_status":"open","sticky":false,"template":"","format":"standard","meta":{"footnotes":""},"categories":[30],"tags":[311,1967,484,779,4884],"class_list":["post-43585","post","type-post","status-publish","format-standard","has-post-thumbnail","hentry","category-spor","tag-hata","tag-konyaspor","tag-lig","tag-operasyon","tag-ucar"],"_links":{"self":[{"href":"https:\/\/ikimisli.tr\/index.php\/wp-json\/wp\/v2\/posts\/43585","targetHints":{"allow":["GET"]}}],"collection":[{"href":"https:\/\/ikimisli.tr\/index.php\/wp-json\/wp\/v2\/posts"}],"about":[{"href":"https:\/\/ikimisli.tr\/index.php\/wp-json\/wp\/v2\/types\/post"}],"author":[{"embeddable":true,"href":"https:\/\/ikimisli.tr\/index.php\/wp-json\/wp\/v2\/users\/1"}],"replies":[{"embeddable":true,"href":"https:\/\/ikimisli.tr\/index.php\/wp-json\/wp\/v2\/comments?post=43585"}],"version-history":[{"count":1,"href":"https:\/\/ikimisli.tr\/index.php\/wp-json\/wp\/v2\/posts\/43585\/revisions"}],"predecessor-version":[{"id":43587,"href":"https:\/\/ikimisli.tr\/index.php\/wp-json\/wp\/v2\/posts\/43585\/revisions\/43587"}],"wp:featuredmedia":[{"embeddable":true,"href":"https:\/\/ikimisli.tr\/index.php\/wp-json\/wp\/v2\/media\/43586"}],"wp:attachment":[{"href":"https:\/\/ikimisli.tr\/index.php\/wp-json\/wp\/v2\/media?parent=43585"}],"wp:term":[{"taxonomy":"category","embeddable":true,"href":"https:\/\/ikimisli.tr\/index.php\/wp-json\/wp\/v2\/categories?post=43585"},{"taxonomy":"post_tag","embeddable":true,"href":"https:\/\/ikimisli.tr\/index.php\/wp-json\/wp\/v2\/tags?post=43585"}],"curies":[{"name":"wp","href":"https:\/\/api.w.org\/{rel}","templated":true}]}}