{"id":43733,"date":"2025-06-05T08:24:30","date_gmt":"2025-06-05T08:24:30","guid":{"rendered":"https:\/\/ikimisli.tr\/?p=43733"},"modified":"2025-06-05T08:24:30","modified_gmt":"2025-06-05T08:24:30","slug":"devlet-hastanelerinde-muayene-olanlarin-odeyecegi-ucretler-degisti","status":"publish","type":"post","link":"https:\/\/ikimisli.tr\/index.php\/2025\/06\/05\/devlet-hastanelerinde-muayene-olanlarin-odeyecegi-ucretler-degisti\/","title":{"rendered":"Devlet hastanelerinde muayene olanlar\u0131n \u00f6deyece\u011fi \u00fccretler de\u011fi\u015fti"},"content":{"rendered":"<p>Sosyal G\u00fcvenlik Kurumu (SGK) taraf\u0131ndan Resmi Gazete&#8217;de yay\u0131mlanan bildiri ile muayene i\u015ftirak hissesi fiyatlar\u0131nda tekrar de\u011fi\u015fikli\u011fe gidildi.<\/p>\n<p>Ge\u00e7ti\u011fimiz ay ilan edilen d\u00fczenleme ile uzun y\u0131llard\u0131r sabit tutulan &#8216;kat\u0131l\u0131m pay\u0131&#8217; fiyatlar\u0131nda \u00f6nemli bir art\u0131\u015fa gidilmi\u015f, kelam konusu art\u0131\u015f\u0131n \u015fubat ve mart ay\u0131 enflasyonu i\u00e7in tesirli olaca\u011f\u0131 \u00f6ne s\u00fcr\u00fclm\u00fc\u015ft\u00fc. Yans\u0131lar\u0131n akabinde fiyat tablosunda de\u011fi\u015fikli\u011fe gidilirken, devlet ve vak\u0131f \u00fcniversitelerinde uygulanacak muayene s\u00fcre\u00e7leri 45 liradan 20 liraya d\u00fc\u015f\u00fcr\u00fcld\u00fc.\u00a0<\/p>\n<p>Yap\u0131lan de\u011fi\u015fikli\u011fe nazaran; Birinci basamak s\u0131hhat hizmeti sunucular\u0131nda yap\u0131lan tabip ve di\u015f tabibi muayenesinden i\u015ftirak hissesi al\u0131nmayacak.<\/p>\n<p><img decoding=\"async\" src=\"https:\/\/ikimisli.tr\/wp-content\/uploads\/2025\/06\/devlet-hastanelerinde-muayene-olanlarin-odeyecegi-ucretler-degisti-0-OigMZMCp.jpg\"\/><\/p>\n<p>\u0130kinci basamak resmi s\u0131hhat hizmeti sunucular\u0131nda 20 TL<\/p>\n<p>Sa\u011fl\u0131k Bakanl\u0131\u011f\u0131na ba\u011fl\u0131 e\u011fitim ve ara\u015ft\u0131rma hastaneleri ile bu hastanelere ba\u011fl\u0131 semt polikliniklerinde 20 TL<\/p>\n<p>Sa\u011fl\u0131k Bakanl\u0131\u011f\u0131nca \u00fc\u00e7\u00fcnc\u00fc basamak hastane olarak basamakland\u0131r\u0131lan S\u0131hhat Bakanl\u0131\u011f\u0131na ba\u011fl\u0131 hastanelerde \u00a020 TL<\/p>\n<p>\u00a0Di\u015f hekimli\u011fi fak\u00fclteleri bulunan Devlet\/vak\u0131f \u00fcniversite hastanelerinde 20 TL<\/p>\n<p>T\u0131p fak\u00fclteleri bulunan Devlet \u00fcniversiteleri s\u0131hhat uygulama ve ara\u015ft\u0131rma merkezlerinde 20\u00a0TL<\/p>\n<p>T\u0131p fak\u00fclteleri bulunan vak\u0131f \u00fcniversiteleri s\u0131hhat uygulama ve ara\u015ft\u0131rma merkezlerinde 20 TL<\/p>\n<p>\u00a0\u0130kinci ve \u00fc\u00e7\u00fcnc\u00fc basamak \u00f6zel s\u0131hhat hizmeti sunucular\u0131nda 50 TL katk\u0131 hissesi al\u0131nacak<\/p>\n<p><img decoding=\"async\" src=\"https:\/\/ikimisli.tr\/wp-content\/uploads\/2025\/06\/devlet-hastanelerinde-muayene-olanlarin-odeyecegi-ucretler-degisti-1-frTRp8Ts.jpg\"\/><\/p>\n<p><strong>A\u0130LE DOKTORU SEVKLER\u0130NDE Y\u00dcZDE 50 \u0130ND\u0130R\u0130M UYGULANACAK<\/strong><\/p>\n<p>Ayr\u0131ca Sa\u011fl\u0131k Bakanl\u0131\u011f\u0131 taraf\u0131ndan s\u00f6zle\u015fme imzalanm\u0131\u015f, g\u00f6revlendirilmi\u015f yahut yetkilendirilmi\u015f aile doktorlar\u0131ndan, s\u0131hhat hizmet sunucular\u0131na sevk edilerek yap\u0131lan doktor ve di\u015f doktoru muayenesi nedeniyle uygulanacak i\u015ftirak hissesi %50 oran\u0131nda azalt\u0131larak tahsil edilecek.<\/p>\n<p>Sa\u011fl\u0131kta basamaklar ortas\u0131 sevk zincirinin aktifli\u011fini art\u0131rmak \u00fczere t\u00fcm s\u0131hhat basamaklar\u0131n\u0131n birbirine entegrasyonu ve e\u015f g\u00fcd\u00fcm i\u00e7inde s\u0131hhat hizmeti sunulmas\u0131na y\u00f6nelik Sa\u011fl\u0131k Bakanl\u0131\u011f\u0131 taraf\u0131ndan y\u00fcr\u00fct\u00fclen \u00e7al\u0131\u015fmalar tamamlanana kadar; \u00f6zel s\u0131hhat hizmeti sunucular\u0131 hari\u00e7 olmak \u00fczere ikinci ve \u00fc\u00e7\u00fcnc\u00fc basamak s\u0131hhat hizmeti sunucular\u0131nda yap\u0131lan tabip ve di\u015f tabibi muayenesi nedeniyle uygulanacak i\u015ftirak hissesi, birinci basamaktan sevk edilmi\u015f \u00fczere kabul edilir ve %50 oran\u0131nda azalt\u0131larak tahsil edilecek.<\/p>\n<p>Bu Bildiri 15\u00a0Ocak 2025 tarihinden ge\u00e7erli olmak\u00a0\u00fczere \u00a0bu geceden itibaren y\u00fcr\u00fcrl\u00fc\u011fe girecek ve<\/p>\n<p>Tebli\u011f h\u00fck\u00fcmlerini Sosyal G\u00fcvenlik Kurumu Lideri y\u00fcr\u00fctecek.<\/p>\n","protected":false},"excerpt":{"rendered":"<p>Resmi Gazete&#8217;de yay\u0131mlanan bildirim ile s\u0131hhat hizmetlerinde uygulanacak i\u015ftirak hissesi fiyatlar\u0131nda de\u011fi\u015fikli\u011fe gidildi. Y\u0131llar sonra birinci defa ge\u00e7ti\u011fimiz ay de\u011fi\u015ftirilen fiyatlara y\u00f6nelik reaksiyonun akabinde kimi s\u0131hhat uygulamalar\u0131nda indirime gidildi.<\/p>\n","protected":false},"author":1,"featured_media":43734,"comment_status":"open","ping_status":"open","sticky":false,"template":"","format":"standard","meta":{"footnotes":""},"categories":[25],"tags":[3689,781,595,2456,150],"class_list":["post-43733","post","type-post","status-publish","format-standard","has-post-thumbnail","hentry","category-gundem","tag-basamak","tag-hastane","tag-hekim","tag-muayene","tag-saglik"],"_links":{"self":[{"href":"https:\/\/ikimisli.tr\/index.php\/wp-json\/wp\/v2\/posts\/43733","targetHints":{"allow":["GET"]}}],"collection":[{"href":"https:\/\/ikimisli.tr\/index.php\/wp-json\/wp\/v2\/posts"}],"about":[{"href":"https:\/\/ikimisli.tr\/index.php\/wp-json\/wp\/v2\/types\/post"}],"author":[{"embeddable":true,"href":"https:\/\/ikimisli.tr\/index.php\/wp-json\/wp\/v2\/users\/1"}],"replies":[{"embeddable":true,"href":"https:\/\/ikimisli.tr\/index.php\/wp-json\/wp\/v2\/comments?post=43733"}],"version-history":[{"count":1,"href":"https:\/\/ikimisli.tr\/index.php\/wp-json\/wp\/v2\/posts\/43733\/revisions"}],"predecessor-version":[{"id":43737,"href":"https:\/\/ikimisli.tr\/index.php\/wp-json\/wp\/v2\/posts\/43733\/revisions\/43737"}],"wp:featuredmedia":[{"embeddable":true,"href":"https:\/\/ikimisli.tr\/index.php\/wp-json\/wp\/v2\/media\/43734"}],"wp:attachment":[{"href":"https:\/\/ikimisli.tr\/index.php\/wp-json\/wp\/v2\/media?parent=43733"}],"wp:term":[{"taxonomy":"category","embeddable":true,"href":"https:\/\/ikimisli.tr\/index.php\/wp-json\/wp\/v2\/categories?post=43733"},{"taxonomy":"post_tag","embeddable":true,"href":"https:\/\/ikimisli.tr\/index.php\/wp-json\/wp\/v2\/tags?post=43733"}],"curies":[{"name":"wp","href":"https:\/\/api.w.org\/{rel}","templated":true}]}}