{"id":43781,"date":"2025-06-05T11:00:21","date_gmt":"2025-06-05T11:00:21","guid":{"rendered":"https:\/\/ikimisli.tr\/?p=43781"},"modified":"2025-06-05T11:00:21","modified_gmt":"2025-06-05T11:00:21","slug":"peruda-avmnin-catisi-coktu-8-kisi-oldu-80-kisi-yaralandi","status":"publish","type":"post","link":"https:\/\/ikimisli.tr\/index.php\/2025\/06\/05\/peruda-avmnin-catisi-coktu-8-kisi-oldu-80-kisi-yaralandi\/","title":{"rendered":"Peru&#8217;da AVM&#8217;nin \u00e7at\u0131s\u0131 \u00e7\u00f6kt\u00fc: 8 ki\u015fi \u00f6ld\u00fc, 80 ki\u015fi yaraland\u0131"},"content":{"rendered":"<p>\u0130\u00e7i\u015fleri Bakanl\u0131\u011f\u0131ndan yap\u0131lan a\u00e7\u0131klamada, \u00fclkenin 3. b\u00fcy\u00fck kenti Trujillo&#8217;daki al\u0131\u015fveri\u015f merkezinin \u00e7at\u0131s\u0131n\u0131n \u00e7\u00f6kt\u00fc\u011f\u00fc bildirildi.<\/p>\n<p>A\u00e7\u0131klamada, &#8220;Olayda 3\u2019\u00fc \u00e7ocuk olmak \u00fczere 8 ki\u015fi hayat\u0131n\u0131 kaybetti, 80 ki\u015fi yaraland\u0131. Mahsur kalan t\u00fcm \u015fah\u0131slar\u0131n kurtar\u0131lmas\u0131 i\u00e7in ba\u015fta itfaiye olmak \u00fczere t\u00fcm arama kurtarma gruplar\u0131 seferber oldu. Bu trajik olay\u0131n nedenlerini belirlemek \u00fczere inceleme ba\u015flatt\u0131k.&#8221; s\u00f6zlerine yer verildi.<\/p>\n<p>Acil Durum Operasyon Merkezinden (COER) yap\u0131lan a\u00e7\u0131klamada, \u00e7at\u0131n\u0131n bir k\u0131sm\u0131n\u0131n hala yerinde oldu\u011fu fakat \u00e7\u00f6kme riskinin devam etti\u011fi duyuruldu.<\/p>\n<p>\u00c7at\u0131n\u0131n, \u00e7ocuk c\u00fcmb\u00fc\u015f park\u0131 ve sinemalar\u0131n da bulundu\u011fu restoran\u0131n \u00fczerine d\u00fc\u015fmesi nedeniyle meyyit say\u0131s\u0131n\u0131n artmas\u0131ndan tasa ediliyor.<\/p>\n<p><b>&#8211; &#8220;Adeta saatli bir bomba oldu\u011funu tabir etmi\u015ftim&#8221;<\/b><\/p>\n<p>Kentin eski belediye ba\u015fkan\u0131 Arturo Fernandez, bas\u0131na yapt\u0131\u011f\u0131 a\u00e7\u0131klamada, Peru&#8217;nun en b\u00fcy\u00fck ikinci al\u0131\u015fveri\u015f merkezinin yap\u0131sal eksiklikler nedeniyle kapat\u0131lmas\u0131 i\u00e7in 29 Aral\u0131k 2023&#8217;te talimat verdi\u011fini belirtti.<\/p>\n<p>Fernandez, &#8220;Halka, Mall Plaza ya da Real Plaza&#8217;ya gitmemelerini daima s\u00f6yledim zira g\u00fcvenlik \u015fartlar\u0131 yetersizdi ve san\u0131r\u0131m vakit beni hakl\u0131 \u00e7\u0131kard\u0131. Bu al\u0131\u015fveri\u015f merkezinin risk ta\u015f\u0131d\u0131\u011f\u0131n\u0131 ve adeta saatli bir bomba oldu\u011funu tabir etmi\u015ftim.&#8221; dedi.<\/p>\n<p><img decoding=\"async\" src=\"https:\/\/ikimisli.tr\/wp-content\/uploads\/2025\/06\/peruda-avmnin-catisi-coktu-8-kisi-oldu-80-kisi-yaralandi-0-EbYuQsPs.webp\"\/><\/p>\n<p>Yerel bas\u0131nda yer alan haberlere nazaran, kapat\u0131lan al\u0131\u015fveri\u015f merkezi bir hafta sonra, 4 Ocak 2024\u2019te yine a\u00e7\u0131ld\u0131. Yetkililer, yap\u0131n\u0131n gerekli g\u00fcvenlik \u015fartlar\u0131n\u0131 sa\u011flad\u0131\u011f\u0131na dair raporlar vererek kapatma karar\u0131n\u0131n gereksiz oldu\u011funa h\u00fckmetti.<\/p>\n<p>Cumhuriyet Savc\u0131l\u0131\u011f\u0131ndan yap\u0131lan a\u00e7\u0131klamada, kazan\u0131n nedeninin belirlenmesi ve sorumlular\u0131n hesap vermesi i\u00e7in soru\u015fturma ba\u015flat\u0131ld\u0131\u011f\u0131 duyuruldu.<\/p>\n<p><b>&#8211; Devlet Ba\u015fkan\u0131 Boluarte: &#8220;Soru\u015fturma eksiksiz y\u00fcr\u00fct\u00fclmeli&#8221;<\/b><\/p>\n<p>Peru Devlet Ba\u015fkan\u0131 Dina Boluarte, al\u0131\u015fveri\u015f merkezinin \u00e7\u00f6kmesine sebep olan sorumlular\u0131n en a\u011f\u0131r formda cezaland\u0131r\u0131lmas\u0131 gerekti\u011fini vurgulad\u0131.<\/p>\n<p>Boluarte, &#8220;Soru\u015fturma eksiksiz y\u00fcr\u00fct\u00fclmeli ve sorumlular en a\u011f\u0131r formda cezaland\u0131r\u0131lmal\u0131. \u00d6mr\u00fcn\u00fc yitirenlerin ailelerine ba\u015fsa\u011fl\u0131\u011f\u0131 diliyorum.&#8221; s\u00f6zlerini kulland\u0131.<\/p>\n<p><b>&#8211; \u015eirketten a\u00e7\u0131klama<\/b><\/p>\n<p>Al\u0131\u015fveri\u015f merkezini i\u015fleten \u015firketten yap\u0131lan a\u00e7\u0131klamada binan\u0131n son teknik kontrollerden ge\u00e7ti\u011fi belirtilerek, hayat\u0131n\u0131 kaybedenlerin aileleri ile yaral\u0131lara dayanak olmaya odaklan\u0131ld\u0131\u011f\u0131 bildirildi.<\/p>\n<p>Real Plaza&#8217;n\u0131n operasyon m\u00fcd\u00fcr\u00fc Garlet Rodriguez, yerel medyaya yapt\u0131\u011f\u0131 a\u00e7\u0131klamada, al\u0131\u015fveri\u015f merkezinin Eyl\u00fcl 2023\u2019te kontrolden ge\u00e7ti\u011fini ve rastgele bir yap\u0131sal s\u0131k\u0131nt\u0131ya rastlanmad\u0131\u011f\u0131n\u0131 \u00f6ne s\u00fcrd\u00fc.<\/p>\n<p>Rodriguez, &#8220;Yetkililerle tam i\u015fbirli\u011fi i\u00e7indeyiz ve soru\u015fturma i\u00e7in t\u00fcm dok\u00fcmanlar\u0131 sa\u011fl\u0131yoruz. Gerekli t\u00fcm bilgileri tam bir \u015feffafl\u0131kla payla\u015faca\u011f\u0131z.&#8221; dedi.<\/p>\n","protected":false},"excerpt":{"rendered":"<p>G\u00fcney Amerika \u00fclkesi Peru&#8217;da al\u0131\u015fveri\u015f merkezinin \u00e7at\u0131s\u0131n\u0131n \u00e7\u00f6kmesi sonucu birinci belirlemelere nazaran 8 ki\u015fi hayat\u0131n\u0131 kaybetti, 80 ki\u015fi yaraland\u0131.<\/p>\n","protected":false},"author":1,"featured_media":43782,"comment_status":"open","ping_status":"open","sticky":false,"template":"","format":"standard","meta":{"footnotes":""},"categories":[43],"tags":[978],"class_list":["post-43781","post","type-post","status-publish","format-standard","has-post-thumbnail","hentry","category-dunya","tag-aciklamada"],"_links":{"self":[{"href":"https:\/\/ikimisli.tr\/index.php\/wp-json\/wp\/v2\/posts\/43781","targetHints":{"allow":["GET"]}}],"collection":[{"href":"https:\/\/ikimisli.tr\/index.php\/wp-json\/wp\/v2\/posts"}],"about":[{"href":"https:\/\/ikimisli.tr\/index.php\/wp-json\/wp\/v2\/types\/post"}],"author":[{"embeddable":true,"href":"https:\/\/ikimisli.tr\/index.php\/wp-json\/wp\/v2\/users\/1"}],"replies":[{"embeddable":true,"href":"https:\/\/ikimisli.tr\/index.php\/wp-json\/wp\/v2\/comments?post=43781"}],"version-history":[{"count":1,"href":"https:\/\/ikimisli.tr\/index.php\/wp-json\/wp\/v2\/posts\/43781\/revisions"}],"predecessor-version":[{"id":43784,"href":"https:\/\/ikimisli.tr\/index.php\/wp-json\/wp\/v2\/posts\/43781\/revisions\/43784"}],"wp:featuredmedia":[{"embeddable":true,"href":"https:\/\/ikimisli.tr\/index.php\/wp-json\/wp\/v2\/media\/43782"}],"wp:attachment":[{"href":"https:\/\/ikimisli.tr\/index.php\/wp-json\/wp\/v2\/media?parent=43781"}],"wp:term":[{"taxonomy":"category","embeddable":true,"href":"https:\/\/ikimisli.tr\/index.php\/wp-json\/wp\/v2\/categories?post=43781"},{"taxonomy":"post_tag","embeddable":true,"href":"https:\/\/ikimisli.tr\/index.php\/wp-json\/wp\/v2\/tags?post=43781"}],"curies":[{"name":"wp","href":"https:\/\/api.w.org\/{rel}","templated":true}]}}