{"id":43988,"date":"2025-06-08T02:36:16","date_gmt":"2025-06-08T02:36:16","guid":{"rendered":"https:\/\/ikimisli.tr\/?p=43988"},"modified":"2025-06-08T02:36:16","modified_gmt":"2025-06-08T02:36:16","slug":"9-ulkeden-yetkililer-canakkaleye-geldi-acil-mudahale-gerekiyor","status":"publish","type":"post","link":"https:\/\/ikimisli.tr\/index.php\/2025\/06\/08\/9-ulkeden-yetkililer-canakkaleye-geldi-acil-mudahale-gerekiyor\/","title":{"rendered":"9 \u00fclkeden yetkililer \u00c7anakkale&#8217;ye geldi: Acil m\u00fcdahale gerekiyor"},"content":{"rendered":"<p>D\u00fcnya genelinde hem ekonomik hem de ekolojik a\u00e7\u0131dan b\u00fcy\u00fck bir k\u0131ymete sahip olan Avrupa y\u0131lan bal\u0131\u011f\u0131 (Anguilla anguilla), jenerasyonu t\u00fckenme tehlikesiyle kar\u015f\u0131 kar\u015f\u0131ya! Son 45 y\u0131lda pop\u00fclasyonu \u00f6nemli manada azalan bu tipi korumak i\u00e7in 9 \u00fclke ortak hareket etti ve Birle\u015fmi\u015f Milletler (BM) Besin ve Tar\u0131m \u00d6rg\u00fct\u00fc (FAO) taraf\u0131ndan ba\u015flat\u0131lan proje tamamland\u0131.<\/p>\n<p><img decoding=\"async\" src=\"https:\/\/ikimisli.tr\/wp-content\/uploads\/2025\/06\/9-ulkeden-yetkililer-canakkaleye-geldi-acil-mudahale-gerekiyor-0-PDEMkjwT.jpg\"\/><\/p>\n<p><b>B\u0130RER B\u0130RER YOK OLUYORLAR<\/b><\/p>\n<p>\u00c7anakkale Onsekiz Mart \u00dcniversitesi\u2019nden (\u00c7OM\u00dc) Prof. Dr. \u015e\u00fckran Yal\u00e7\u0131n \u00d6zdilek, Atlantik Okyanusu\u2019ndan Kuzey Denizi\u2019ne gelen yavru y\u0131lan bal\u0131klar\u0131n\u0131n say\u0131s\u0131n\u0131n 1960-1979 y\u0131llar\u0131na k\u0131yasla y\u00fczde 0,5\u2019e kadar d\u00fc\u015ft\u00fc\u011f\u00fcn\u00fc belirtti. Akdeniz \u00fclkelerine ula\u015fan yavru bal\u0131klar\u0131n say\u0131s\u0131 da y\u00fczde 7,4\u2019e kadar gerilemi\u015f durumda. Bu da tatl\u0131 sulara gelen yavru y\u0131lan bal\u0131klar\u0131nda y\u00fczde 90\u2019dan fazla bir azalma ya\u015fand\u0131\u011f\u0131n\u0131 g\u00f6steriyor.<\/p>\n<p><img decoding=\"async\" src=\"https:\/\/ikimisli.tr\/wp-content\/uploads\/2025\/06\/9-ulkeden-yetkililer-canakkaleye-geldi-acil-mudahale-gerekiyor-1-ACVfby2B.jpg\"\/><\/p>\n<p><b>L\u00dcKS RESTORANLARIN G\u00d6ZDES\u0130<\/b><\/p>\n<p>Avrupa y\u0131lan bal\u0131\u011f\u0131, bilhassa Omega-3 a\u00e7\u0131s\u0131ndan varl\u0131kl\u0131 eti nedeniyle Avrupa ve Uzak Do\u011fu\u2019da en \u00e7ok t\u00fcketilen bal\u0131klardan biri. Japon mutfa\u011f\u0131nda &#8220;Unagi&#8221; olarak bilinen bu bal\u0131k, l\u00fcks restoranlarda y\u00fcksek fiyatlara sat\u0131l\u0131yor. Lakin \u00e7ok avlanma ve \u00e7evresel fakt\u00f6rler, pop\u00fclasyonun s\u00fcratle d\u00fc\u015fmesine yol a\u00e7t\u0131.<\/p>\n<p><img decoding=\"async\" src=\"https:\/\/ikimisli.tr\/wp-content\/uploads\/2025\/06\/9-ulkeden-yetkililer-canakkaleye-geldi-acil-mudahale-gerekiyor-2-YkUCqJxW.jpg\"\/><\/p>\n<p><b>TEK BA\u015eINA \u00c7ABA YETMEZ<\/b><\/p>\n<p>Sadece T\u00fcrkiye\u2019de de\u011fil, t\u00fcm Akdeniz ve Avrupa\u2019da ekonomik pahas\u0131 epey y\u00fcksek olan bu bal\u0131\u011f\u0131n korunmas\u0131 i\u00e7in uluslararas\u0131 i\u015f birli\u011fi gerekiyor. Prof. Dr. \u00d6zdilek, \u201cT\u00fcrkiye tek ba\u015f\u0131na ne kadar \u00f6nlem al\u0131rsa als\u0131n bu k\u00e2fi olmaz. Zira bu \u00e7e\u015fidin yaln\u0131zca tek bir \u00fcreme stoku var. M\u00fcdafaa \u00f6nlemlerinin t\u00fcm \u00fclkelerde e\u015f vakitli ve uyumlu bi\u00e7imde uygulanmas\u0131 gerekiyor\u201d dedi.<\/p>\n<p><img decoding=\"async\" src=\"https:\/\/ikimisli.tr\/wp-content\/uploads\/2025\/06\/9-ulkeden-yetkililer-canakkaleye-geldi-acil-mudahale-gerekiyor-3-MBJ6JOOt.jpg\"\/><\/p>\n<p>Bilim insanlar\u0131, Avrupa y\u0131lan bal\u0131\u011f\u0131n\u0131 korumak i\u00e7in global \u00e7apta tedbirler al\u0131nmas\u0131 gerekti\u011fini vurguluyor. Aksi halde bu \u00e7e\u015fit, birka\u00e7 on y\u0131l i\u00e7inde b\u00fcsb\u00fct\u00fcn yok olma tehlikesiyle kar\u015f\u0131 kar\u015f\u0131ya kalabilir.<\/p>\n","protected":false},"excerpt":{"rendered":"<p>Denizlerin gizemli yolcusu Avrupa y\u0131lan bal\u0131\u011f\u0131 (Anguilla anguilla), s\u00fcratle yok olma tehlikesiyle kar\u015f\u0131 kar\u015f\u0131ya! L\u00fcks restoranlar\u0131n g\u00f6zdesi olan bu cinsin pop\u00fclasyonu son 45 y\u0131lda %90 oran\u0131nda azald\u0131 ve bilim insanlar\u0131 acil tedbir al\u0131nmazsa yak\u0131n gelecekte b\u00fcsb\u00fct\u00fcn yok olabilece\u011fini s\u00f6yl\u00fcyor.<\/p>\n","protected":false},"author":1,"featured_media":43989,"comment_status":"open","ping_status":"open","sticky":false,"template":"","format":"standard","meta":{"footnotes":""},"categories":[25],"tags":[435,1908],"class_list":["post-43988","post","type-post","status-publish","format-standard","has-post-thumbnail","hentry","category-gundem","tag-avrupa","tag-yilan"],"_links":{"self":[{"href":"https:\/\/ikimisli.tr\/index.php\/wp-json\/wp\/v2\/posts\/43988","targetHints":{"allow":["GET"]}}],"collection":[{"href":"https:\/\/ikimisli.tr\/index.php\/wp-json\/wp\/v2\/posts"}],"about":[{"href":"https:\/\/ikimisli.tr\/index.php\/wp-json\/wp\/v2\/types\/post"}],"author":[{"embeddable":true,"href":"https:\/\/ikimisli.tr\/index.php\/wp-json\/wp\/v2\/users\/1"}],"replies":[{"embeddable":true,"href":"https:\/\/ikimisli.tr\/index.php\/wp-json\/wp\/v2\/comments?post=43988"}],"version-history":[{"count":1,"href":"https:\/\/ikimisli.tr\/index.php\/wp-json\/wp\/v2\/posts\/43988\/revisions"}],"predecessor-version":[{"id":43994,"href":"https:\/\/ikimisli.tr\/index.php\/wp-json\/wp\/v2\/posts\/43988\/revisions\/43994"}],"wp:featuredmedia":[{"embeddable":true,"href":"https:\/\/ikimisli.tr\/index.php\/wp-json\/wp\/v2\/media\/43989"}],"wp:attachment":[{"href":"https:\/\/ikimisli.tr\/index.php\/wp-json\/wp\/v2\/media?parent=43988"}],"wp:term":[{"taxonomy":"category","embeddable":true,"href":"https:\/\/ikimisli.tr\/index.php\/wp-json\/wp\/v2\/categories?post=43988"},{"taxonomy":"post_tag","embeddable":true,"href":"https:\/\/ikimisli.tr\/index.php\/wp-json\/wp\/v2\/tags?post=43988"}],"curies":[{"name":"wp","href":"https:\/\/api.w.org\/{rel}","templated":true}]}}