{"id":44001,"date":"2025-06-08T03:12:33","date_gmt":"2025-06-08T03:12:33","guid":{"rendered":"https:\/\/ikimisli.tr\/?p=44001"},"modified":"2025-06-08T03:12:33","modified_gmt":"2025-06-08T03:12:33","slug":"istanbulda-24-subat-pazartesi-okullar-tatil-mi-herkes-bu-geceye-hazir-olsun-3-derece-birden","status":"publish","type":"post","link":"https:\/\/ikimisli.tr\/index.php\/2025\/06\/08\/istanbulda-24-subat-pazartesi-okullar-tatil-mi-herkes-bu-geceye-hazir-olsun-3-derece-birden\/","title":{"rendered":"\u0130stanbul&#8217;da 24 \u015eubat Pazartesi okullar tatil mi? Herkes bu geceye haz\u0131r olsun, 3 derece birden&#8230;"},"content":{"rendered":"<p>G\u00fcnlerdir devam eden kar ya\u011f\u0131\u015f\u0131 ba\u015fta \u0130stanbul olmak \u00fczere pek \u00e7ok kenti de tesiri alt\u0131na ald\u0131. A\u011f\u0131r kar ya\u011f\u0131\u015f\u0131 ve dondurucu havadan \u00f6t\u00fcr\u00fc okullar da tatil olmu\u015ftu. G\u00f6zler bu kere 24 \u015eubat Pazartesi g\u00fcn\u00fcne d\u00f6nd\u00fc. Kar ya\u011f\u0131\u015f\u0131yla bir arada okullar\u0131n da tatil edilip edilmeyece\u011fi merak konusu oldu. \u0130\u015fte hava duruma son bilgiler&#8230;<\/p>\n<p><b>24 \u015eUBAT PAZARTES\u0130 OKULLAR TAT\u0130L M\u0130?<\/b><\/p>\n<p>Meteoroloji&#8217;nin aktard\u0131\u011f\u0131 datalara nazaran, 23 \u015eubat 2025 Pazar g\u00fcn\u00fc T\u00fcrkiye&#8217;nin kuzey, i\u00e7 ve do\u011fu kesitlerinde hava mod\u00fcll\u00fc bulutlu olacak. Marmara&#8217;n\u0131n do\u011fusu kar ya\u011f\u0131\u015fl\u0131, \u0130\u00e7 Anadolu&#8217;nun kuzey k\u0131sm\u0131, Do\u011fu Anadolu&#8217;nun kuzey ve do\u011fusu, K\u0131rklareli, Aksaray, Kayseri, Siirt, Nev\u015fehir&#8217;de t\u0131pk\u0131 halde kar ya\u011f\u0131\u015f\u0131 devam edecek ve birtak\u0131m b\u00f6lgeler az bulutlu olacak.<\/p>\n<p><img decoding=\"async\" src=\"https:\/\/ikimisli.tr\/wp-content\/uploads\/2025\/06\/istanbulda-24-subat-pazartesi-okullar-tatil-mi-herkes-bu-geceye-hazir-olsun-3-derece-ZQaIanlD.jpg\"\/><\/p>\n<p><b>\u0130STANBUL&#8217;DA KAR DEVAM EDECEK M\u0130?<\/b><\/p>\n<p>34 vilayette Per\u015fembe ve Cuma g\u00fcnleri, a\u011f\u0131r kar ya\u011f\u0131\u015f\u0131ndan \u00f6t\u00fcr\u00fc okullar tatil edilmi\u015fti. G\u00f6zler ise 24 \u015eubat Pazartesi g\u00fcn\u00fcne d\u00f6nd\u00fc. Cumartesi g\u00fcn\u00fc tesirini a\u011f\u0131r olarak g\u00f6steren kar ya\u011f\u0131\u015f\u0131 Pazar g\u00fcn\u00fc pek \u00e7ok vilayette don olaylar\u0131na neden oldu. \u0130stanbul&#8217;da da yer yer kar ya\u011f\u0131\u015flar\u0131 devam ediyor. Pekala \u00f6\u011frenciler yeni haftaya nas\u0131l girecek? Pazartesi g\u00fcn\u00fc okul tatil olacak m\u0131? bu sorular da s\u0131k\u00e7a sorulmaya ba\u015fland\u0131.<\/p>\n<p><img decoding=\"async\" src=\"https:\/\/ikimisli.tr\/wp-content\/uploads\/2025\/06\/istanbulda-24-subat-pazartesi-okullar-tatil-mi-herkes-bu-geceye-hazir-olsun-3-derece-582bX41J.png\"\/><\/p>\n<p><b>HEN\u00dcZ A\u00c7IKLAMA YOK<\/b><\/p>\n<p>\u0130stanbul Valili\u011fi&#8217;nden ise\u00a0 \u015fimdi bu bahse dair bir a\u00e7\u0131klama gelmedi. Ama, Vali Davut G\u00fcl, ge\u00e7en g\u00fcnlerde okullar\u0131n tatil olmas\u0131na dair \u015fu a\u00e7\u0131klamay\u0131 yapm\u0131\u015ft\u0131:<\/p>\n<p>&#8220;Meteoroloji iddialar\u0131na bakt\u0131\u011f\u0131m\u0131z kadar\u0131yla pazartesi hava ho\u015f. \u0130n\u015fallah pazartesi g\u00fcn\u00fcnden ba\u015flayarak okulun art\u0131k tad\u0131n\u0131 \u00e7\u0131kartaca\u011f\u0131z&#8221;\u00a0<\/p>\n<p><b>HAFTA BOYUNCA MOD\u00dcLL\u00dc BULUTLU OLACAK<\/b><\/p>\n<p>24 \u015eubat Pazartesi g\u00fcn\u00fc \u0130stanbul&#8217;da kar ya\u011f\u0131\u015f\u0131n\u0131n yerini mod\u00fcll\u00fc bulutlu bir hava alacak. Bu durum hafta boyunca devam edecek. Kestirimlere nazaran 23 \u015eubat gecesi ise dondurucu bir hava bekleniyor.\u00a0<\/p>\n<p>\u00a0<\/p>\n<p>\u00a0<\/p>\n","protected":false},"excerpt":{"rendered":"<p>\u0130stanbul&#8217;da Pazartesi g\u00fcn\u00fc okul tatil mi? Hangi vilayetlerde kar ya\u011facak, okullar var m\u0131? \u00fczere sorular s\u0131kl\u0131kla merak edilmeye ba\u015fland\u0131. Meteoroloji&#8217;den 24 \u015eubat 2025 Pazartesi g\u00fcn\u00fcne dair hava durumu datalar\u0131 yay\u0131nland\u0131. Gece dondurucu so\u011fu\u011fa haz\u0131rlan\u0131n!<\/p>\n","protected":false},"author":1,"featured_media":44002,"comment_status":"open","ping_status":"open","sticky":false,"template":"","format":"standard","meta":{"footnotes":""},"categories":[25],"tags":[161,281,1455,3955,2664],"class_list":["post-44001","post","type-post","status-publish","format-standard","has-post-thumbnail","hentry","category-gundem","tag-hava","tag-kar-yagisi","tag-okullar","tag-subat","tag-tatil"],"_links":{"self":[{"href":"https:\/\/ikimisli.tr\/index.php\/wp-json\/wp\/v2\/posts\/44001","targetHints":{"allow":["GET"]}}],"collection":[{"href":"https:\/\/ikimisli.tr\/index.php\/wp-json\/wp\/v2\/posts"}],"about":[{"href":"https:\/\/ikimisli.tr\/index.php\/wp-json\/wp\/v2\/types\/post"}],"author":[{"embeddable":true,"href":"https:\/\/ikimisli.tr\/index.php\/wp-json\/wp\/v2\/users\/1"}],"replies":[{"embeddable":true,"href":"https:\/\/ikimisli.tr\/index.php\/wp-json\/wp\/v2\/comments?post=44001"}],"version-history":[{"count":1,"href":"https:\/\/ikimisli.tr\/index.php\/wp-json\/wp\/v2\/posts\/44001\/revisions"}],"predecessor-version":[{"id":44005,"href":"https:\/\/ikimisli.tr\/index.php\/wp-json\/wp\/v2\/posts\/44001\/revisions\/44005"}],"wp:featuredmedia":[{"embeddable":true,"href":"https:\/\/ikimisli.tr\/index.php\/wp-json\/wp\/v2\/media\/44002"}],"wp:attachment":[{"href":"https:\/\/ikimisli.tr\/index.php\/wp-json\/wp\/v2\/media?parent=44001"}],"wp:term":[{"taxonomy":"category","embeddable":true,"href":"https:\/\/ikimisli.tr\/index.php\/wp-json\/wp\/v2\/categories?post=44001"},{"taxonomy":"post_tag","embeddable":true,"href":"https:\/\/ikimisli.tr\/index.php\/wp-json\/wp\/v2\/tags?post=44001"}],"curies":[{"name":"wp","href":"https:\/\/api.w.org\/{rel}","templated":true}]}}