{"id":44062,"date":"2025-06-08T06:48:06","date_gmt":"2025-06-08T06:48:06","guid":{"rendered":"https:\/\/ikimisli.tr\/?p=44062"},"modified":"2025-06-08T06:48:06","modified_gmt":"2025-06-08T06:48:06","slug":"sabancinin-torununa-soruldu-bir-sey-alirken-fiyatina-bakiyor-musun","status":"publish","type":"post","link":"https:\/\/ikimisli.tr\/index.php\/2025\/06\/08\/sabancinin-torununa-soruldu-bir-sey-alirken-fiyatina-bakiyor-musun\/","title":{"rendered":"Sabanc\u0131&#8217;n\u0131n torununa soruldu: &#8216;Bir \u015fey al\u0131rken fiyat\u0131na bak\u0131yor musun?&#8217;"},"content":{"rendered":"<p>M\u00fczikle ilgilinen DJ Faruk Sabanc\u0131, ge\u00e7ti\u011fimiz g\u00fcn Saba T\u00fcmer&#8217;in program\u0131na konuk oldu.\u00a0<\/p>\n<p>T\u00fcmer,Sabanc\u0131&#8217;ya &#8220;Bir \u015feyi al\u0131rken fiyat\u0131na bak\u0131yor musun?&#8221; diye sordu.<\/p>\n<p><b>&#8220;B\u0130R \u015eEY ALIRKEN F\u0130YATINA BAKARIM&#8221;<\/b><\/p>\n<p>Sabanc\u0131 &#8220;Bir \u015fey al\u0131rken nat\u00fcrel ki fiyat\u0131na bakar\u0131m. Vakit i\u00e7erisinde nereden nereye geldi\u011fini merak ederim. \u0130mk\u00e2n sahibi olmak \u00f6teki bir \u015fey, imkanla makus bir ilgi i\u00e7erisinde bulunmak di\u011fer bir \u015fey&#8230; \u0130nsan\u0131n maddiyatla da sa\u011fl\u0131kl\u0131 ilgi kurmas\u0131 gerekiyor. Bir \u015feyin fiyat etiketine bakmamak birini umursamaz yap\u0131yor&#8221; diyerek cevap verdi.<\/p>\n<p><b>NASIL DJ OLDU\u011eUNU ANLATTI<\/b><\/p>\n<p>Sabanc\u0131, DJ olmaya nas\u0131l karar verdi\u011fini de anlatt\u0131:\u00a0<\/p>\n<p>&#8220;Ben ilkokul y\u0131llar\u0131mda plak toplamaya ba\u015flad\u0131m. O y\u0131llarda tam olarak ne yapt\u0131\u011f\u0131m\u0131 bilmiyorum fakat m\u00fczik ar\u015fivlemek, m\u00fczikten m\u00fczi\u011fe ge\u00e7i\u015f yapmak. \u00c7ocukluktan bir merak\u0131m oldu. Asl\u0131nda dinleyiciler hobimi i\u015fe \u00e7evirdi. M\u00fczik kula\u011f\u0131m\u0131n ke\u015ffedilmesi diye bir durum olu\u015ftu. Benim elektronik m\u00fczik \u00fcretiyor olmam ilgi cazibeli bir husus. Vakit zaman dezenformasyonlar oluyor.&#8221;<\/p>\n","protected":false},"excerpt":{"rendered":"<p>Sabanc\u0131 ailesinin d\u00f6rd\u00fcnc\u00fc jenerasyon \u00fcyesi olan Faruk Sabanc\u0131 &#8216;maddi konular&#8217; hakk\u0131nda konu\u015ftu.<\/p>\n","protected":false},"author":1,"featured_media":44063,"comment_status":"open","ping_status":"open","sticky":false,"template":"","format":"standard","meta":{"footnotes":""},"categories":[27],"tags":[3183,6521],"class_list":["post-44062","post","type-post","status-publish","format-standard","has-post-thumbnail","hentry","category-magazin","tag-muzik","tag-saba"],"_links":{"self":[{"href":"https:\/\/ikimisli.tr\/index.php\/wp-json\/wp\/v2\/posts\/44062","targetHints":{"allow":["GET"]}}],"collection":[{"href":"https:\/\/ikimisli.tr\/index.php\/wp-json\/wp\/v2\/posts"}],"about":[{"href":"https:\/\/ikimisli.tr\/index.php\/wp-json\/wp\/v2\/types\/post"}],"author":[{"embeddable":true,"href":"https:\/\/ikimisli.tr\/index.php\/wp-json\/wp\/v2\/users\/1"}],"replies":[{"embeddable":true,"href":"https:\/\/ikimisli.tr\/index.php\/wp-json\/wp\/v2\/comments?post=44062"}],"version-history":[{"count":1,"href":"https:\/\/ikimisli.tr\/index.php\/wp-json\/wp\/v2\/posts\/44062\/revisions"}],"predecessor-version":[{"id":44064,"href":"https:\/\/ikimisli.tr\/index.php\/wp-json\/wp\/v2\/posts\/44062\/revisions\/44064"}],"wp:featuredmedia":[{"embeddable":true,"href":"https:\/\/ikimisli.tr\/index.php\/wp-json\/wp\/v2\/media\/44063"}],"wp:attachment":[{"href":"https:\/\/ikimisli.tr\/index.php\/wp-json\/wp\/v2\/media?parent=44062"}],"wp:term":[{"taxonomy":"category","embeddable":true,"href":"https:\/\/ikimisli.tr\/index.php\/wp-json\/wp\/v2\/categories?post=44062"},{"taxonomy":"post_tag","embeddable":true,"href":"https:\/\/ikimisli.tr\/index.php\/wp-json\/wp\/v2\/tags?post=44062"}],"curies":[{"name":"wp","href":"https:\/\/api.w.org\/{rel}","templated":true}]}}