{"id":44176,"date":"2025-06-08T14:48:07","date_gmt":"2025-06-08T14:48:07","guid":{"rendered":"https:\/\/ikimisli.tr\/?p=44176"},"modified":"2025-06-08T14:48:07","modified_gmt":"2025-06-08T14:48:07","slug":"binlerce-kisiye-bir-kereye-mahsus-8-668-tl-verilecek-nakit-destek-firsati-ilac-olacak","status":"publish","type":"post","link":"https:\/\/ikimisli.tr\/index.php\/2025\/06\/08\/binlerce-kisiye-bir-kereye-mahsus-8-668-tl-verilecek-nakit-destek-firsati-ilac-olacak\/","title":{"rendered":"Binlerce ki\u015fiye bir kereye mahsus 8.668 TL verilecek! Nakit destek f\u0131rsat\u0131 ila\u00e7 olacak"},"content":{"rendered":"<p>Sosyal Yard\u0131m ve istihdam irtibat\u0131n\u0131 g\u00fc\u00e7lendirmeye dair bir\u00e7ok uygulama hayata ge\u00e7irilmeye devam ediyor. \u0130\u015fsizlere devlet takviyesinin ayr\u0131nt\u0131lar\u0131 netle\u015fti. Hesaplara tam 8.668 lira para yatacak. \u0130\u015fe y\u00f6nlendirme yard\u0131m\u0131 resmen ila\u00e7 olacak. Bu \u00e7er\u00e7evede \u00e7al\u0131\u015fabilir durumdaki toplumsal yard\u0131m yararlan\u0131c\u0131lar\u0131n\u0131n \u0130\u015eKUR\u2019a y\u00f6nlendirilmesi ve istihdamlar\u0131n\u0131n te\u015fvik edilecek.<\/p>\n<p><img decoding=\"async\" src=\"https:\/\/ikimisli.tr\/wp-content\/uploads\/2025\/06\/binlerce-kisiye-bir-kereye-mahsus-8668-tl-verilecek-nakit-destek-firsati-ilac-olacak-0-x9jnHeeC.jpg\"\/><\/p>\n<p><b>\u0130\u015eE BA\u015eLAMA YARDIMI NAK\u0130T TAKV\u0130YE OLACAK<\/b><\/p>\n<p>Y\u00fcksek enflasyon kar\u015f\u0131s\u0131nda vatanda\u015flar ekonomik zorluk ya\u015f\u0131yor. Aile ve Sosyal Hizmetler Bakanl\u0131\u011f\u0131, i\u015fsiz kalan bireyler i\u00e7in \u00e7e\u015fitli nakit takviye program\u0131 i\u00e7in harekete ge\u00e7ti.<\/p>\n<p>Sosyal yard\u0131m yararlan\u0131c\u0131lar\u0131 \u0130\u015eKUR taraf\u0131ndan i\u015fe y\u00f6nlendirilmeleri durumunda ki\u015finin i\u015f g\u00f6r\u00fc\u015fmesine gitmesi ve i\u015f m\u00fcracaat, kabul kademesindeki masraflar\u0131 i\u00e7in ayda bir, y\u0131l i\u00e7erisinde azami 3 sefer olmak \u00fczere net taban fiyat\u0131n y\u00fczde 10\u2019una kadar i\u015fe y\u00f6nlendirme yard\u0131m\u0131 verilecek. 2025 y\u0131l\u0131 i\u00e7in bu mebla\u011f 8.668 lira olarak belirlendi.<\/p>\n<p><b>\u0130\u015eKUR\u2019A KAYITLI \u0130\u015eS\u0130ZLERE 8.668 L\u0130RA YARDIM<\/b><\/p>\n<p>\u0130\u015fsiz ve i\u015f arayan vatanda\u015flar \u0130\u015eKUR&#8217;a y\u00f6nlendirildiklerinde i\u015fe yerle\u015ftirildikleri takdirde, bir kezlik olmak \u00fczere br\u00fct minimum fiyat\u0131n 1\/3&#8217;\u00fc kadar (2025 y\u0131l\u0131 i\u00e7in 8.668 TL) i\u015fe ba\u015flama yard\u0131m\u0131na hak kazanabiliyor.<\/p>\n<p><b>\u0130\u015eE Y\u00d6NLEND\u0130RME YARDIMI \u0130\u00c7\u0130N NE VAK\u0130T VE NEREYE BA\u015eVURULUR?<\/b><\/p>\n<p>Ki\u015finin i\u015fe y\u00f6nlendirildi\u011fi bilgisi \u0130\u015eKUR taraf\u0131ndan B\u00fct\u00fcnle\u015fik Toplumsal Yard\u0131m Bilgi Sistemi\u2019ne bildirildikten sonra 30 g\u00fcn i\u00e7erisinde ikametg\u00e2h\u0131n\u0131n bulundu\u011fu yerdeki Toplumsal Yard\u0131mla\u015fma ve Dayan\u0131\u015fma (SYD) Vakf\u0131na m\u00fcracaat yapabilecek.<\/p>\n<p><b>\u0130\u015eE BA\u015eLAMA YARDIMI M\u00dcRACAAT \u015eARTLARI<\/b><\/p>\n<p>Ya\u015f Hududu: 18 ile 55 ya\u015f ortas\u0131nda olmak.<br \/>\u00c7al\u0131\u015fma Mahzuru: \u00c7al\u0131\u015fmas\u0131na p\u00fcr\u00fcz bir durumun bulunmamas\u0131.<br \/>Hane \u0130\u00e7i \u015eart: Aile Bakanl\u0131\u011f\u0131&#8217;n\u0131n sistemli toplumsal yard\u0131m yapt\u0131\u011f\u0131 hanelerde ikamet ediyor olmak.<\/p>\n<p><b>\u0130\u015eVEREN PR\u0130M TAKV\u0130YELER\u0130 DEVAM ED\u0130YOR<\/b><\/p>\n<p>\u0130\u015eKUR taraf\u0131ndan i\u015fe y\u00f6nlendirilen toplumsal yard\u0131m yararlan\u0131c\u0131lar\u0131 \u00f6zel dal patronlar\u0131nca istihdam edilirse \u00f6zel dal patronlar\u0131n\u0131n \u00f6demekle mecbur\u00ee oldu\u011fu sigorta primleri 1 (bir) y\u0131l m\u00fcddetle Bakanl\u0131k taraf\u0131ndan sa\u011flanacak.<\/p>\n","protected":false},"excerpt":{"rendered":"<p>Aile ve Sosyal Hizmetler Bakanl\u0131\u011f\u0131, i\u015fsiz kalan bireyler i\u00e7in d\u00fc\u011fmeye bast\u0131. \u0130\u015fsizlikten kurtulmak i\u00e7in Aile Bakanl\u0131\u011f\u0131\u2019ndan 8.668 lira nakit yard\u0131m verilecek. \u0130\u015fsiz vatanda\u015flar, \u0130\u015eKUR&#8217;a y\u00f6nlendirildiklerinde i\u015fe yerle\u015ftirildikleri takdirde, bir kereye mahsus olmak \u00fczere br\u00fct minimum fiyat\u0131n 1\/3&#8217;\u00fc kadar (2025 y\u0131l\u0131 i\u00e7in 8.668 TL) i\u015fe ba\u015flama yard\u0131m\u0131 alacaklar. \u0130\u015fte t\u00fcm ayr\u0131nt\u0131lar&#8230;<\/p>\n","protected":false},"author":1,"featured_media":44177,"comment_status":"open","ping_status":"open","sticky":false,"template":"","format":"standard","meta":{"footnotes":""},"categories":[24],"tags":[524,5864,6527,6526,367],"class_list":["post-44176","post","type-post","status-publish","format-standard","has-post-thumbnail","hentry","category-ekonomi","tag-is","tag-ise","tag-iskur","tag-sosyal-yardim","tag-yardim"],"_links":{"self":[{"href":"https:\/\/ikimisli.tr\/index.php\/wp-json\/wp\/v2\/posts\/44176","targetHints":{"allow":["GET"]}}],"collection":[{"href":"https:\/\/ikimisli.tr\/index.php\/wp-json\/wp\/v2\/posts"}],"about":[{"href":"https:\/\/ikimisli.tr\/index.php\/wp-json\/wp\/v2\/types\/post"}],"author":[{"embeddable":true,"href":"https:\/\/ikimisli.tr\/index.php\/wp-json\/wp\/v2\/users\/1"}],"replies":[{"embeddable":true,"href":"https:\/\/ikimisli.tr\/index.php\/wp-json\/wp\/v2\/comments?post=44176"}],"version-history":[{"count":1,"href":"https:\/\/ikimisli.tr\/index.php\/wp-json\/wp\/v2\/posts\/44176\/revisions"}],"predecessor-version":[{"id":44179,"href":"https:\/\/ikimisli.tr\/index.php\/wp-json\/wp\/v2\/posts\/44176\/revisions\/44179"}],"wp:featuredmedia":[{"embeddable":true,"href":"https:\/\/ikimisli.tr\/index.php\/wp-json\/wp\/v2\/media\/44177"}],"wp:attachment":[{"href":"https:\/\/ikimisli.tr\/index.php\/wp-json\/wp\/v2\/media?parent=44176"}],"wp:term":[{"taxonomy":"category","embeddable":true,"href":"https:\/\/ikimisli.tr\/index.php\/wp-json\/wp\/v2\/categories?post=44176"},{"taxonomy":"post_tag","embeddable":true,"href":"https:\/\/ikimisli.tr\/index.php\/wp-json\/wp\/v2\/tags?post=44176"}],"curies":[{"name":"wp","href":"https:\/\/api.w.org\/{rel}","templated":true}]}}