{"id":44533,"date":"2025-06-09T22:12:29","date_gmt":"2025-06-09T22:12:29","guid":{"rendered":"https:\/\/ikimisli.tr\/?p=44533"},"modified":"2025-06-09T22:12:29","modified_gmt":"2025-06-09T22:12:29","slug":"87-yasinda-gecim-icin-sokakta-kagit-topluyor","status":"publish","type":"post","link":"https:\/\/ikimisli.tr\/index.php\/2025\/06\/09\/87-yasinda-gecim-icin-sokakta-kagit-topluyor\/","title":{"rendered":"87 ya\u015f\u0131nda ge\u00e7im i\u00e7in sokakta ka\u011f\u0131t topluyor"},"content":{"rendered":"<p>\u0130Y\u0130 Parti K\u00fcme Ba\u015fkanvekili Turhan \u00c7\u00f6mez Ayd\u0131n\u2019da esnaf ziyareti s\u0131ras\u0131nda ka\u011f\u0131t toplayan ve 1.5 ay evvel g\u00f6z\u00fcnden ameliyat olan 87 ya\u015f\u0131nda hasta bir vatanda\u015fla kar\u015f\u0131la\u015ft\u0131.<\/p>\n<p>Ka\u011f\u0131t toplamak i\u00e7in kulland\u0131\u011f\u0131 el otomobiliyle y\u00fcr\u00fcyen ve tek g\u00f6z\u00fc de sarg\u0131da olan vatanda\u015f, \u201cKa\u011f\u0131tlar\u0131, kartonlar\u0131 sat\u0131p ekmek param\u0131 kazan\u0131yorum. K\u00fc\u00e7\u00fck k\u0131z\u0131m rahats\u0131z. 1.5 ay evvel g\u00f6z\u00fcmden ameliyat oldum. Ka\u011f\u0131ttan para kazan\u0131rsak karn\u0131m\u0131z\u0131 doyuruyoruz. Ka\u011f\u0131tlar\u0131 sat\u0131p ekmek param\u0131 \u00e7\u0131karmaya \u00e7al\u0131\u015f\u0131yorum, hastay\u0131m ancak \u00e7al\u0131\u015fmak zorunday\u0131m\u201d dedi.<\/p>\n<p><strong>DURUM \u0130\u00c7LER ACISI<\/strong><\/p>\n<p>G\u00f6rd\u00fc\u011f\u00fc g\u00f6r\u00fcn\u00fcm\u00fcn i\u00e7ler ac\u0131s\u0131 oldu\u011funu belirten \u00c7\u00f6mez, \u015funlar\u0131 s\u00f6yledi:<\/p>\n<p>\u201cEsnaf kan a\u011fl\u0131yor. Sokakta kar\u015f\u0131la\u015ft\u0131\u011f\u0131m 87 ya\u015f\u0131ndaki bir vatanda\u015f\u0131m\u0131z\u0131n hali de  i\u00e7ler ac\u0131s\u0131yd\u0131. Bu pek \u00e7ok yerde \u015fahit oldu\u011fumuz bir g\u00f6r\u00fcn\u00fcm. \u2018Kimsesizlerin kimi, sessiz y\u0131\u011f\u0131nlar\u0131n sesi olaca\u011f\u0131z. Toplumsal bir devlet in\u015fa edece\u011fiz\u2019 diyerek milletten oy alan tek adam rejimi, sokaktan habersiz. \u0130ktidardakiler ona buna parmak sallamas\u0131n, milletin s\u0131k\u0131nt\u0131s\u0131yla me\u015fgul olsun.\u201d<\/p>\n","protected":false},"excerpt":{"rendered":"<p>G\u00dcZEL Partili \u00c7\u00f6mez, Ayd\u0131n\u2019da kar\u015f\u0131la\u015ft\u0131\u011f\u0131 g\u00f6r\u00fcnt\u00fcye isyan etti: Ya\u015fl\u0131 adam \u2018hastay\u0131m lakin \u00e7al\u0131\u015fmak zorunday\u0131m\u2019 diyor. \u0130ktidardaki tek adam rejimi sokaklardan habersiz.<\/p>\n","protected":false},"author":1,"featured_media":44534,"comment_status":"open","ping_status":"open","sticky":false,"template":"","format":"standard","meta":{"footnotes":""},"categories":[25],"tags":[5314],"class_list":["post-44533","post","type-post","status-publish","format-standard","has-post-thumbnail","hentry","category-gundem","tag-kagit"],"_links":{"self":[{"href":"https:\/\/ikimisli.tr\/index.php\/wp-json\/wp\/v2\/posts\/44533","targetHints":{"allow":["GET"]}}],"collection":[{"href":"https:\/\/ikimisli.tr\/index.php\/wp-json\/wp\/v2\/posts"}],"about":[{"href":"https:\/\/ikimisli.tr\/index.php\/wp-json\/wp\/v2\/types\/post"}],"author":[{"embeddable":true,"href":"https:\/\/ikimisli.tr\/index.php\/wp-json\/wp\/v2\/users\/1"}],"replies":[{"embeddable":true,"href":"https:\/\/ikimisli.tr\/index.php\/wp-json\/wp\/v2\/comments?post=44533"}],"version-history":[{"count":1,"href":"https:\/\/ikimisli.tr\/index.php\/wp-json\/wp\/v2\/posts\/44533\/revisions"}],"predecessor-version":[{"id":44535,"href":"https:\/\/ikimisli.tr\/index.php\/wp-json\/wp\/v2\/posts\/44533\/revisions\/44535"}],"wp:featuredmedia":[{"embeddable":true,"href":"https:\/\/ikimisli.tr\/index.php\/wp-json\/wp\/v2\/media\/44534"}],"wp:attachment":[{"href":"https:\/\/ikimisli.tr\/index.php\/wp-json\/wp\/v2\/media?parent=44533"}],"wp:term":[{"taxonomy":"category","embeddable":true,"href":"https:\/\/ikimisli.tr\/index.php\/wp-json\/wp\/v2\/categories?post=44533"},{"taxonomy":"post_tag","embeddable":true,"href":"https:\/\/ikimisli.tr\/index.php\/wp-json\/wp\/v2\/tags?post=44533"}],"curies":[{"name":"wp","href":"https:\/\/api.w.org\/{rel}","templated":true}]}}