{"id":44631,"date":"2025-06-10T03:36:17","date_gmt":"2025-06-10T03:36:17","guid":{"rendered":"https:\/\/ikimisli.tr\/?p=44631"},"modified":"2025-06-10T03:36:17","modified_gmt":"2025-06-10T03:36:17","slug":"ordek-avinda-arkadasini-vurdu","status":"publish","type":"post","link":"https:\/\/ikimisli.tr\/index.php\/2025\/06\/10\/ordek-avinda-arkadasini-vurdu\/","title":{"rendered":"\u00d6rdek av\u0131nda arkada\u015f\u0131n\u0131 vurdu"},"content":{"rendered":"<p>Olay, saat 21.00 s\u0131ralar\u0131nda Yahyal\u0131 il\u00e7esi A\u011fca\u015far Baraj\u0131 sulama kanallar\u0131 \u00fczerinde meydana geldi. B\u00f6lgede \u00f6rdek av\u0131na \u00e7\u0131kan Hac\u0131 Osman Tarlac\u0131 ile arkada\u015f\u0131 Osman \u00c7\u0131tak, sulama kanallar\u0131 \u00fczerinde farkl\u0131 noktalara yerle\u015ferek beklemeye ba\u015flad\u0131. Teze nazaran, karla kapl\u0131 tabanda aya\u011f\u0131 kayan Tarlac\u0131 d\u00fc\u015ft\u00fc, elindeki t\u00fcfek de ate\u015f ald\u0131.<\/p>\n<p><img decoding=\"async\" src=\"https:\/\/ikimisli.tr\/wp-content\/uploads\/2025\/06\/ordek-avinda-arkadasini-vurdu-0-6ej7O5KR.png\"\/><\/p>\n<p>Hac\u0131 Osman Tarlac\u0131\u2019n\u0131n t\u00fcfe\u011finden \u00e7\u0131kan sa\u00e7malar, \u00f6teki bir b\u00f6lgede av i\u00e7in bekleyen arkada\u015f\u0131 Osman \u00c7\u0131tak\u2019a isabet etti. Baca\u011f\u0131ndan yaralanan \u00c7\u0131tak, ihbarla gelen s\u0131hhat tak\u0131mlar\u0131nca Yahyal\u0131 Devlet Hastanesi&#8217;ne kald\u0131r\u0131ld\u0131. Osman \u00c7\u0131tak\u2019\u0131n s\u0131hhat durumunun uygun oldu\u011fu \u00f6\u011frenilirken, jandarma, olayla ilgili inceleme ba\u015flatt\u0131.<\/p>\n<p>\u00a0<\/p>\n","protected":false},"excerpt":{"rendered":"<p>Kayseri\u2019nin Yahyal\u0131 il\u00e7esinde 69 ya\u015f\u0131ndaki Hac\u0131 Osman Tarlac\u0131 birlikte \u00f6rdek av\u0131na \u00e7\u0131kt\u0131\u011f\u0131 arkada\u015f\u0131 Osman \u00c7\u0131tak\u2019\u0131 (68) t\u00fcfekle kazara baca\u011f\u0131ndan vurdu.<\/p>\n","protected":false},"author":1,"featured_media":44632,"comment_status":"open","ping_status":"open","sticky":false,"template":"","format":"standard","meta":{"footnotes":""},"categories":[25],"tags":[6557],"class_list":["post-44631","post","type-post","status-publish","format-standard","has-post-thumbnail","hentry","category-gundem","tag-osman"],"_links":{"self":[{"href":"https:\/\/ikimisli.tr\/index.php\/wp-json\/wp\/v2\/posts\/44631","targetHints":{"allow":["GET"]}}],"collection":[{"href":"https:\/\/ikimisli.tr\/index.php\/wp-json\/wp\/v2\/posts"}],"about":[{"href":"https:\/\/ikimisli.tr\/index.php\/wp-json\/wp\/v2\/types\/post"}],"author":[{"embeddable":true,"href":"https:\/\/ikimisli.tr\/index.php\/wp-json\/wp\/v2\/users\/1"}],"replies":[{"embeddable":true,"href":"https:\/\/ikimisli.tr\/index.php\/wp-json\/wp\/v2\/comments?post=44631"}],"version-history":[{"count":1,"href":"https:\/\/ikimisli.tr\/index.php\/wp-json\/wp\/v2\/posts\/44631\/revisions"}],"predecessor-version":[{"id":44634,"href":"https:\/\/ikimisli.tr\/index.php\/wp-json\/wp\/v2\/posts\/44631\/revisions\/44634"}],"wp:featuredmedia":[{"embeddable":true,"href":"https:\/\/ikimisli.tr\/index.php\/wp-json\/wp\/v2\/media\/44632"}],"wp:attachment":[{"href":"https:\/\/ikimisli.tr\/index.php\/wp-json\/wp\/v2\/media?parent=44631"}],"wp:term":[{"taxonomy":"category","embeddable":true,"href":"https:\/\/ikimisli.tr\/index.php\/wp-json\/wp\/v2\/categories?post=44631"},{"taxonomy":"post_tag","embeddable":true,"href":"https:\/\/ikimisli.tr\/index.php\/wp-json\/wp\/v2\/tags?post=44631"}],"curies":[{"name":"wp","href":"https:\/\/api.w.org\/{rel}","templated":true}]}}