{"id":44729,"date":"2025-06-10T10:00:11","date_gmt":"2025-06-10T10:00:11","guid":{"rendered":"https:\/\/ikimisli.tr\/?p=44729"},"modified":"2025-06-10T10:00:11","modified_gmt":"2025-06-10T10:00:11","slug":"kapadokyada-kis-buyusu-sehir-isiklariyla-buyuledi","status":"publish","type":"post","link":"https:\/\/ikimisli.tr\/index.php\/2025\/06\/10\/kapadokyada-kis-buyusu-sehir-isiklariyla-buyuledi\/","title":{"rendered":"Kapadokya\u2019da k\u0131\u015f b\u00fcy\u00fcs\u00fc: \u015eehir \u0131\u015f\u0131klar\u0131yla b\u00fcy\u00fcledi"},"content":{"rendered":"<p>UNESCO D\u00fcnya Miras\u0131 Listesi&#8217;nde yer alan ve bir m\u00fcddettir kar ya\u011f\u0131\u015f\u0131n\u0131n s\u00fcrd\u00fc\u011f\u00fc Kapadokya b\u00f6lgesi, gece saatlerinde ziyaret\u00e7ilerin ilgisini g\u00f6r\u00fcn\u00fcm\u00fcyle \u00e7ekiyor.<\/p>\n<p>Karla kaplanan peribacalar\u0131 ile kent \u0131\u015f\u0131klar\u0131 bir ortada ho\u015f manzara olu\u015ftururken, birtak\u0131m foto\u011fraf\u00e7\u0131lar, beyaz \u00f6rt\u00fcyle kaplanan tarihi ve do\u011fal olu\u015fumlar\u0131 g\u00f6r\u00fcnt\u00fcledi.<\/p>\n<p>\u00d6zellikle G\u00f6reme ve U\u00e7hisar beldeleri etraf\u0131nda kar\u0131n beyaz, \u0131\u015f\u0131klar\u0131n lo\u015f renkleri masals\u0131 bir atmosfer sundu.<\/p>\n<p>So\u011fuk havaya kar\u015f\u0131n Kapadokya&#8217;n\u0131n gece g\u00f6r\u00fcnt\u00fcs\u00fcn\u00fc izlemek isteyenler, tabiat\u0131n sundu\u011fu bu g\u00f6rsel zenginli\u011fin keyfini \u00e7\u0131kard\u0131.<\/p>\n<p><img decoding=\"async\" src=\"https:\/\/ikimisli.tr\/wp-content\/uploads\/2025\/06\/kapadokyada-kis-buyusu-sehir-isiklariyla-buyuledi-0-Qq3WDJFj.jpg\"\/><\/p>\n<p>B\u00f6lgede foto\u011fraf \u00e7eken ziyaret\u00e7ilerden Furkan Arikan, kar beyaz\u0131n\u0131n Kapadokya&#8217;ya yak\u0131\u015ft\u0131\u011f\u0131n\u0131 belirtti.<\/p>\n<p>Arikan, Kapadokya&#8217;n\u0131n beyaz \u00f6rt\u00fcyle kaplanmas\u0131yla ilgili, &#8220;Kar ya\u011f\u0131nca eksiksiz kareler ortaya \u00e7\u0131k\u0131yor. Foto\u011fraf i\u00e7in \u00e7ok ho\u015f bir atmosfer olu\u015ftu. Buras\u0131 g\u00fcnd\u00fcz ho\u015f lakin gece etraf \u0131\u015f\u0131kland\u0131rmalar\u0131yla da ho\u015f g\u00f6rseller sunuyor&#8221; dedi.<\/p>\n<p>Kar alt\u0131ndaki peribacalar\u0131n\u0131n ak\u015fam saatlerinde kent \u0131\u015f\u0131klar\u0131yla farkl\u0131 imaj sundu\u011funu anlatan Ahmet Yasin Binico\u011flu ise &#8220;Burada \u00e7ok ho\u015f bir g\u00f6r\u00fcnt\u00fc var. Biz de foto\u011frafl\u0131yoruz. Yaz\u0131n ailemle gelmi\u015ftim ho\u015ftu, k\u0131\u015f\u0131n beyaz \u00f6rt\u00fcyle \u00e7ok daha ho\u015f g\u00f6r\u00fcn\u00fcyor. Herkesin g\u00f6rmesi gereken bir yer&#8221; diye konu\u015ftu.<\/p>\n","protected":false},"excerpt":{"rendered":"<p>Nev\u015fehir\u2019in e\u015fsiz tabiat m\u00fckemmeli Kapadokya, kar ya\u011f\u0131\u015f\u0131yla masals\u0131 bir g\u00f6r\u00fcn\u00fcme kavu\u015ftu. Peribacalar\u0131 ve tarihi yap\u0131lar, kent \u0131\u015f\u0131klar\u0131yla birle\u015ferek b\u00fcy\u00fcleyici g\u00f6r\u00fcn\u00fcmler olu\u015fturdu.<\/p>\n","protected":false},"author":1,"featured_media":44730,"comment_status":"open","ping_status":"open","sticky":false,"template":"","format":"standard","meta":{"footnotes":""},"categories":[44],"tags":[2797,1111,379],"class_list":["post-44729","post","type-post","status-publish","format-standard","has-post-thumbnail","hentry","category-yasam","tag-beyaz","tag-guzel","tag-kar"],"_links":{"self":[{"href":"https:\/\/ikimisli.tr\/index.php\/wp-json\/wp\/v2\/posts\/44729","targetHints":{"allow":["GET"]}}],"collection":[{"href":"https:\/\/ikimisli.tr\/index.php\/wp-json\/wp\/v2\/posts"}],"about":[{"href":"https:\/\/ikimisli.tr\/index.php\/wp-json\/wp\/v2\/types\/post"}],"author":[{"embeddable":true,"href":"https:\/\/ikimisli.tr\/index.php\/wp-json\/wp\/v2\/users\/1"}],"replies":[{"embeddable":true,"href":"https:\/\/ikimisli.tr\/index.php\/wp-json\/wp\/v2\/comments?post=44729"}],"version-history":[{"count":1,"href":"https:\/\/ikimisli.tr\/index.php\/wp-json\/wp\/v2\/posts\/44729\/revisions"}],"predecessor-version":[{"id":44732,"href":"https:\/\/ikimisli.tr\/index.php\/wp-json\/wp\/v2\/posts\/44729\/revisions\/44732"}],"wp:featuredmedia":[{"embeddable":true,"href":"https:\/\/ikimisli.tr\/index.php\/wp-json\/wp\/v2\/media\/44730"}],"wp:attachment":[{"href":"https:\/\/ikimisli.tr\/index.php\/wp-json\/wp\/v2\/media?parent=44729"}],"wp:term":[{"taxonomy":"category","embeddable":true,"href":"https:\/\/ikimisli.tr\/index.php\/wp-json\/wp\/v2\/categories?post=44729"},{"taxonomy":"post_tag","embeddable":true,"href":"https:\/\/ikimisli.tr\/index.php\/wp-json\/wp\/v2\/tags?post=44729"}],"curies":[{"name":"wp","href":"https:\/\/api.w.org\/{rel}","templated":true}]}}