{"id":44875,"date":"2025-06-10T20:00:06","date_gmt":"2025-06-10T20:00:06","guid":{"rendered":"https:\/\/ikimisli.tr\/?p=44875"},"modified":"2025-06-10T20:00:06","modified_gmt":"2025-06-10T20:00:06","slug":"ankaraya-dev-turksat-veri-merkezi-kurulacak-olaganustu-durumlarda-bile-hizmet-verecek","status":"publish","type":"post","link":"https:\/\/ikimisli.tr\/index.php\/2025\/06\/10\/ankaraya-dev-turksat-veri-merkezi-kurulacak-olaganustu-durumlarda-bile-hizmet-verecek\/","title":{"rendered":"Ankara&#8217;ya dev T\u00fcrksat veri merkezi kurulacak: Ola\u011fan\u00fcst\u00fc durumlarda bile hizmet verecek"},"content":{"rendered":"<p>Ula\u015ft\u0131rma ve Altyap\u0131 Bakan\u0131 Abdulkadir Uralo\u011flu, yaz\u0131l\u0131 a\u00e7\u0131klamas\u0131nda, e-Devlet Kap\u0131s\u0131 ba\u015fta olmak \u00fczere T\u00fcrkiye&#8217;nin dijital altyap\u0131s\u0131n\u0131 kuran T\u00fcrksat&#8217;\u0131n yeni bir projeyi hayata ge\u00e7irece\u011fini aktard\u0131.<\/p>\n<p>Ankara&#8217;da kurulacak G\u00f6lba\u015f\u0131 Bilgi Merkezi&#8217;yle, kritik bilgileri bar\u0131nd\u0131ran kurumlar\u0131n i\u015f s\u00fcrekliliklerini sa\u011flayabilmesi i\u00e7in t\u00fcm bilgi ve bulut hizmetlerine y\u00f6nelik gereksinimi yerli yaz\u0131l\u0131mla kar\u015f\u0131layacaklar\u0131na dikkati \u00e7eken Uralo\u011flu, &#8220;G\u00f6lba\u015f\u0131 Bilgi Merkezi, 28 bin 500 metrekarelik dev alan\u0131yla T\u00fcrkiye&#8217;nin en b\u00fcy\u00fck bilgi merkezlerinden biri olacak.&#8221; de\u011ferlendirmesinde bulundu.<\/p>\n<p>Uralo\u011flu, T\u00fcrksat&#8217;\u0131n G\u00f6lba\u015f\u0131 yerle\u015fkesinde kurulacak bilgi merkezi i\u00e7in tasar\u0131m ve projelendirme \u00e7al\u0131\u015fmalar\u0131n\u0131n tamamland\u0131\u011f\u0131na i\u015faret ederek, &#8220;Projenin in\u015faat, elektrik, mekanik ve telekom\u00fcnikasyon altyap\u0131s\u0131n\u0131n imaline bu y\u0131l i\u00e7erisinde ba\u015flanacak. Yap\u0131lacak yat\u0131r\u0131mla T\u00fcrksat&#8217;\u0131n mevcut data merkezi kapasitesi birinci fazda 3 kat, ikinci fazda ise 8 kat\u0131n \u00fczerinde art\u0131r\u0131lacak.&#8221; tabirini kulland\u0131.<\/p>\n<p><b>&#8220;OLA\u011eAN\u00dcST\u00dc DURUMLARDA B\u0130LE KES\u0130NT\u0130S\u0130Z H\u0130ZMET VER\u0130LECEK&#8221;<\/b><\/p>\n<p>T\u00fcrksat G\u00f6lba\u015f\u0131 Bilgi Merkezi&#8217;nin 6 sistem salonu, iki adet 20&#8217;\u015fer kabinlik y\u00fcksek performans odas\u0131 ve 6 bin metrekare beyaz alana sahip olaca\u011f\u0131n\u0131, tesiste 200 ki\u015fi kapasiteli ofis alan\u0131n\u0131n da bulunaca\u011f\u0131n\u0131 belirten Uralo\u011flu, a\u00e7\u0131klamas\u0131n\u0131 \u015f\u00f6yle s\u00fcrd\u00fcrd\u00fc:<\/p>\n<p>&#8220;21 megavolt-amper kurulu g\u00fc\u00e7 kapasitesi bulunacak merkez, g\u00fc\u00e7 verimlili\u011finde &#8216;LEED-Gold&#8217; sertifikas\u0131na, data merkezi standartlar\u0131nda ise &#8216;Uptime Institute TIER-III ve TSE 50600&#8217; uyumlu olarak kurulacak. Bilgi merkezi, yapay zeka uygulamalar\u0131, derin \u00f6\u011frenme, data madencili\u011fi, makine \u00f6\u011frenmesi \u00fczere ba\u015fl\u0131klar alt\u0131nda bilgi tahlili, bilgi k\u00fcmelerinin i\u015flenmesi, algoritmalar\u0131n e\u011fitimi, modelleme, iddia, s\u0131n\u0131fland\u0131rma, y\u00fcksek s\u00fcratli matematiksel hesaplamalar yap\u0131lmas\u0131 \u00fczere hizmetlerin sunumu i\u00e7in gerekli altyap\u0131ya sahip olacak. T\u00fcrkiye&#8217;nin en b\u00fcy\u00fck kurum ve kurulu\u015flar\u0131n\u0131n inan\u0131lmaz durumlarda dahi inan\u00e7l\u0131 ve kesintisiz hizmet almas\u0131n\u0131 sa\u011flayacak merkez ile e-Devlet projeleri kapsam\u0131ndaki hizmetlerde kesinti ya\u015fanmas\u0131n\u0131n \u00f6n\u00fcne ge\u00e7ilecek.&#8221;<\/p>\n<p><b>2027&#8217;N\u0130N B\u0130R\u0130NC\u0130 YARISINDA H\u0130ZMETE BA\u015eLAYACAK<\/b><\/p>\n<p>Uralo\u011flu, d\u00fc\u015f\u00fck karbon sal\u0131m\u0131 ve y\u00fcksek g\u00fc\u00e7 verimlili\u011fine sahip olacak data merkeziyle \u00fclkeye, etrafa hassas bir tesis kazand\u0131rmay\u0131 planlad\u0131klar\u0131na dikkati \u00e7ekti.<\/p>\n<p>Sekt\u00f6rde rekabetin sa\u011flanmas\u0131 ve kamuda tasarruf i\u00e7in b\u00fcy\u00fck bir oyuncu olarak vazife yapacak T\u00fcrksat&#8217;\u0131n, \u00fclkenin kaynaklar\u0131n\u0131n faal kullan\u0131lmas\u0131 emeline hizmet edece\u011fini aktaran Uralo\u011flu, &#8220;Bu y\u0131l i\u00e7erisinde temeli at\u0131lacak G\u00f6lba\u015f\u0131 Bilgi Merkezi&#8217;nin 2027 y\u0131l\u0131n\u0131n birinci yar\u0131s\u0131nda hizmete a\u00e7\u0131lmas\u0131 planlan\u0131yor.&#8221; tabirini kulland\u0131.<\/p>\n","protected":false},"excerpt":{"rendered":"<p>Bakan Uralo\u011flu, T\u00fcrksat i\u00e7in Ankara G\u00f6lba\u015f\u0131&#8217;na dev data merkezi kurulaca\u011f\u0131n\u0131 belirterek, &#8220;Yap\u0131lacak yat\u0131r\u0131mla T\u00fcrksat&#8217;\u0131n mevcut data merkezi kapasitesi birinci fazda 3 kat, ikinci fazda ise 8 kat\u0131n \u00fczerinde art\u0131r\u0131lacak.&#8221; tabirini kulland\u0131.<\/p>\n","protected":false},"author":1,"featured_media":44876,"comment_status":"open","ping_status":"open","sticky":false,"template":"","format":"standard","meta":{"footnotes":""},"categories":[24],"tags":[799,6571,186,1001,6570],"class_list":["post-44875","post","type-post","status-publish","format-standard","has-post-thumbnail","hentry","category-ekonomi","tag-hizmet","tag-turksat","tag-uraloglu","tag-veri","tag-veri-merkezi"],"_links":{"self":[{"href":"https:\/\/ikimisli.tr\/index.php\/wp-json\/wp\/v2\/posts\/44875","targetHints":{"allow":["GET"]}}],"collection":[{"href":"https:\/\/ikimisli.tr\/index.php\/wp-json\/wp\/v2\/posts"}],"about":[{"href":"https:\/\/ikimisli.tr\/index.php\/wp-json\/wp\/v2\/types\/post"}],"author":[{"embeddable":true,"href":"https:\/\/ikimisli.tr\/index.php\/wp-json\/wp\/v2\/users\/1"}],"replies":[{"embeddable":true,"href":"https:\/\/ikimisli.tr\/index.php\/wp-json\/wp\/v2\/comments?post=44875"}],"version-history":[{"count":1,"href":"https:\/\/ikimisli.tr\/index.php\/wp-json\/wp\/v2\/posts\/44875\/revisions"}],"predecessor-version":[{"id":44877,"href":"https:\/\/ikimisli.tr\/index.php\/wp-json\/wp\/v2\/posts\/44875\/revisions\/44877"}],"wp:featuredmedia":[{"embeddable":true,"href":"https:\/\/ikimisli.tr\/index.php\/wp-json\/wp\/v2\/media\/44876"}],"wp:attachment":[{"href":"https:\/\/ikimisli.tr\/index.php\/wp-json\/wp\/v2\/media?parent=44875"}],"wp:term":[{"taxonomy":"category","embeddable":true,"href":"https:\/\/ikimisli.tr\/index.php\/wp-json\/wp\/v2\/categories?post=44875"},{"taxonomy":"post_tag","embeddable":true,"href":"https:\/\/ikimisli.tr\/index.php\/wp-json\/wp\/v2\/tags?post=44875"}],"curies":[{"name":"wp","href":"https:\/\/api.w.org\/{rel}","templated":true}]}}