{"id":44895,"date":"2025-06-10T21:00:11","date_gmt":"2025-06-10T21:00:11","guid":{"rendered":"https:\/\/ikimisli.tr\/?p=44895"},"modified":"2025-06-10T21:00:11","modified_gmt":"2025-06-10T21:00:11","slug":"mitin-takibindeydi-pkknin-ust-duzey-kadin-yoneticisi-kuzey-irakta-olduruldu","status":"publish","type":"post","link":"https:\/\/ikimisli.tr\/index.php\/2025\/06\/10\/mitin-takibindeydi-pkknin-ust-duzey-kadin-yoneticisi-kuzey-irakta-olduruldu\/","title":{"rendered":"M\u0130T\u2019in takibindeydi: PKK\u2019n\u0131n \u00fcst d\u00fczey kad\u0131n y\u00f6neticisi Kuzey Irak\u2019ta \u00f6ld\u00fcr\u00fcld\u00fc"},"content":{"rendered":"<p>\u015e\u0131rnak\u2019\u0131n Uludere \u0130l\u00e7esinin kar\u015f\u0131s\u0131ndaki Pen\u00e7e Kaplan harekat\u0131 b\u00f6lgesi olan Haftanin Vadisinde ter\u00f6r \u00f6rg\u00fct\u00fc PKK\u2019n\u0131n \u00fcst seviye y\u00f6neticilerinden biri daha etkisiz hale getirildi. T\u00fcrkiye-Irak hudut s\u0131n\u0131r\u0131ndaki hudut birliklerine taarruz haz\u0131rl\u0131\u011f\u0131 i\u00e7inde olduklar\u0131 belirlenen ter\u00f6rist k\u00fcmeye y\u00f6nelik anl\u0131k istihbarata dayal\u0131 nokta operasyon ger\u00e7ekle\u015ftirildi.<\/p>\n<p>Milli \u0130stihbarat Te\u015fkilat\u0131n\u0131n uzun m\u00fchletten beri takibinde olan Axin kod isimli Halime Kaya\u2019n\u0131n da i\u00e7inde yer ald\u0131\u011f\u0131 Mehmet \u0130nan Minta\u015f, \u00c7i\u011fdem Kurt, Azime Kabul isimli ter\u00f6ristlerin Pen\u00e7e Kaplan b\u00f6lgesinde konumlanan TSK\u2019ya ili\u015fkin \u00fcs b\u00f6lgelerine s\u0131zma te\u015febb\u00fcs\u00fcnde bulunacaklar\u0131na dair al\u0131nan istihbarat \u00fczerine operasyon i\u00e7in harekete ge\u00e7ildi. Silahl\u0131 \u0130nsans\u0131z Hava Arac\u0131 ve Atak taarruz helikopterlerinin de i\u015ftirakiyle ger\u00e7ekle\u015ftirilen operasyonda d\u00f6rt ter\u00f6rist silahlar\u0131yla birlikte etkisiz hale getirildi.<\/p>\n<p><img decoding=\"async\" src=\"https:\/\/ikimisli.tr\/wp-content\/uploads\/2025\/06\/mitin-takibindeydi-pkknin-ust-duzey-kadin-yoneticisi-kuzey-irakta-olduruldu-0-V1S1I9GJ.jpg\"\/><\/p>\n<p>\u00d6ld\u00fcr\u00fclen ter\u00f6ristlerin uzun m\u00fchletten beri b\u00f6lgede g\u00fcvenlik g\u00fc\u00e7lerinin faaliyetlerini takip ettikleri ve \u00fcs b\u00f6lgelerine s\u0131zma yapmak i\u00e7in f\u0131rsat kollad\u0131klar\u0131 bildirildi. 25 y\u0131ldan beri ter\u00f6r \u00f6rg\u00fct\u00fcn\u00fcn da\u011f tak\u0131m\u0131nda \u00fcst seviye y\u00f6neticilik yapt\u0131\u011f\u0131 belirlenen bayan ter\u00f6rist Halime Kaya\u2019n\u0131n \u0130\u00e7i\u015fleri Bakanl\u0131\u011f\u0131n\u0131n da en \u00e7ok aranan az\u0131l\u0131 ter\u00f6ristler listesinin 2 milyon lira para \u00f6d\u00fcll\u00fc gri renkli kategorisinde yer ald\u0131\u011f\u0131 ortaya \u00e7\u0131kt\u0131.<\/p>\n<p>Hakk\u0131nda \u015e\u0131rnak Cumhuriyet Ba\u015fsavc\u0131l\u0131\u011f\u0131nca da silahl\u0131 ter\u00f6r \u00f6rg\u00fct\u00fcne \u00fcye olmak kabahatinden tutuklamaya y\u00f6nelik yakalama karar\u0131 bulunan ter\u00f6rist Halime Kaya\u2019n\u0131n ter\u00f6r \u00f6rg\u00fct\u00fcn\u00fcn kelamda \u00d6zel g\u00fc\u00e7 yap\u0131lanmas\u0131 i\u00e7inde yer ald\u0131\u011f\u0131, Kandil, Zagros ve Hakurk Vadisinde de \u00fcst seviye y\u00f6neticilik yapt\u0131\u011f\u0131, alt kademe ter\u00f6ristlere ideolojik e\u011fitimler verdi\u011fi bildirildi.<\/p>\n<p>Hakkari\u2019nin Cilo Da\u011f\u0131, Irak\u2019\u0131n kuzeyindeki Zap, Ava\u015fin b\u00f6lgelerinde ve son olarak da \u00f6ld\u00fcr\u00fcld\u00fc\u011f\u00fc Haftanin b\u00f6lgesinde de g\u00fcvenlik g\u00fc\u00e7lerine y\u00f6nelik \u00e7ok say\u0131da silahl\u0131, roketli ve bombal\u0131 ataklar\u0131n da faili oldu\u011fu belirlenen bayan ter\u00f6ristin PKK\u2019n\u0131n Kuzey Sevk Y\u00f6netim ismini verdi\u011fi 11 ki\u015filik kelamda komuta kurulu i\u00e7inde yer ald\u0131\u011f\u0131 belirlendi.<\/p>\n","protected":false},"excerpt":{"rendered":"<p>Ter\u00f6r \u00f6rg\u00fct\u00fc PKK\u2019n\u0131n kelamda bayan yap\u0131lanmas\u0131 olan YJA-Star\u2019\u0131n \u00fcst seviye y\u00f6neticilerinden olan Axin kod isimli Halime Kaya\u2019n\u0131n da i\u00e7inde yer ald\u0131\u011f\u0131 4 ter\u00f6rist Irak\u2019\u0131n kuzeyindeki Pen\u00e7e Kaplan harek\u00e2t\u0131 b\u00f6lgesinde ger\u00e7ekle\u015ftirilen nokta operasyonla etkisiz hale getirildi. M\u0130T\u2019in uzun m\u00fcddetten beri takibinde yer alan bayan ter\u00f6ristin 25 y\u0131ldan beri ter\u00f6r \u00f6rg\u00fct\u00fcn\u00fcn da\u011f tak\u0131m\u0131nda yer ald\u0131\u011f\u0131 ve \u0130\u00e7i\u015fleri Bakanl\u0131\u011f\u0131n\u0131n en \u00e7ok aranan ter\u00f6ristler listesinin 2 milyon lira para \u00f6d\u00fcll\u00fc gri kategorisinde yer ald\u0131<\/p>\n","protected":false},"author":1,"featured_media":44896,"comment_status":"open","ping_status":"open","sticky":false,"template":"","format":"standard","meta":{"footnotes":""},"categories":[25],"tags":[238,4270],"class_list":["post-44895","post","type-post","status-publish","format-standard","has-post-thumbnail","hentry","category-gundem","tag-teror","tag-us"],"_links":{"self":[{"href":"https:\/\/ikimisli.tr\/index.php\/wp-json\/wp\/v2\/posts\/44895","targetHints":{"allow":["GET"]}}],"collection":[{"href":"https:\/\/ikimisli.tr\/index.php\/wp-json\/wp\/v2\/posts"}],"about":[{"href":"https:\/\/ikimisli.tr\/index.php\/wp-json\/wp\/v2\/types\/post"}],"author":[{"embeddable":true,"href":"https:\/\/ikimisli.tr\/index.php\/wp-json\/wp\/v2\/users\/1"}],"replies":[{"embeddable":true,"href":"https:\/\/ikimisli.tr\/index.php\/wp-json\/wp\/v2\/comments?post=44895"}],"version-history":[{"count":1,"href":"https:\/\/ikimisli.tr\/index.php\/wp-json\/wp\/v2\/posts\/44895\/revisions"}],"predecessor-version":[{"id":44898,"href":"https:\/\/ikimisli.tr\/index.php\/wp-json\/wp\/v2\/posts\/44895\/revisions\/44898"}],"wp:featuredmedia":[{"embeddable":true,"href":"https:\/\/ikimisli.tr\/index.php\/wp-json\/wp\/v2\/media\/44896"}],"wp:attachment":[{"href":"https:\/\/ikimisli.tr\/index.php\/wp-json\/wp\/v2\/media?parent=44895"}],"wp:term":[{"taxonomy":"category","embeddable":true,"href":"https:\/\/ikimisli.tr\/index.php\/wp-json\/wp\/v2\/categories?post=44895"},{"taxonomy":"post_tag","embeddable":true,"href":"https:\/\/ikimisli.tr\/index.php\/wp-json\/wp\/v2\/tags?post=44895"}],"curies":[{"name":"wp","href":"https:\/\/api.w.org\/{rel}","templated":true}]}}