{"id":44909,"date":"2025-06-10T21:48:08","date_gmt":"2025-06-10T21:48:08","guid":{"rendered":"https:\/\/ikimisli.tr\/?p=44909"},"modified":"2025-06-10T21:48:08","modified_gmt":"2025-06-10T21:48:08","slug":"ilhan-tascidan-rtuk-baskanina-sert-tepki","status":"publish","type":"post","link":"https:\/\/ikimisli.tr\/index.php\/2025\/06\/10\/ilhan-tascidan-rtuk-baskanina-sert-tepki\/","title":{"rendered":"\u0130lhan Ta\u015f\u00e7\u0131&#8217;dan RT\u00dcK Ba\u015fkan\u0131&#8217;na sert tepki"},"content":{"rendered":"<p>Radyo ve Televizyon \u00dcst Kurulu (RT\u00dcK) Lideri Ebubekir \u015eahin&#8217;in AKP kongresi i\u00e7in yay\u0131mlad\u0131\u011f\u0131 ileti tart\u0131\u015fmalara neden oldu. RT\u00dcK \u00dcyesi \u0130lhan Ta\u015f\u00e7\u0131, Lider \u015eahin&#8217;e kurumun ba\u011f\u0131ms\u0131zl\u0131\u011f\u0131n\u0131 hat\u0131rlatt\u0131.<\/p>\n<p>\u015eahin d\u00fcnk\u00fc AKP kongresi i\u00e7in, &#8220;AK Parti 8. Ola\u011fan B\u00fcy\u00fck Kongresi\u2019nin \u00fclkemize ve milletimize hay\u0131rlar getirmesini temenni ediyorum. \u0130sminde AK, \u0131\u015f\u0131\u011f\u0131nda istikbal ile T\u00fcrkiye y\u00fczy\u0131l\u0131nda demokrasiye ve ulusal iradeye g\u00fc\u00e7 katacak bu de\u011ferli s\u00fcre\u00e7te eme\u011fi ge\u00e7en herkese milletimiz ismine te\u015fekk\u00fcrlerimi sunuyorum. Cumhurba\u015fkan\u0131m\u0131z Say\u0131n Erdo\u011fan&#8217;\u0131n\u2019\u0131n liderli\u011finde se\u00e7ilen MKYK ve MYK \u00dcyeleri ile Genel Lider Yard\u0131mc\u0131lar\u0131n\u0131 tebrik ediyor, millete hizmet yolunda kutsal misyonlar\u0131nda \u00fcst\u00fcn muvaffakiyetler diliyorum.&#8221; iletisini payla\u015ft\u0131.<\/p>\n<p><b>&#8220;S\u0130Z\u0130N NEZD\u0130N\u0130ZDE DE\u011eER\u0130 HARB\u0130YES\u0130 YOK&#8221;<\/b><\/p>\n<p>Ta\u015f\u00e7\u0131, \u015eahin&#8217;in bildirisini al\u0131nt\u0131layarak \u015fu tabirleri kulland\u0131:<\/p>\n<p>-Say\u0131n Ebubekir Anayasan\u0131n 133. hususu kapsam\u0131nda RT\u00dcK \u00fcyelerinin TBMM Genel Kurulunca se\u00e7ilen, \u00f6zerk ve tarafs\u0131z bir kamu hukuksal ki\u015fili\u011fi oldu\u011fundan hi\u00e7 kelam etmeyece\u011fim nas\u0131lsa sizin nezdinizde de\u011feri harbiyesi yok!<\/p>\n<p><b>&#8220;T\u00dcM PART\u0130LER\u0130N KONGRELER\u0130 \u0130\u00c7\u0130N B\u0130REB\u0130R HEYECANI BEKL\u0130YORUZ&#8221;<\/b><\/p>\n<p>-Yurdumuzdaki insan haklar\u0131, bas\u0131n \u00f6zg\u00fcrl\u00fc\u011f\u00fc, hukukun \u00fcst\u00fcnl\u00fc\u011f\u00fc ve demokrasinin g\u00fc\u00e7lendirilmesi i\u00e7in gayret veren en k\u00fc\u00e7\u00fc\u011f\u00fcnden iktidar aday\u0131 olan CHP\u2019ye kadar t\u00fcm partilerin kongre\/kurultaylar\u0131 i\u00e7in de sizden t\u0131pk\u0131 heyecan\u0131 ve co\u015fkuyu payla\u015fman\u0131z\u0131 bekliyoruz.<\/p>\n<p>Nihayetinde RT\u00dcK \u00dcyeleri, t\u00fcm televizyonlara olmas\u0131 gerekti\u011fi \u00fczere t\u00fcm siyasi partilere de e\u015fit uzakl\u0131kta olmak zorundalar. En az\u0131ndan yasalar ve anayasa bunu emrediyor.<\/p>\n<p>Madem bir k\u0131vanc\u0131 payla\u015ft\u0131n\u0131z AKP kongresi i\u00e7in ba\u015fka partiler de deste\u011finizden be sevincinizden mahrum kalmas\u0131nlar!<\/p>\n","protected":false},"excerpt":{"rendered":"<p>RT\u00dcK \u00dcyesi \u0130lhan Ta\u015f\u00e7\u0131, RT\u00dcK Ba\u015fkan\u0131 Ebubekir \u015eahin&#8217;in AKP kongresi bildirisine sert reaksiyon g\u00f6sterdi. Ta\u015f\u00e7\u0131, &#8220;Madem bir k\u0131vanc\u0131 payla\u015ft\u0131n\u0131z AKP kongresi i\u00e7in \u00f6teki partiler de deste\u011finizden be sevincinizden mahrum kalmas\u0131nlar!&#8221; dedi.<\/p>\n","protected":false},"author":1,"featured_media":44910,"comment_status":"open","ping_status":"open","sticky":false,"template":"","format":"standard","meta":{"footnotes":""},"categories":[25],"tags":[189],"class_list":["post-44909","post","type-post","status-publish","format-standard","has-post-thumbnail","hentry","category-gundem","tag-parti"],"_links":{"self":[{"href":"https:\/\/ikimisli.tr\/index.php\/wp-json\/wp\/v2\/posts\/44909","targetHints":{"allow":["GET"]}}],"collection":[{"href":"https:\/\/ikimisli.tr\/index.php\/wp-json\/wp\/v2\/posts"}],"about":[{"href":"https:\/\/ikimisli.tr\/index.php\/wp-json\/wp\/v2\/types\/post"}],"author":[{"embeddable":true,"href":"https:\/\/ikimisli.tr\/index.php\/wp-json\/wp\/v2\/users\/1"}],"replies":[{"embeddable":true,"href":"https:\/\/ikimisli.tr\/index.php\/wp-json\/wp\/v2\/comments?post=44909"}],"version-history":[{"count":1,"href":"https:\/\/ikimisli.tr\/index.php\/wp-json\/wp\/v2\/posts\/44909\/revisions"}],"predecessor-version":[{"id":44911,"href":"https:\/\/ikimisli.tr\/index.php\/wp-json\/wp\/v2\/posts\/44909\/revisions\/44911"}],"wp:featuredmedia":[{"embeddable":true,"href":"https:\/\/ikimisli.tr\/index.php\/wp-json\/wp\/v2\/media\/44910"}],"wp:attachment":[{"href":"https:\/\/ikimisli.tr\/index.php\/wp-json\/wp\/v2\/media?parent=44909"}],"wp:term":[{"taxonomy":"category","embeddable":true,"href":"https:\/\/ikimisli.tr\/index.php\/wp-json\/wp\/v2\/categories?post=44909"},{"taxonomy":"post_tag","embeddable":true,"href":"https:\/\/ikimisli.tr\/index.php\/wp-json\/wp\/v2\/tags?post=44909"}],"curies":[{"name":"wp","href":"https:\/\/api.w.org\/{rel}","templated":true}]}}