{"id":44962,"date":"2025-06-11T01:00:08","date_gmt":"2025-06-11T01:00:08","guid":{"rendered":"https:\/\/ikimisli.tr\/?p=44962"},"modified":"2025-06-11T01:00:08","modified_gmt":"2025-06-11T01:00:08","slug":"maydonoz-doner-operasyonun-ayrintilari-ortaya-cikiyor-cimere-yapilan-o-basvuruyla-baslamis","status":"publish","type":"post","link":"https:\/\/ikimisli.tr\/index.php\/2025\/06\/11\/maydonoz-doner-operasyonun-ayrintilari-ortaya-cikiyor-cimere-yapilan-o-basvuruyla-baslamis\/","title":{"rendered":"Maydonoz D\u00f6ner operasyonun ayr\u0131nt\u0131lar\u0131 ortaya \u00e7\u0131k\u0131yor: C\u0130MER&#8217;e yap\u0131lan o ba\u015fvuruyla ba\u015flam\u0131\u015f!"},"content":{"rendered":"<p>Ge\u00e7ti\u011fimiz hafta FET\u00d6 operasyonu d\u00fczenlenen 410 \u015fubeli Maydonoz D\u00f6ner&#8217;e y\u00f6nelik operasyonun ayr\u0131nt\u0131lar\u0131 ortaya \u00e7\u0131kt\u0131. Maydonoz D\u00f6ner&#8217;in kapal\u0131 \u00e7ark\u0131na ait olarak i\u015ften \u00e7\u0131kar\u0131lan bir garsonun C\u0130MER&#8217;e yapt\u0131\u011f\u0131 m\u00fcracaat sonras\u0131 incelemelerin ba\u015flad\u0131\u011f\u0131 ortaya \u00e7\u0131kt\u0131.<\/p>\n<p>Operasyon kapsam\u0131nda al\u0131nan s\u00f6zlerde, \u00f6rg\u00fct\u00fcn d\u00f6ner restoran zincirinde pay hissesi ile i\u015ftirak verdi\u011fi \u015fah\u0131slar\u0131 daha evvel isimli s\u00fcre\u00e7 ge\u00e7irmelerine kar\u015f\u0131n bilhassa faal pi\u015fmanl\u0131ktan faydalanmayan, &#8220;FET\u00d6&#8217;ye sad\u0131k ki\u015filer&#8221;den se\u00e7ti\u011fi anla\u015f\u0131ld\u0131.<\/p>\n<p><b>FET\u00d6 REFERANSI OLMAYANLAR \u0130\u015eE ALINMIYORMU\u015e<\/b><\/p>\n<p>FET\u00d6&#8217;den referans\u0131 olmayanlar\u0131n i\u015fe al\u0131nmad\u0131\u011f\u0131 tez edilen zincir d\u00f6ner restoranlarda gayriresmi hissedarlar\u0131n oldu\u011fu ileri s\u00fcr\u00fcld\u00fc. D\u00f6ner restoran zincirinde &#8220;m\u00fcd\u00fcr ya da y\u00f6netici olarak \u00e7al\u0131\u015fabilece\u011fi&#8221;, &#8220;zamanla hissedar olup ekstra para kazanabilece\u011fi&#8221; vaadiyle i\u015fe al\u0131nan lakin daha evvel FET\u00d6 soru\u015fturmas\u0131 kapsam\u0131nda aktif pi\u015fmanl\u0131ktan faydaland\u0131\u011f\u0131 \u00f6\u011frenilince payda\u015fl\u0131k verilmeyen R.\u00d6&#8217;n\u00fcn savc\u0131l\u0131ktaki s\u00f6z\u00fc dikkati \u00e7ekti.<\/p>\n<p><b>C\u0130MER&#8217;E \u015e\u0130KAYETTE BULUNDU<\/b><\/p>\n<p>\u0130tiraflar\u0131nda \u00f6rg\u00fcte gelir sa\u011flamak i\u00e7in kurulan \u00e7ark\u0131 de\u015fifre eden \u015fahit R.\u00d6&#8217;n\u00fcn s\u00f6z\u00fcnde, restoran zincirinde, ter\u00f6r \u00f6rg\u00fct\u00fc soru\u015fturmas\u0131 kapsam\u0131nda kamudan ihra\u00e7 edilenlerin toplant\u0131lar yapt\u0131\u011f\u0131na ve milyonluk sermaye art\u0131\u015f\u0131na ait C\u0130MER&#8217;e \u015fikayette bulundu\u011fu bilgisi yer ald\u0131.<\/p>\n<p>Daha evvel kamudan ihra\u00e7 edilen \u0130.B. ve A.T&#8217;nin ma\u011fazada resmi olarak i\u015ftirakleri bulundu\u011funu belirten R.\u00d6, &#8220;Bu \u015fah\u0131slar\u0131n 3-4 ayl\u0131k s\u00fcre\u00e7te \u00e7ok s\u00fcratli bir formda b\u00fcy\u00fcmeye gittiklerini g\u00f6rd\u00fcm. Haklar\u0131nda yarg\u0131lama ve ihra\u00e7 kayd\u0131 olan bu \u015fah\u0131slar\u0131n bu kadar s\u00fcratli bir bi\u00e7imde nas\u0131l b\u00fcy\u00fcd\u00fcklerini bilmiyorum.&#8221; s\u00f6z\u00fcn\u00fc kulland\u0131.<\/p>\n<p>R.\u00d6, &#8220;ma\u011fazada servis eleman\u0131, kurye, d\u00f6nerci \u00fczere \u00e7al\u0131\u015fanlar\u0131n \u00f6rg\u00fct iltisaklar\u0131na denk gelmedi\u011fini fakat t\u00fcm ma\u011fazalarda ma\u011faza sorumlular\u0131n\u0131n bir k\u0131sm\u0131n\u0131n &#8216;mahrem hizmet&#8217; g\u00f6rm\u00fc\u015f, bir k\u0131sm\u0131n\u0131n da KHK&#8217;dan ihra\u00e7 kayd\u0131 olan \u015fah\u0131slar oldu\u011funu&#8221; belirtti.<\/p>\n<p><b>\u0130FADES\u0130 ORTAYA \u00c7IKTI<\/b><\/p>\n<p>Restoranda \u00e7al\u0131\u015f\u0131rken, gayriresmi hissedarlar\u0131n oldu\u011funu fark etti\u011fini anlatan R.\u00d6, \u015fu bilgileri verdi:<\/p>\n<p>-Bu hissedarlar\u0131n ekseriyetle ihra\u00e7 memur, ihra\u00e7 mahrem yap\u0131 \u00f6\u011frencisi \u00fczere \u015fah\u0131slar\u0131n oldu\u011funu g\u00f6rd\u00fcm. Bu stil hissedarlar resmi bir evrakta yoklard\u0131. Benim sorumlulu\u011funu yapt\u0131\u011f\u0131m ma\u011fazada \u0130.B. ile A.T. resmiyette ortakt\u0131. Ma\u011fazada benim \u00fcst pozisyonumda bulunan m\u00fcd\u00fcr r\u00fctbesiyle M.A. ihra\u00e7 edilmi\u015f kamu i\u015f\u00e7isiydi. Bu ki\u015finin hakk\u0131nda y\u00fcr\u00fct\u00fclen yarg\u0131lamada faal pi\u015fmanl\u0131k kararlar\u0131ndan faydalanmad\u0131\u011f\u0131 i\u00e7in ceza ald\u0131\u011f\u0131n\u0131 E.K&#8217;den \u00f6\u011frendim. Evrak\u0131n\u0131n Yarg\u0131tay&#8217;da oldu\u011funu ve bir devir cezaevinde kald\u0131\u011f\u0131n\u0131 biliyorum.<\/p>\n<p>&#8211; Bir g\u00fcn ma\u011faza m\u00fcd\u00fcr\u00fc M.A. ile konu\u015ftu\u011fumuzda bana &#8216;ka\u00e7 y\u0131l ceza ald\u0131\u011f\u0131m\u0131&#8217; sordu. Kendisine 1 y\u0131l 6 ay ceza ald\u0131\u011f\u0131m\u0131 belirtince bu \u00fcslup bir cezay\u0131 nas\u0131l ald\u0131\u011f\u0131m\u0131, genelde 5 ya da 7 y\u0131l insanlar\u0131n ceza ald\u0131\u011f\u0131n\u0131 bana tekrar sordu. Ben kendisine aktif pi\u015fmanl\u0131k kararlar\u0131ndan faydaland\u0131\u011f\u0131m\u0131 o an i\u00e7in s\u00f6ylemedim lakin kendisi benim bu durumda tabir verdi\u011fimi anlam\u0131\u015ft\u0131.<\/p>\n<p><b>&#8220;ETK\u0130N P\u0130\u015eMANLIKTAN YARARLANDI\u011eIM \u00d6\u011eREN\u0130L\u0130NCE \u0130\u015eTEN \u00c7IKARILDIM&#8221;<\/b><\/p>\n<p>R.\u00d6, kendisini i\u015fe alan ortaklardan E.K&#8217;nin \u00f6rg\u00fct \u00fcyeli\u011fi su\u00e7lamas\u0131yla yarg\u0131land\u0131\u011f\u0131n\u0131 ve y\u00fcksek ceza ald\u0131\u011f\u0131n\u0131 belirtti.<\/p>\n<p>E.K&#8217;nin, kendisinin faal pi\u015fmanl\u0131k kararlar\u0131ndan faydaland\u0131\u011f\u0131n\u0131 bildi\u011fini belirten R.\u00d6, &#8220;\u00d6rg\u00fctle ili\u015fkisini bildi\u011fim arkada\u015f\u0131m\u0131n referans\u0131 ile garson olarak i\u015fe ba\u015flad\u0131m. Sonras\u0131nda \u00fc\u00e7 farkl\u0131 \u015fubeden sorumlu olarak g\u00f6revlendirilmi\u015ftim. Arkada\u015f\u0131m beni davet ederken y\u00fczde 5 pay hissesi ile ortak olabilece\u011fimi belirtmi\u015fti fakat aktif pi\u015fmanl\u0131k kararlar\u0131ndan faydaland\u0131\u011f\u0131m \u00f6\u011frenilince pay verilmedi, evvel bask\u0131 kuruldu, sonra da i\u015ften \u00e7\u0131kar\u0131ld\u0131m.&#8221; dedi.<\/p>\n<p><b>&#8220;VADED\u0130LEN H\u0130SSEDARLIKTAN FAYDALANAMADIM&#8221;<\/b><\/p>\n<p>R.\u00d6, \u015funlar\u0131 anlatt\u0131:<\/p>\n<p>-Bana ciro d\u00fc\u015f\u00fc\u015f\u00fc, i\u015f yeri da\u011f\u0131n\u0131kl\u0131\u011f\u0131, uygulama sitelerindeki puan d\u00fc\u015f\u00fckl\u00fc\u011f\u00fc \u00fczere m\u00fcnasebetlerle mobbing uygulanmaya ba\u015fland\u0131. Vadedilen hissedarl\u0131ktan da faydalanamad\u0131m.<\/p>\n<p>-Bana pay verilmeyece\u011fi s\u00f6ylendi. Sonraki bir g\u00f6r\u00fc\u015fmede de E.K. bu konunun latife oldu\u011funu s\u00f6z etmi\u015fti. Bana verilmesi vadedilen pay y\u00fczde 5 oran\u0131ndayd\u0131. Bu pay kar\u015f\u0131l\u0131\u011f\u0131nda bir para konu\u015fulmam\u0131\u015ft\u0131.<\/p>\n<p>-Y\u00fczde 5&#8217;lik pay hissesi verilse dahi gayri resmi bir bi\u00e7imde olacakt\u0131. Bunun sebebini E.K&#8217;ye sordu\u011fumda herkesin sa\u011flam insan oldu\u011funu, g\u00fcvenilmeyen hi\u00e7 kimseye pay hissesi verilmedi\u011fini s\u00f6yledi.<\/p>\n<p>Y\u00fczde 5&#8217;lik pay\u0131n \u00fczerinde de kimseye hisse verilmedi\u011fini E.K&#8217;nin beyan\u0131yla \u00f6\u011frendi\u011fini bildiren R.\u00d6, \u015fu bilgileri verdi:<\/p>\n<p>&#8220;Ma\u011faza sorumlular\u0131na farkl\u0131 \u015fubelerde tekrar y\u00fczde 5&#8217;lik hisseler verilebiliyordu lakin tek ma\u011fazada kelam sahipli\u011fi artmamas\u0131 ve idari denetimin elden \u00e7\u0131kmamas\u0131 i\u00e7in y\u00fczde 5 \u00fczerine hisse mutlaka verilmiyordu. Bu bahsetti\u011fim harici hissedarl\u0131klar b\u00fcsb\u00fct\u00fcn inan\u00e7 ba\u011f\u0131na dayal\u0131 gayriresmi ortakl\u0131klard\u0131r. Resmiyette \u015firket sahibi g\u00f6z\u00fcken bireylerin de FET\u00d6 iltisaklar\u0131 vard\u0131r. D\u0131\u015far\u0131dan bir bireye pay ya da franchising a\u00e7mas\u0131na m\u00fcsaade edilmedi\u011fini d\u00fc\u015f\u00fcn\u00fcyorum.&#8221;<\/p>\n","protected":false},"excerpt":{"rendered":"<p>Fetullah\u00e7\u0131 Ter\u00f6r \u00d6rg\u00fct\u00fc&#8217;n\u00fcn (FET\u00d6) finansal yap\u0131lanmas\u0131na y\u00f6nelik Antalya merkezli 31 vilayette d\u00fczenlenen &#8220;K\u0131ska\u00e7-40&#8221; operasyonu kapsam\u0131nda bir d\u00f6ner restoran zinciri \u00e7al\u0131\u015fan\u0131na aktif pi\u015fmanl\u0131ktan yararland\u0131\u011f\u0131 i\u00e7in i\u015ftirak verilmedi\u011fi tez edildi.<\/p>\n","protected":false},"author":1,"featured_media":44963,"comment_status":"open","ping_status":"open","sticky":false,"template":"","format":"standard","meta":{"footnotes":""},"categories":[25],"tags":[53,6582,1291,1321,704],"class_list":["post-44962","post","type-post","status-publish","format-standard","has-post-thumbnail","hentry","category-gundem","tag-ceza","tag-etkin-pismanlik","tag-hisse","tag-ihrac","tag-pay"],"_links":{"self":[{"href":"https:\/\/ikimisli.tr\/index.php\/wp-json\/wp\/v2\/posts\/44962","targetHints":{"allow":["GET"]}}],"collection":[{"href":"https:\/\/ikimisli.tr\/index.php\/wp-json\/wp\/v2\/posts"}],"about":[{"href":"https:\/\/ikimisli.tr\/index.php\/wp-json\/wp\/v2\/types\/post"}],"author":[{"embeddable":true,"href":"https:\/\/ikimisli.tr\/index.php\/wp-json\/wp\/v2\/users\/1"}],"replies":[{"embeddable":true,"href":"https:\/\/ikimisli.tr\/index.php\/wp-json\/wp\/v2\/comments?post=44962"}],"version-history":[{"count":1,"href":"https:\/\/ikimisli.tr\/index.php\/wp-json\/wp\/v2\/posts\/44962\/revisions"}],"predecessor-version":[{"id":44964,"href":"https:\/\/ikimisli.tr\/index.php\/wp-json\/wp\/v2\/posts\/44962\/revisions\/44964"}],"wp:featuredmedia":[{"embeddable":true,"href":"https:\/\/ikimisli.tr\/index.php\/wp-json\/wp\/v2\/media\/44963"}],"wp:attachment":[{"href":"https:\/\/ikimisli.tr\/index.php\/wp-json\/wp\/v2\/media?parent=44962"}],"wp:term":[{"taxonomy":"category","embeddable":true,"href":"https:\/\/ikimisli.tr\/index.php\/wp-json\/wp\/v2\/categories?post=44962"},{"taxonomy":"post_tag","embeddable":true,"href":"https:\/\/ikimisli.tr\/index.php\/wp-json\/wp\/v2\/tags?post=44962"}],"curies":[{"name":"wp","href":"https:\/\/api.w.org\/{rel}","templated":true}]}}