{"id":44973,"date":"2025-06-11T01:36:07","date_gmt":"2025-06-11T01:36:07","guid":{"rendered":"https:\/\/ikimisli.tr\/?p=44973"},"modified":"2025-06-11T01:36:07","modified_gmt":"2025-06-11T01:36:07","slug":"turk-bali-ihracati-yilin-ilk-ayinda-41-milyon-dolar-kazandirdi","status":"publish","type":"post","link":"https:\/\/ikimisli.tr\/index.php\/2025\/06\/11\/turk-bali-ihracati-yilin-ilk-ayinda-41-milyon-dolar-kazandirdi\/","title":{"rendered":"T\u00fcrk bal\u0131 ihracat\u0131 y\u0131l\u0131n ilk ay\u0131nda 4,1 milyon dolar kazand\u0131rd\u0131"},"content":{"rendered":"<p>Do\u011fu Karadeniz \u0130hracat\u00e7\u0131lar Birli\u011fi \u0130dare \u015euras\u0131 Lider Yard\u0131mc\u0131s\u0131 Ahmet Hamdi G\u00fcrdo\u011fan, AA muhabirine, T\u00fcrkiye&#8217;den y\u0131l\u0131n birinci ay\u0131nda 20 \u00fclkeye bal ihra\u00e7 edildi\u011fini s\u00f6yledi.<\/p>\n<p>Bal ihracat\u0131n\u0131n Ocak 2024&#8217;te 611 ton kar\u015f\u0131l\u0131\u011f\u0131 2 milyon 530 bin 931 dolar olarak kay\u0131tlara ge\u00e7ti\u011fini lisana getiren G\u00fcrdo\u011fan, &#8220;T\u00fcrkiye&#8217;den bu y\u0131l\u0131n birinci ay\u0131nda ise 1341 ton kar\u015f\u0131l\u0131\u011f\u0131 4 milyon 150 bin 888 dolarl\u0131k bal d\u0131\u015f sat\u0131m\u0131 yap\u0131ld\u0131. B\u00f6ylelikle, \u00fclkemizden yap\u0131lan bal ihracat\u0131 ge\u00e7en y\u0131l\u0131n t\u0131pk\u0131 ay\u0131na nazaran \u00f6l\u00e7\u00fcde y\u00fczde 119, pahada de y\u00fczde 64 artt\u0131.&#8221; tabirini kulland\u0131.<\/p>\n<p>G\u00fcrdo\u011fan, T\u00fcrkiye&#8217;nin bal ihracat\u0131nda 1 milyon 783 bin 701 dolarla ABD&#8217;nin birinci s\u0131rada yer ald\u0131\u011f\u0131n\u0131 belirterek, <strong>&#8220;ABD&#8217;yi 637 bin 315 dolarla Almanya ve 483 bin 189 dolarla Kanada takip etti&#8221;<\/strong> dedi.<\/p>\n<p>\u0130hracatta \u00fclke \u00e7e\u015fitlili\u011fini art\u0131rmay\u0131 \u00f6nemsediklerini aktaran G\u00fcrdo\u011fan, ge\u00e7en y\u0131l\u0131n t\u0131pk\u0131 devrinden farkl\u0131 olarak Slovenya, Hollanda, Kosova, Banglade\u015f, Libya ve \u0130zlanda&#8217;ya da bu y\u0131l\u0131n birinci ay\u0131nda bal sat\u0131ld\u0131\u011f\u0131n\u0131 vurgulad\u0131.<\/p>\n<p>G\u00fcrdo\u011fan, bal ihracat\u0131n\u0131n y\u0131la ho\u015f ba\u015flad\u0131\u011f\u0131n\u0131, markal\u0131 ve \u00fcst kalite k\u00fc\u00e7\u00fck ambalajl\u0131 eserlere tart\u0131 verilmesinin bal ihracat\u0131n\u0131 art\u0131raca\u011f\u0131n\u0131 kaydetti.<\/p>\n","protected":false},"excerpt":{"rendered":"<p>T\u00fcrkiye&#8217;den Ocak 2025&#8217;te yap\u0131lan bal ihracat\u0131, ge\u00e7en y\u0131l\u0131n birebir devrine nazaran y\u00fczde 64 artarak 4 milyon 150 bin 888 dolara ula\u015ft\u0131.<\/p>\n","protected":false},"author":1,"featured_media":44974,"comment_status":"open","ping_status":"open","sticky":false,"template":"","format":"standard","meta":{"footnotes":""},"categories":[24],"tags":[6583,155],"class_list":["post-44973","post","type-post","status-publish","format-standard","has-post-thumbnail","hentry","category-ekonomi","tag-bal-ihracati","tag-dolar"],"_links":{"self":[{"href":"https:\/\/ikimisli.tr\/index.php\/wp-json\/wp\/v2\/posts\/44973","targetHints":{"allow":["GET"]}}],"collection":[{"href":"https:\/\/ikimisli.tr\/index.php\/wp-json\/wp\/v2\/posts"}],"about":[{"href":"https:\/\/ikimisli.tr\/index.php\/wp-json\/wp\/v2\/types\/post"}],"author":[{"embeddable":true,"href":"https:\/\/ikimisli.tr\/index.php\/wp-json\/wp\/v2\/users\/1"}],"replies":[{"embeddable":true,"href":"https:\/\/ikimisli.tr\/index.php\/wp-json\/wp\/v2\/comments?post=44973"}],"version-history":[{"count":1,"href":"https:\/\/ikimisli.tr\/index.php\/wp-json\/wp\/v2\/posts\/44973\/revisions"}],"predecessor-version":[{"id":44975,"href":"https:\/\/ikimisli.tr\/index.php\/wp-json\/wp\/v2\/posts\/44973\/revisions\/44975"}],"wp:featuredmedia":[{"embeddable":true,"href":"https:\/\/ikimisli.tr\/index.php\/wp-json\/wp\/v2\/media\/44974"}],"wp:attachment":[{"href":"https:\/\/ikimisli.tr\/index.php\/wp-json\/wp\/v2\/media?parent=44973"}],"wp:term":[{"taxonomy":"category","embeddable":true,"href":"https:\/\/ikimisli.tr\/index.php\/wp-json\/wp\/v2\/categories?post=44973"},{"taxonomy":"post_tag","embeddable":true,"href":"https:\/\/ikimisli.tr\/index.php\/wp-json\/wp\/v2\/tags?post=44973"}],"curies":[{"name":"wp","href":"https:\/\/api.w.org\/{rel}","templated":true}]}}