{"id":45014,"date":"2025-06-11T04:00:07","date_gmt":"2025-06-11T04:00:07","guid":{"rendered":"https:\/\/ikimisli.tr\/?p=45014"},"modified":"2025-06-11T04:00:07","modified_gmt":"2025-06-11T04:00:07","slug":"abden-ukraynaya-35-milyar-euroluk-bir-destek-daha","status":"publish","type":"post","link":"https:\/\/ikimisli.tr\/index.php\/2025\/06\/11\/abden-ukraynaya-35-milyar-euroluk-bir-destek-daha\/","title":{"rendered":"AB&#8217;den Ukrayna&#8217;ya 3,5 milyar Euro&#8217;luk bir destek daha"},"content":{"rendered":"<p>vrupa Birli\u011fi (AB) Komitesi Lideri Ursula von der Leyen, Rusya-Ukrayna Sava\u015f\u0131&#8217;n\u0131n 3. y\u0131l d\u00f6n\u00fcm\u00fc nedeniyle Kiev&#8217;de d\u00fczenlenen Ukrayna&#8217;ya takviye bahisli milletleraras\u0131 dorukta konu\u015ftu.<\/p>\n<p>Avrupa&#8217;n\u0131n \u00f6zg\u00fcr ve h\u00fck\u00fcmran bir Ukrayna&#8217;ya inand\u0131\u011f\u0131na vurgulayan von der Leyen, &#8220;Ukrayna&#8217;daki sava\u015f, Avrupa&#8217;n\u0131n gelece\u011fi i\u00e7in en merkezi ve k\u0131ymetli kriz olmaya devam ediyor.&#8221; dedi.<\/p>\n<p>Von der Leyen, yaln\u0131zca Ukrayna&#8217;n\u0131n de\u011fil Avrupa&#8217;n\u0131n mukadderat\u0131n\u0131n de tehlikede oldu\u011funa dikkati \u00e7ekerek, bu nedenle birinci \u00f6nceliklerinin Ukrayna&#8217;n\u0131n direni\u015fini g\u00fc\u00e7lendirmek oldu\u011funu vurgulad\u0131.<\/p>\n<p><b>\u015e\u0130MD\u0130YE KADAR 134 M\u0130LYAR EURO&#8217;LUK DAYANAK YAPILDI<\/b><\/p>\n<p>&#8220;AB ve \u00fcye \u00fclkeler \u015fimdiye kadar Ukrayna&#8217;ya 134 milyar Euro dayanak sa\u011flad\u0131.&#8221; diyen von der Leyen, kelam konusu \u00f6l\u00e7\u00fcn\u00fcn ba\u015fka t\u00fcm \u00fclkelerden fazla oldu\u011funu arg\u00fcman etti.<\/p>\n<p>Von der Leyen, Ukrayna fonu ve G7 kredisi sayesinde Ukrayna&#8217;n\u0131n 2025 y\u0131l\u0131 b\u00fct\u00e7e a\u00e7\u0131\u011f\u0131n\u0131 kapatt\u0131klar\u0131na i\u015faret etti.<\/p>\n<p>&#8220;Silah ve m\u00fchimmat teslimat\u0131n\u0131 ivedilikle h\u0131zland\u0131rmal\u0131y\u0131z.&#8221; diyen von der Leyen, gelecek devirde bu bahis \u00fczerine a\u011f\u0131r \u00e7al\u0131\u015facaklar\u0131n\u0131 s\u00f6yledi.<\/p>\n<p>Von der Leyen, Ukrayna&#8217;n\u0131n egemenli\u011fine yap\u0131lan yat\u0131r\u0131m\u0131n gelecekteki sava\u015flar\u0131n \u00f6nlenmesine yap\u0131lan bir yat\u0131r\u0131m oldu\u011funu tabir etti.<\/p>\n<p>AB&#8217;nin Ukrayna&#8217;y\u0131 desteklemeye devam edece\u011fine dikkati \u00e7eken von der Leyen, &#8220;Avrupa, bu kritik anda Ukrayna&#8217;y\u0131 desteklemek i\u00e7in burada bulunuyor. Ukrayna&#8217;ya 3,5 milyar Euro&#8217;luk yeni bir \u00f6demenin mart ay\u0131nda yap\u0131laca\u011f\u0131n\u0131 duyurabilirim.&#8221; dedi.<\/p>\n<p>Von der Leyen, Avrupa\u2019n\u0131n silah \u00fcretimini ve savunma yeteneklerini art\u0131rma konusunda kapsaml\u0131 bir plan sunaca\u011f\u0131n\u0131 anlatt\u0131.<\/p>\n<p>Ukrayna&#8217;n\u0131n g\u00fc\u00e7 g\u00fcvenli\u011fi konusunda da bir paket haz\u0131rlad\u0131klar\u0131na i\u015faret eden von der Leyen, &#8220;\u00d6n\u00fcm\u00fczdeki y\u0131l\u0131n sonuna kadar Ukrayna ve Moldova&#8217;n\u0131n elektrik piyasas\u0131n\u0131 elektrik piyasam\u0131zla b\u00fcsb\u00fct\u00fcn entegre edece\u011fiz. Ukrayna&#8217;n\u0131n y\u00fczde 80&#8217;i AB \u00fclkeleri yak\u0131n\u0131nda bulunan geni\u015f gaz depolar\u0131n\u0131n t\u00fcm potansiyelini kullanaca\u011f\u0131z.&#8221; diye konu\u015ftu.<\/p>\n<p>Von der Leyen, adil ve kal\u0131c\u0131 bir bar\u0131\u015f\u0131n lakin g\u00fc\u00e7le sa\u011flanabilece\u011fini anlatt\u0131.<\/p>\n<p>\u00d6te yandan, AB, ge\u00e7en y\u0131l Ukrayna&#8217;ya 2027 y\u0131l\u0131na kadar hibe ve kredilerden olu\u015fan 50 milyar Euro&#8217;luk finansman sa\u011flayacak bir takviye paketi haz\u0131rlam\u0131\u015f ve \u00fclkeye sistemli \u00f6demelere ba\u015flam\u0131\u015ft\u0131.<\/p>\n<p>Von der Leyen&#8217;in a\u00e7\u0131klad\u0131\u011f\u0131 3,5 milyar Euro&#8217;luk nakit kelam konusu paket kapsam\u0131nda bir avans niteli\u011fi ta\u015f\u0131yor.<\/p>\n","protected":false},"excerpt":{"rendered":"<p>AB Komisyonu Ba\u015fkan\u0131 Ursula von der Leyen, Ukrayna&#8217;ya mart ay\u0131nda 3,5 milyar Euro&#8217;luk yard\u0131m yap\u0131laca\u011f\u0131n\u0131 a\u00e7\u0131klad\u0131.<\/p>\n","protected":false},"author":1,"featured_media":45015,"comment_status":"open","ping_status":"open","sticky":false,"template":"","format":"standard","meta":{"footnotes":""},"categories":[24],"tags":[234,201,6587,5767,4859],"class_list":["post-45014","post","type-post","status-publish","format-standard","has-post-thumbnail","hentry","category-ekonomi","tag-destek","tag-ukrayna","tag-ukraynaya","tag-ukraynanin","tag-von-der-leyen"],"_links":{"self":[{"href":"https:\/\/ikimisli.tr\/index.php\/wp-json\/wp\/v2\/posts\/45014","targetHints":{"allow":["GET"]}}],"collection":[{"href":"https:\/\/ikimisli.tr\/index.php\/wp-json\/wp\/v2\/posts"}],"about":[{"href":"https:\/\/ikimisli.tr\/index.php\/wp-json\/wp\/v2\/types\/post"}],"author":[{"embeddable":true,"href":"https:\/\/ikimisli.tr\/index.php\/wp-json\/wp\/v2\/users\/1"}],"replies":[{"embeddable":true,"href":"https:\/\/ikimisli.tr\/index.php\/wp-json\/wp\/v2\/comments?post=45014"}],"version-history":[{"count":1,"href":"https:\/\/ikimisli.tr\/index.php\/wp-json\/wp\/v2\/posts\/45014\/revisions"}],"predecessor-version":[{"id":45016,"href":"https:\/\/ikimisli.tr\/index.php\/wp-json\/wp\/v2\/posts\/45014\/revisions\/45016"}],"wp:featuredmedia":[{"embeddable":true,"href":"https:\/\/ikimisli.tr\/index.php\/wp-json\/wp\/v2\/media\/45015"}],"wp:attachment":[{"href":"https:\/\/ikimisli.tr\/index.php\/wp-json\/wp\/v2\/media?parent=45014"}],"wp:term":[{"taxonomy":"category","embeddable":true,"href":"https:\/\/ikimisli.tr\/index.php\/wp-json\/wp\/v2\/categories?post=45014"},{"taxonomy":"post_tag","embeddable":true,"href":"https:\/\/ikimisli.tr\/index.php\/wp-json\/wp\/v2\/tags?post=45014"}],"curies":[{"name":"wp","href":"https:\/\/api.w.org\/{rel}","templated":true}]}}