{"id":45036,"date":"2025-06-11T04:48:07","date_gmt":"2025-06-11T04:48:07","guid":{"rendered":"https:\/\/ikimisli.tr\/?p=45036"},"modified":"2025-06-11T04:48:07","modified_gmt":"2025-06-11T04:48:07","slug":"kemanin-harika-cocugu-lacinin-olumune-neden-olan-surucu-icin-istenen-hapis-cezasi-belli-oldu","status":"publish","type":"post","link":"https:\/\/ikimisli.tr\/index.php\/2025\/06\/11\/kemanin-harika-cocugu-lacinin-olumune-neden-olan-surucu-icin-istenen-hapis-cezasi-belli-oldu\/","title":{"rendered":"Keman\u0131n harika \u00e7ocu\u011fu La\u00e7in&#8217;in \u00f6l\u00fcm\u00fcne neden olan s\u00fcr\u00fcc\u00fc i\u00e7in istenen hapis cezas\u0131 belli oldu"},"content":{"rendered":"<p>\u0130svi\u00e7re&#8217;de bir \u00fcniversitede m\u00fczik e\u011fitimi alan, Mersin \u00dcniversitesi Devlet Konservatuvar\u0131 \u00f6\u011frencilerinden La\u00e7in Akyol, kayak yaparken aya\u011f\u0131 k\u0131r\u0131l\u0131nca 2024 y\u0131l\u0131n\u0131n Aral\u0131k ay\u0131nda Mersin&#8217;deki ailesinin yan\u0131na d\u00f6nd\u00fc.<\/p>\n<p>25 Ocak&#8217;ta Adnan Menderes Bulvar\u0131&#8217;nda yolun kar\u015f\u0131s\u0131na ge\u00e7meye \u00e7al\u0131\u015fan Akyol&#8217;a, \u0130brahim Halil Eforlar idaresindeki araba \u00e7arpt\u0131. Kazada La\u00e7in Akyol, a\u011f\u0131r yaraland\u0131.<\/p>\n<p><b>ORGANLARI BA\u011eI\u015eLANDI<\/b><\/p>\n<p>Mersin \u00dcniversitesi T\u0131p Fak\u00fcltesi Hastanesi&#8217;nin a\u011f\u0131r bak\u0131m \u00fcnitesinde tedaviye al\u0131nan Akyol&#8217;un 6 \u015eubat ak\u015fam\u0131 beyin mevti ger\u00e7ekle\u015fti. La\u00e7in&#8217;in ba\u011f\u0131\u015flanan karaci\u011feri Malatya&#8217;da, bir b\u00f6bre\u011fi Mersin&#8217;de ve ba\u015fka b\u00f6bre\u011fi de Kayseri&#8217;deki hastalara nakledildi.<\/p>\n<p>Akyol&#8217;un hayat\u0131n\u0131 kaybetmesinin akabinde g\u00f6zalt\u0131na al\u0131nan \u015fof\u00f6r \u0130brahim Halil Eforlar, tutuklanarak cezaevine g\u00f6nderildi.<\/p>\n<p><b>KAZADA LA\u00c7\u0130N&#8217;\u0130N KUSURU YOK<\/b><\/p>\n<p>Mersin Cumhuriyet Ba\u015fsavc\u0131l\u0131\u011f\u0131 taraf\u0131ndan y\u00fcr\u00fct\u00fclen soru\u015fturma kapsam\u0131nda iddianame haz\u0131rland\u0131. \u0130ddianamede; tutuklu san\u0131k \u0130brahim Halil \u00c7abalar&#8217;\u0131n &#8216;Bilin\u00e7li taksirle \u00f6ld\u00fcrme&#8217; hatas\u0131ndan 9 y\u0131la kadar mahpusla cezaland\u0131r\u0131lmas\u0131 talep edildi.<\/p>\n<p>\u0130ddianamede \u00c7abalar\u2019\u0131n, &#8216;G\u00f6revli bir ki\u015fi yahut \u0131\u015f\u0131kl\u0131 trafik i\u015fareti bulunmayan fakat trafik i\u015fareti yahut levhalar\u0131yla belirlenmi\u015f yaya yahut okul ge\u00e7itlerine yakla\u015f\u0131rken yava\u015flamamak, varsa buralardan ge\u00e7en yahut ge\u00e7mek \u00fczere bulunan yayalara durarak birinci ge\u00e7it hakk\u0131n\u0131 vermemek&#8217; hususunu ihlal etti\u011fine yer verildi.<\/p>\n<p>Ayr\u0131ca La\u00e7in Akyol&#8217;un kusurunun olmad\u0131\u011f\u0131 belirtildi.<\/p>\n","protected":false},"excerpt":{"rendered":"<p>Mersin&#8217;de arabas\u0131yla \u00e7arpt\u0131\u011f\u0131 \u00f6d\u00fcll\u00fc keman sanatkar\u0131 La\u00e7in Akyol&#8217;un (18) vefat\u0131na neden olan \u015fof\u00f6r \u0130brahim Halil U\u011fra\u015flar hakk\u0131nda &#8216;Bilin\u00e7li taksirle \u00f6ld\u00fcrme&#8217; c\u00fcrm\u00fcnden 9 y\u0131la kadar mahpus cezas\u0131 istemiyle iddianame haz\u0131rland\u0131.<\/p>\n","protected":false},"author":1,"featured_media":45037,"comment_status":"open","ping_status":"open","sticky":false,"template":"","format":"standard","meta":{"footnotes":""},"categories":[25],"tags":[6589,1318],"class_list":["post-45036","post","type-post","status-publish","format-standard","has-post-thumbnail","hentry","category-gundem","tag-lacin","tag-mersin"],"_links":{"self":[{"href":"https:\/\/ikimisli.tr\/index.php\/wp-json\/wp\/v2\/posts\/45036","targetHints":{"allow":["GET"]}}],"collection":[{"href":"https:\/\/ikimisli.tr\/index.php\/wp-json\/wp\/v2\/posts"}],"about":[{"href":"https:\/\/ikimisli.tr\/index.php\/wp-json\/wp\/v2\/types\/post"}],"author":[{"embeddable":true,"href":"https:\/\/ikimisli.tr\/index.php\/wp-json\/wp\/v2\/users\/1"}],"replies":[{"embeddable":true,"href":"https:\/\/ikimisli.tr\/index.php\/wp-json\/wp\/v2\/comments?post=45036"}],"version-history":[{"count":1,"href":"https:\/\/ikimisli.tr\/index.php\/wp-json\/wp\/v2\/posts\/45036\/revisions"}],"predecessor-version":[{"id":45038,"href":"https:\/\/ikimisli.tr\/index.php\/wp-json\/wp\/v2\/posts\/45036\/revisions\/45038"}],"wp:featuredmedia":[{"embeddable":true,"href":"https:\/\/ikimisli.tr\/index.php\/wp-json\/wp\/v2\/media\/45037"}],"wp:attachment":[{"href":"https:\/\/ikimisli.tr\/index.php\/wp-json\/wp\/v2\/media?parent=45036"}],"wp:term":[{"taxonomy":"category","embeddable":true,"href":"https:\/\/ikimisli.tr\/index.php\/wp-json\/wp\/v2\/categories?post=45036"},{"taxonomy":"post_tag","embeddable":true,"href":"https:\/\/ikimisli.tr\/index.php\/wp-json\/wp\/v2\/tags?post=45036"}],"curies":[{"name":"wp","href":"https:\/\/api.w.org\/{rel}","templated":true}]}}