{"id":45153,"date":"2025-06-11T12:00:21","date_gmt":"2025-06-11T12:00:21","guid":{"rendered":"https:\/\/ikimisli.tr\/?p=45153"},"modified":"2025-06-11T12:00:21","modified_gmt":"2025-06-11T12:00:21","slug":"netanyahunun-aciklamasindan-bir-gun-sonra-suriyenin-guneyinde-sdg-yanlisi-yeni-silahli-orgut-kuruldu","status":"publish","type":"post","link":"https:\/\/ikimisli.tr\/index.php\/2025\/06\/11\/netanyahunun-aciklamasindan-bir-gun-sonra-suriyenin-guneyinde-sdg-yanlisi-yeni-silahli-orgut-kuruldu\/","title":{"rendered":"Netanyahu&#8217;nun a\u00e7\u0131klamas\u0131ndan bir g\u00fcn sonra, Suriye&#8217;nin g\u00fcneyinde SDG yanl\u0131s\u0131 yeni silahl\u0131 \u00f6rg\u00fct kuruldu"},"content":{"rendered":"<p>\u0130srail Ba\u015fbakan\u0131 Binyamin Netanyahu, \u0130srail\u2019in Suriye\u2019nin g\u00fcneyindeki varl\u0131\u011f\u0131n\u0131 s\u00fcresiz olarak s\u00fcrd\u00fcrece\u011fini belirterek, Suriye\u2019nin yeni ordusunun ya da \u015eam\u2019\u0131n Heyet Tahrir el-\u015eam\u2019a ba\u011fl\u0131 etkin militan k\u00fcmelerin g\u00fcneyine girmesine m\u00fcsaade vermeyeceklerini s\u00f6yledi.  <\/p>\n<p>Netanyahu\u2019nun Pazar g\u00fcn\u00fc askeri bir mezuniyet merasiminde yapt\u0131\u011f\u0131 a\u00e7\u0131klamalar, \u015eam\u2019daki yeni idarenin y\u0131llarca s\u00fcren i\u00e7 sava\u015f\u0131n akabinde denetimi sa\u011flamaya \u00e7al\u0131\u015ft\u0131\u011f\u0131 bir devirde, \u0130srail\u2019in Suriye\u2019nin g\u00fcneyindeki tesirine dair yeni tasalar yaratt\u0131.<\/p>\n<p>Netanyahu, \u201c\u015eunu bilin, HT\u015e g\u00fc\u00e7lerinin ya da yeni Suriye ordusunun \u015eam\u2019\u0131n g\u00fcneyine girmesine m\u00fcsaade vermeyece\u011fiz\u201d diyerek , yeni Suriye idaresine ve militan k\u00fcmelere meydan okudu.<\/p>\n<p>Netanyahu, \u201cKuneytra, Dera ve S\u00fcveyda vilayetlerinde yeni rejime ba\u011fl\u0131 g\u00fc\u00e7lerin b\u00fcsb\u00fct\u00fcn silahs\u0131zland\u0131r\u0131lmas\u0131n\u0131 talep ediyoruz. Birebir formda, Suriye\u2019nin g\u00fcneyindeki D\u00fcrzi toplumuna y\u00f6nelik rastgele bir tehdide g\u00f6z yummayaca\u011f\u0131z\u201d dedi.  <\/p>\n<p><img decoding=\"async\" src=\"https:\/\/ikimisli.tr\/wp-content\/uploads\/2025\/06\/netanyahunun-aciklamasindan-bir-gun-sonra-suriyenin-guneyinde-sdg-yanlisi-yeni-silahli-orgut-kuruldu-0-47ykUyVu.png\"\/><\/p>\n<p><b>YEN\u0130 KURULAN D\u00dcRZ\u0130 M\u0130L\u0130TAN K\u00dcMES\u0130, SDG&#8217;Y\u0130 DESTEKL\u0130YOR<\/b><\/p>\n<p>Bu esnada G\u00fcney Suriye&#8217;nin S\u00fcveyde b\u00f6lgesinde, bilhassa Durzi militanlar\u0131n olu\u015fturdu\u011fu belirtilen &#8220;S\u00fcveyde Askeri Konseyi&#8221; isminde, ter\u00f6r \u00f6rg\u00fct\u00fc YPG\/PKK&#8217;ya ba\u011fl\u0131 Suriye Demokratik G\u00fc\u00e7lerine ba\u011fl\u0131 oldu\u011fu belirtilen bir silahl\u0131 k\u00fcme, kurulu\u015funu duyurdu.<\/p>\n<p>Ahmet \u015earaa&#8217;n\u0131n merkezi idaresini reddeden S\u00fcveyde Askeri Kurulu, G\u00fcney Suriye&#8217;de &#8220;\u00f6zerk, laik ve demokratik bir h\u00fck\u00fcmet&#8221; kuracaklar\u0131n\u0131 bildirdi. Bu konuda &#8220;b\u00f6lgesel ve memleketler aras\u0131 g\u00fc\u00e7lerle i\u015fbirli\u011fi yapacaklar\u0131n\u0131 da&#8221; duyurdu.<\/p>\n<p>Bu a\u00e7\u0131klamalardan saatler sonra lokal kaynaklar, asker ta\u015f\u0131yan \u0130srail z\u0131rhl\u0131 ara\u00e7lar\u0131 Dera&#8217;da g\u00f6r\u00fcld\u00fc\u011f\u00fcn\u00fc aktard\u0131. Payla\u015f\u0131lan g\u00f6r\u00fcnt\u00fclerde \u0130srail ve Durzi bayraklar\u0131 dalgaland\u0131r\u0131lan z\u0131rhl\u0131 ara\u00e7lar g\u00f6r\u00fcnt\u00fclendi. <\/p>\n<p>Yerel kaynaklar, \u0130srail askerlerinin Dera kenti ve kentin etraf\u0131nda varl\u0131k g\u00f6sterdi\u011fini ve a\u015fik\u00e2r b\u00f6lgelerde konu\u015fland\u0131\u011f\u0131n\u0131 aktard\u0131, fakat bir \u00e7at\u0131\u015fma ya\u015fand\u0131\u011f\u0131 aktar\u0131lmad\u0131.<\/p>\n<p>Bu esnada \u015eam&#8217;\u0131n g\u00fcneyinde ya\u015fayan Suriyeliler, Kuneytra&#8217;da Netanyahu&#8217;nun a\u00e7\u0131klamalar\u0131n\u0131 protesto etti. Soka\u011fa d\u00f6k\u00fclen halk, yeni Suriye bayraklar\u0131 a\u00e7arak reaksiyon g\u00f6sterdi.<\/p>\n<p><img decoding=\"async\" src=\"https:\/\/ikimisli.tr\/wp-content\/uploads\/2025\/06\/netanyahunun-aciklamasindan-bir-gun-sonra-suriyenin-guneyinde-sdg-yanlisi-yeni-silahli-orgut-kuruldu-1-VYnAKhig.png\"\/><\/p>\n<p><b>\u0130SRA\u0130L, YEN\u0130 \u00d6RG\u00dcTE YARDIM EDECE\u011e\u0130N\u0130N S\u0130NYAL\u0130N\u0130 VERD\u0130<\/b><\/p>\n<p>Netanyahu\u2019nun h\u00fck\u00fcmeti, kuzeyde hudut b\u00f6lgelerine yak\u0131n ya\u015fayan \u0130sraillilerin g\u00fcvenli\u011fini sa\u011flama konusunda bask\u0131 alt\u0131ndayken, Katz \u0130srail\u2019in b\u00f6lgedeki \u201cdost n\u00fcfuslarla\u201d ba\u011flar\u0131n\u0131 g\u00fc\u00e7lendirece\u011fini s\u00f6yledi.<\/p>\n<p>Bu k\u00fcmeler ortas\u0131nda hem Suriye\u2019nin g\u00fcneyinde hem de \u0130srail\u2019in denetimindeki Golan Tepeleri\u2019nde ya\u015fayan D\u00fcrziler \u00f6ne \u00e7\u0131k\u0131yor.<\/p>\n<p>Netanyahu, \u201cSuriye\u2019nin g\u00fcneyindeki D\u00fcrzi toplumuna y\u00f6nelik rastgele bir tehdide g\u00f6z yummayaca\u011f\u0131z\u201d derken, Katz daha geni\u015f bir \u00e7er\u00e7evede \u0130srail g\u00fc\u00e7lerinin \u201cg\u00fcvenlik b\u00f6lgesinde ve \u015eam\u2019a kadar olan g\u00fcney Suriye\u2019de d\u00fc\u015fman g\u00fc\u00e7lerin varl\u0131k g\u00f6stermesine m\u00fcsaade vermeyece\u011fini\u201d ve \u201cher t\u00fcrl\u00fc tehdide kar\u015f\u0131 harekete ge\u00e7eceklerini\u201d s\u00f6yledi.<\/p>\n<p>Suriye makamlar\u0131ndan bu geli\u015fmelere \u00e7abucak bir cevap gelmezken, \u0130srail Savunma Bakan\u0131 \u0130srail Katz, \u0130srail g\u00fc\u00e7lerinin Suriye\u2019nin g\u00fcneyinde Hermon Da\u011f\u0131\u2019nda ve bir tampon b\u00f6lgede s\u00fcresiz olarak kalaca\u011f\u0131n\u0131 s\u00f6yledi.<\/p>\n<p>Katz, \u201cinsanlar\u0131m\u0131z\u0131 korumak ve rastgele bir tehdidi bertaraf etmek i\u00e7in orada olaca\u011f\u0131z\u201d dedi ve \u0130srail\u2019in da\u011fda iki, tampon b\u00f6lgede ise yedi askeri nokta olmak \u00fczere toplamda 9 askeri tesis kurdu\u011funu duyurdu.<\/p>\n<p>Esad rejiminin Aral\u0131k ay\u0131nda \u00e7\u00f6kmesinin akabinde \u0130srail, 1974 ate\u015fkes muahedesi kapsam\u0131nda olu\u015fturulmu\u015f, BM kontrol\u00fcndeki tampon b\u00f6lgeyi ele ge\u00e7irdi. Suriye\u2019nin yeni idaresi ve BM yetkilileri, \u0130srail\u2019in b\u00f6lgeden \u00e7ekilmesini talep etti.  <\/p>\n","protected":false},"excerpt":{"rendered":"<p>\u0130srail Ba\u015fbakan\u0131 Netanyahu, Suriye\u2019nin g\u00fcneyindeki askeri varl\u0131\u011f\u0131n s\u00fcresiz devam edece\u011fini duyurdu. \u0130srail\u2019in, \u015eam\u2019\u0131n g\u00fcneyine yeni Suriye ordusu yahut HT\u015e g\u00fc\u00e7lerinin giri\u015fine m\u00fcsaade vermeyece\u011fini belirtti. Bu s\u0131rada S\u00fcveyde\u2019de D\u00fcrzi militanlar, YPG\/PKK&#8217;ya ba\u011fl\u0131 olan SDG yanl\u0131s\u0131 yeni bir silahl\u0131 k\u00fcmenin kuruldu\u011funu ilan etti. \u0130srail, b\u00f6lgedeki &#8220;dost n\u00fcfuslarla&#8221; i\u015f birli\u011fini g\u00fc\u00e7lendirece\u011fini a\u00e7\u0131klad\u0131.<\/p>\n","protected":false},"author":1,"featured_media":45154,"comment_status":"open","ping_status":"open","sticky":false,"template":"","format":"standard","meta":{"footnotes":""},"categories":[43],"tags":[927,6601,122,80,295],"class_list":["post-45153","post","type-post","status-publish","format-standard","has-post-thumbnail","hentry","category-dunya","tag-askeri","tag-guclerin","tag-guney","tag-israil","tag-suriye"],"_links":{"self":[{"href":"https:\/\/ikimisli.tr\/index.php\/wp-json\/wp\/v2\/posts\/45153","targetHints":{"allow":["GET"]}}],"collection":[{"href":"https:\/\/ikimisli.tr\/index.php\/wp-json\/wp\/v2\/posts"}],"about":[{"href":"https:\/\/ikimisli.tr\/index.php\/wp-json\/wp\/v2\/types\/post"}],"author":[{"embeddable":true,"href":"https:\/\/ikimisli.tr\/index.php\/wp-json\/wp\/v2\/users\/1"}],"replies":[{"embeddable":true,"href":"https:\/\/ikimisli.tr\/index.php\/wp-json\/wp\/v2\/comments?post=45153"}],"version-history":[{"count":1,"href":"https:\/\/ikimisli.tr\/index.php\/wp-json\/wp\/v2\/posts\/45153\/revisions"}],"predecessor-version":[{"id":45157,"href":"https:\/\/ikimisli.tr\/index.php\/wp-json\/wp\/v2\/posts\/45153\/revisions\/45157"}],"wp:featuredmedia":[{"embeddable":true,"href":"https:\/\/ikimisli.tr\/index.php\/wp-json\/wp\/v2\/media\/45154"}],"wp:attachment":[{"href":"https:\/\/ikimisli.tr\/index.php\/wp-json\/wp\/v2\/media?parent=45153"}],"wp:term":[{"taxonomy":"category","embeddable":true,"href":"https:\/\/ikimisli.tr\/index.php\/wp-json\/wp\/v2\/categories?post=45153"},{"taxonomy":"post_tag","embeddable":true,"href":"https:\/\/ikimisli.tr\/index.php\/wp-json\/wp\/v2\/tags?post=45153"}],"curies":[{"name":"wp","href":"https:\/\/api.w.org\/{rel}","templated":true}]}}