{"id":45196,"date":"2025-06-11T14:12:07","date_gmt":"2025-06-11T14:12:07","guid":{"rendered":"https:\/\/ikimisli.tr\/?p=45196"},"modified":"2025-06-11T14:12:07","modified_gmt":"2025-06-11T14:12:07","slug":"iste-yasli-insanlarin-renkleri-farkli-algilamasinin-gercek-nedeni","status":"publish","type":"post","link":"https:\/\/ikimisli.tr\/index.php\/2025\/06\/11\/iste-yasli-insanlarin-renkleri-farkli-algilamasinin-gercek-nedeni\/","title":{"rendered":"\u0130\u015fte ya\u015fl\u0131 insanlar\u0131n renkleri farkl\u0131 alg\u0131lamas\u0131n\u0131n ger\u00e7ek nedeni"},"content":{"rendered":"<p>27 ya\u015f\u0131nda 17 sa\u011fl\u0131kl\u0131 gen\u00e7 yeti\u015fkin ve 64 ya\u015f\u0131nda 20 sa\u011fl\u0131kl\u0131 ya\u015fl\u0131 yeti\u015fkinin incelendi\u011fi Renk pupillometrisi testi, siyah bir art plan \u00fczerinde 26 dijital renk alan\u0131n\u0131n g\u00f6r\u00fcnt\u00fclendi\u011fi karanl\u0131k bir odada ger\u00e7ekle\u015ftirildi.\u00a0<\/p>\n<p>Her ara\u015ft\u0131rma, be\u015f saniye boyunca siyah bir art plan \u00fczerinde gri bir ekran\u0131n sunulmas\u0131yla ba\u015flad\u0131 ve akabinde renk sunuldu.<\/p>\n<p>Test i\u015ftirak\u00e7ilerin deneysel renk uyaranlar\u0131n\u0131n her bir renk kategorisindeki (mor, mavi, ye\u015fil, sar\u0131, k\u0131rm\u0131z\u0131 ve gri tonlamal\u0131) parlakl\u0131k ve doygunluktaki de\u011fi\u015fimleri ve ayr\u0131yeten doygunluk renkleri yahut farkl\u0131 renklere ili\u015fkin emsal parlakl\u0131klar\u0131 alg\u0131lama yeteneklerini k\u0131ymetlendirdi.<\/p>\n<p>T\u00fcm i\u015ftirak\u00e7iler, temel renk alg\u0131s\u0131n\u0131 pahaland\u0131rmak i\u00e7in kat\u0131 bir d\u00fc\u015f\u00fck d\u00fczeyli g\u00f6rsel alg\u0131 denetim misyonu olarak tasarlanm\u0131\u015f 12 unsurluk yeni bir renk alg\u0131s\u0131 vazifesi olan Renk E\u015fle\u015ftirme \u00d6l\u00e7e\u011fi&#8217;nde %100 puan ald\u0131.<\/p>\n<p>&#8220;Ya\u015fl\u0131 yeti\u015fkinlerin, mavi ve sar\u0131 eksenine hassasl\u0131k g\u00f6sterdi\u011fi, lakin y\u00fckl\u00fc olarak ye\u015fil ve macenta ekseninde kroma art\u0131\u015flar\u0131na kar\u015f\u0131 daha zay\u0131f pupiller reaksiyon verdikleri bulunmu\u015ftur.\u00a0<\/p>\n<p>Bulgular, ya\u015fla birlikte renk alg\u0131s\u0131n\u0131n soldu\u011funa dair fizyolojik deliller sunarak, sa\u011fl\u0131kl\u0131 ya\u015flanma ve ya\u015fl\u0131l\u0131kta n\u00f6rodejeneratif bozukluklar ba\u011flam\u0131nda renk temelli uygulamalar ve m\u00fcdahaleler i\u00e7in k\u0131ymetli \u00e7\u0131kar\u0131mlar sa\u011flam\u0131\u015ft\u0131.\u00a0<\/p>\n<p>\u00d6zetle &#8220;Retina konisinin fotoresept\u00f6rlerindeki do\u011fal varyasyonlar, \u00e7evresel fakt\u00f6rler, n\u00f6ronal s\u00fcrece dinamikleri ve psikososyal tesirler ortas\u0131ndaki karma\u015f\u0131k etkile\u015fimler nedeniyle renkler sabit ya da tekd\u00fcze duyumlar de\u011fildir. Bu karma\u015f\u0131kl\u0131k, renklerin fizik\u00ee \u00f6zellikleri ile insanlar\u0131n onlar\u0131 nas\u0131l alg\u0131lad\u0131klar\u0131 ortas\u0131ndaki ba\u011flar\u0131n incelenmesini epeyce zorla\u015ft\u0131rmaktad\u0131r.\u00a0<\/p>\n","protected":false},"excerpt":{"rendered":"<p>2023&#8217;\u00fcn sonunda yay\u0131nlanan bir ara\u015ft\u0131rma, sa\u011fl\u0131kl\u0131 ya\u015flanman\u0131n renk alg\u0131s\u0131 \u00fczerindeki tesirlerini inceledi. Deney, gen\u00e7 ve ya\u015fl\u0131 yeti\u015fkinlerin g\u00f6zbebeklerinde renk parlakl\u0131\u011f\u0131 ve kroma de\u011fi\u015fiminin ele al\u0131nmas\u0131na dayan\u0131yordu.<\/p>\n","protected":false},"author":1,"featured_media":45197,"comment_status":"open","ping_status":"open","sticky":false,"template":"","format":"standard","meta":{"footnotes":""},"categories":[29],"tags":[1909,6604],"class_list":["post-45196","post","type-post","status-publish","format-standard","has-post-thumbnail","hentry","category-saglik","tag-algi","tag-renk"],"_links":{"self":[{"href":"https:\/\/ikimisli.tr\/index.php\/wp-json\/wp\/v2\/posts\/45196","targetHints":{"allow":["GET"]}}],"collection":[{"href":"https:\/\/ikimisli.tr\/index.php\/wp-json\/wp\/v2\/posts"}],"about":[{"href":"https:\/\/ikimisli.tr\/index.php\/wp-json\/wp\/v2\/types\/post"}],"author":[{"embeddable":true,"href":"https:\/\/ikimisli.tr\/index.php\/wp-json\/wp\/v2\/users\/1"}],"replies":[{"embeddable":true,"href":"https:\/\/ikimisli.tr\/index.php\/wp-json\/wp\/v2\/comments?post=45196"}],"version-history":[{"count":1,"href":"https:\/\/ikimisli.tr\/index.php\/wp-json\/wp\/v2\/posts\/45196\/revisions"}],"predecessor-version":[{"id":45198,"href":"https:\/\/ikimisli.tr\/index.php\/wp-json\/wp\/v2\/posts\/45196\/revisions\/45198"}],"wp:featuredmedia":[{"embeddable":true,"href":"https:\/\/ikimisli.tr\/index.php\/wp-json\/wp\/v2\/media\/45197"}],"wp:attachment":[{"href":"https:\/\/ikimisli.tr\/index.php\/wp-json\/wp\/v2\/media?parent=45196"}],"wp:term":[{"taxonomy":"category","embeddable":true,"href":"https:\/\/ikimisli.tr\/index.php\/wp-json\/wp\/v2\/categories?post=45196"},{"taxonomy":"post_tag","embeddable":true,"href":"https:\/\/ikimisli.tr\/index.php\/wp-json\/wp\/v2\/tags?post=45196"}],"curies":[{"name":"wp","href":"https:\/\/api.w.org\/{rel}","templated":true}]}}