{"id":45300,"date":"2025-06-11T20:12:11","date_gmt":"2025-06-11T20:12:11","guid":{"rendered":"https:\/\/ikimisli.tr\/?p=45300"},"modified":"2025-06-11T20:12:11","modified_gmt":"2025-06-11T20:12:11","slug":"kardesi-ve-yengesini-olduren-katili-taksici-yakalatmis","status":"publish","type":"post","link":"https:\/\/ikimisli.tr\/index.php\/2025\/06\/11\/kardesi-ve-yengesini-olduren-katili-taksici-yakalatmis\/","title":{"rendered":"Karde\u015fi ve yengesini \u00f6ld\u00fcren katili taksici yakalatm\u0131\u015f"},"content":{"rendered":"<p>Olay, d\u00fcn saat 22.00 s\u0131ralar\u0131nda Ye\u015fil Mahalle Kav\u015fak Sokak\u2019taki bir apartman\u0131n 4&#8217;\u00fcnc\u00fc kat\u0131nda meydana geldi. Afganistan as\u0131ll\u0131 Norooz Ahmadi, karde\u015fi Kurban Ali Ahmadi ve yengesi Leeqa Azimi\u2019yi bilinmeyen nedenle yan\u0131ndaki tabancayla vurdu. Silah sesleri \u00fczerine adrese polis ve s\u0131hhat tak\u0131mlar\u0131 sevk edildi. S\u0131hhat grubunun yapt\u0131\u011f\u0131 denetimde, \u00e7iftin hayat\u0131n\u0131 kaybetti\u011fi belirlendi. Cenazeler, inceleme sonras\u0131 Karab\u00fck E\u011fitim ve Ara\u015ft\u0131rma Hastanesi\u2019nin morguna g\u00f6t\u00fcr\u00fcld\u00fc.<\/p>\n<p><b>ADL\u0130YEYE SEVK ED\u0130LD\u0130<\/b><\/p>\n<p>Norooz Ahmadi, olay\u0131n akabinde taksi \u00e7a\u011f\u0131rarak Eskipazar\u2019a ka\u00e7t\u0131. Eskipazar il\u00e7esinde taksiden indi\u011fi belirlenen \u015f\u00fcpheliyi bulmak i\u00e7in \u00e7al\u0131\u015fma yapan polis, taksi s\u00fcr\u00fcc\u00fcs\u00fc \u015eafak \u00c7om\u00e7al\u0131\u2019ya ula\u015ft\u0131. Taksicinin yard\u0131m\u0131yla ku\u015fkulu, d\u00fcn Bolu\u2019nun Mengen il\u00e7esi yolunda y\u00fcr\u00fcrken yakaland\u0131. \u015e\u00fcphelinin olayda kulland\u0131\u011f\u0131 tabanca da ele ge\u00e7irildi. Emniyetteki s\u00fcre\u00e7leri tamamlanan Norooz Ahmadi, bug\u00fcn adliyeye sevk edildi.<\/p>\n<p><b>\u2018\u00c7OK SAK\u0130ND\u0130\u2019<\/b><\/p>\n<p>Ya\u015fad\u0131klar\u0131n\u0131 anlatan taksi s\u00fcr\u00fcc\u00fcs\u00fc \u015eafak \u00c7om\u00e7al\u0131, \u201cBen taksi dura\u011f\u0131ndayd\u0131m. \u015eah\u0131s kendisi telefon etti ve s\u00f6yledi\u011fi adrese taksi istedi. Cinayet i\u015fledi\u011fi yere daha do\u011frusu taksi istedi. Gittim, kendisini ald\u0131m. Oradan 100\u2019\u00fcnc\u00fc Y\u0131l Mahallesi\u2019ne gidece\u011fimizi s\u00f6yledi. 100\u2019\u00fcnc\u00fc Y\u0131l Mahallesi\u2019nde bir adrese geldik. 5 dakika kadar kap\u0131n\u0131n \u00f6n\u00fcnde bekledim. Sonras\u0131nda araca geldi ve cinayet i\u015fledi\u011fi yere tekrardan gitti. Orada indirdim kendisini. Yakla\u015f\u0131k 15-20 dakika sonra tekrardan arad\u0131 beni. Otomobile bindi\u011finde Eskipazar\u2019a gidece\u011fimizi s\u00f6yledi. Yolda 6-7 kilometre sonra durmam\u0131 istedi. Ben de sebebini sordum. Ni\u00e7in burada iniyorsun diye. \u00dczerinde fazla nakit olmad\u0131\u011f\u0131n\u0131 s\u00f6yledi. Ben de \u2018Hava so\u011fuk, k\u0131\u015f ay\u0131 diye sonra verirsin\u2019 dedim. Eskipazar\u2019a kadar getirdim kendisini. Eskipazar\u2019da giri\u015fte g\u00f6bekte indirdim. Ben onu indirdikten 5 dakika sonra Karab\u00fck istikametine yola d\u00f6nm\u00fc\u015ft\u00fcm tekrardan. Emniyetten telefon ettiler bana. \u015eah\u0131sla ilgili bilgi verdiler. \u2018Sen mi indirdin\u2019 dediler. Benim arac\u0131mda oldu\u011funu, benim indirdi\u011fimi s\u00f6yledim. Sonra tekrardan polis tak\u0131mlar\u0131yla irtibata ge\u00e7ip \u015fahs\u0131 takip etmemi s\u00f6ylediler uzaktan ve geri d\u00f6nd\u00fcm. Emniyetteki arkada\u015flarla telefonda daima irtibat halinde oldu\u011fumdan Eskipazar emniyetinden arkada\u015flar geldi. Onlarla birlikte bir g\u00f6r\u00fc\u015fme yapt\u0131k. Onlara \u015fahs\u0131n yerini g\u00f6sterdim. Daha sonras\u0131nda Karab\u00fck tak\u0131mlar\u0131 yola \u00e7\u0131km\u0131\u015flard\u0131. Onlar geldiler ve \u015fahs\u0131 yakalad\u0131lar. Mengen yolu \u00fczerinde \u015fahs\u0131 yakalad\u0131lar. Benim indirdi\u011fim yerden y\u00fcr\u00fcyerek Mengen yoluna yanl\u0131\u015fs\u0131z gidiyormu\u015f. \u00c7ok sakindi. Hi\u00e7bir yanl\u0131\u015f hareketi olmam\u0131\u015ft\u0131. Ben ara\u00e7tan inerken belindeki silah\u0131 fark ettim. Hi\u00e7 o denli bir ihtimal vermemi\u015ftim. Sonradan polis arkada\u015flardan \u00f6\u011frendim, cinayet oldu\u011funu\u201d dedi.<\/p>\n","protected":false},"excerpt":{"rendered":"<p>Karab\u00fck&#8217;te Ahmadi (29) olay\u0131n akabinde bindi\u011fi taksinin \u015fof\u00f6r\u00fcn\u00fcn yard\u0131m\u0131yla polis taraf\u0131ndan yakaland\u0131. Ku\u015fkulu, adliyeye sevk edilirken yakalanmas\u0131na yard\u0131m eden taksi s\u00fcr\u00fcc\u00fcs\u00fc \u015eafak \u00c7om\u00e7al\u0131, \u201cMengen yolu \u00fczerinde \u015fahs\u0131 yakalad\u0131lar. Benim indirdi\u011fim yerden y\u00fcr\u00fcyerek Mengen yoluna hakikat gidiyormu\u015f. \u00c7ok sakindi\u201d dedi.<\/p>\n","protected":false},"author":1,"featured_media":45301,"comment_status":"open","ping_status":"open","sticky":false,"template":"","format":"standard","meta":{"footnotes":""},"categories":[25],"tags":[6615,66,4235],"class_list":["post-45300","post","type-post","status-publish","format-standard","has-post-thumbnail","hentry","category-gundem","tag-eskipazar","tag-geldi","tag-taksi"],"_links":{"self":[{"href":"https:\/\/ikimisli.tr\/index.php\/wp-json\/wp\/v2\/posts\/45300","targetHints":{"allow":["GET"]}}],"collection":[{"href":"https:\/\/ikimisli.tr\/index.php\/wp-json\/wp\/v2\/posts"}],"about":[{"href":"https:\/\/ikimisli.tr\/index.php\/wp-json\/wp\/v2\/types\/post"}],"author":[{"embeddable":true,"href":"https:\/\/ikimisli.tr\/index.php\/wp-json\/wp\/v2\/users\/1"}],"replies":[{"embeddable":true,"href":"https:\/\/ikimisli.tr\/index.php\/wp-json\/wp\/v2\/comments?post=45300"}],"version-history":[{"count":1,"href":"https:\/\/ikimisli.tr\/index.php\/wp-json\/wp\/v2\/posts\/45300\/revisions"}],"predecessor-version":[{"id":45302,"href":"https:\/\/ikimisli.tr\/index.php\/wp-json\/wp\/v2\/posts\/45300\/revisions\/45302"}],"wp:featuredmedia":[{"embeddable":true,"href":"https:\/\/ikimisli.tr\/index.php\/wp-json\/wp\/v2\/media\/45301"}],"wp:attachment":[{"href":"https:\/\/ikimisli.tr\/index.php\/wp-json\/wp\/v2\/media?parent=45300"}],"wp:term":[{"taxonomy":"category","embeddable":true,"href":"https:\/\/ikimisli.tr\/index.php\/wp-json\/wp\/v2\/categories?post=45300"},{"taxonomy":"post_tag","embeddable":true,"href":"https:\/\/ikimisli.tr\/index.php\/wp-json\/wp\/v2\/tags?post=45300"}],"curies":[{"name":"wp","href":"https:\/\/api.w.org\/{rel}","templated":true}]}}