{"id":45349,"date":"2025-06-11T23:12:07","date_gmt":"2025-06-11T23:12:07","guid":{"rendered":"https:\/\/ikimisli.tr\/?p=45349"},"modified":"2025-06-11T23:12:07","modified_gmt":"2025-06-11T23:12:07","slug":"ramazan-oncesi-ekmege-zam-karari","status":"publish","type":"post","link":"https:\/\/ikimisli.tr\/index.php\/2025\/06\/11\/ramazan-oncesi-ekmege-zam-karari\/","title":{"rendered":"Ramazan \u00f6ncesi ekme\u011fe zam karar\u0131"},"content":{"rendered":"<p>\u0130\u011fneden ipli\u011fe art\u0131r\u0131m gelmeye devam ediyor. Tah\u0131l ambar\u0131 olarak bilinen Konya\u2019da Ramazan \u00f6ncesi ekme\u011fe bir art\u0131r\u0131m daha geldi. Art\u0131r\u0131m karar\u0131n\u0131n akabinde kentte 9 liradan sat\u0131lan 200 gram ekme\u011fin fiyat\u0131 11 liraya y\u00fckseldi.<\/p>\n<p><b>RAMAZAN P\u0130DES\u0130 F\u0130YATI DA MUHAKKAK OLDU<\/b><\/p>\n<p>Kentte 2024 y\u0131l\u0131nda 15 lira olan 300 gram Ramazan pidesinin fiyat\u0131 ise 18 liraya y\u00fckseldi.<\/p>\n<p><b>MAL\u0130YETLER M\u00dcNASEBET G\u00d6STER\u0130LD\u0130<\/b><\/p>\n<p>Konya F\u0131r\u0131nc\u0131lar Odas\u0131 Ba\u015fkan\u0131 Vedat Hon\u00e7a, zamma artan girdi maliyetlerini m\u00fcnasebet g\u00f6sterdi. Honca, yapt\u0131\u011f\u0131 yaz\u0131l\u0131 a\u00e7\u0131klamada \u015fu s\u00f6zlere yer verdi:<\/p>\n<p>*Asgari fiyat\u0131n y\u00fckselmesiyle ekmekte girdi maliyetlerinin art\u0131\u015flar\u0131ndan \u00f6t\u00fcr\u00fc ekme\u011fin fiyat\u0131nda y\u0131lba\u015f\u0131nda yine g\u00fcncellenmesi i\u00e7in ekmek maliyeti Tespit Komitesinin Toplanmas\u0131 maalesef gecikerek 24 Ocak 2025 tarihinde yap\u0131ld\u0131. Toplant\u0131 sonras\u0131 oy birli\u011fi ile 200 gram ekme\u011fin 11.00 TL sat\u0131lmas\u0131n\u0131 uygun g\u00f6r\u00fclm\u00fc\u015ft\u00fcr.<\/p>\n<p>*Yine prosed\u00fcrler gere\u011fi uygulanacak fiyat\u0131n m\u00fchletinin uzamas\u0131 sebebiyle birlikte Ramazan ay\u0131n\u0131n da yakla\u015fmas\u0131yla uygulanacak g\u00fcncellenen fiyat\u0131nda pide ve \u00e7e\u015fitlerine yans\u0131yaca\u011f\u0131 gayesiyle daha evvelce de Ramazan ay\u0131na mahsus yeni bir fiyat uygulamad\u0131\u011f\u0131m\u0131z fikriyle Ramazan ay\u0131 m\u00fcddetince daha evvel 11 Temmuz 2024 tarihinde al\u0131nan fiyatlar\u0131n devaml\u0131l\u0131\u011f\u0131n\u0131 sa\u011flayarak yeni bir fiyat (zam) yapmadan 200 gram ekme\u011fin 9.00 TL ve 300 gram pidenin 18,00 TL sat\u0131lmas\u0131n\u0131 f\u0131r\u0131nc\u0131 esnaf\u0131 uygun bulmu\u015ftur.<\/p>\n<p>*Fiyat tespit komitesinin yine g\u00fcncellemi\u015f oldu\u011fu fiyat\u0131 200 gram pi\u015fmi\u015f ekme\u011fin 11.00 TL sat\u0131\u015f\u0131n\u0131 ise Ramazan Bayram\u0131 ard\u0131ndan uygulamay\u0131 uygun bulmu\u015flard\u0131r. Bu hassas davran\u0131\u015flar\u0131ndan \u00f6t\u00fcr\u00fc f\u0131r\u0131nc\u0131 esnaf karde\u015flerime te\u015fekk\u00fcr ediyoruz.<\/p>\n<p>*Halk\u0131m\u0131z\u0131 bilgilendirmeyi vazife biliyor yoksulu fukaray\u0131 g\u00f6zeten israf\u0131n her \u00e7e\u015fitlerinden ka\u00e7\u0131n\u0131lmas\u0131 gereken g\u00fczel bol dual\u0131 Ramazan ay\u0131 ve \u015fimdiden g\u00fczel bayramlar diliyoruz.<\/p>\n<p><b>8 AYDA YAPILAN ARTIRIM ORANI Y\u00dcZDE 36<\/b><\/p>\n<p>Kentte 2024 y\u0131l\u0131n\u0131n Haziran ay\u0131nda da ekme\u011fe art\u0131r\u0131m yap\u0131lm\u0131\u015f ve 7 lira olan 200 gram ekme\u011fin fiyat\u0131 9 liraya y\u00fckselmi\u015fti. Son art\u0131r\u0131mla birlikte ekme\u011fe son 8 ayda y\u00fczde 36 art\u0131r\u0131m yap\u0131lm\u0131\u015f oldu.  <\/p>\n","protected":false},"excerpt":{"rendered":"<p>Tah\u0131l ambar\u0131 olarak bilinen Konya\u2019da ekme\u011fe art\u0131r\u0131m geldi. Art\u0131r\u0131m\u0131n akabinde 9 liraya sat\u0131lan 200 gram ekme\u011fin fiyat\u0131 11 liraya y\u00fckseldi. Kentte son 8 ayda ekme\u011fe y\u00fczde 36 art\u0131r\u0131m gelmi\u015f oldu.<\/p>\n","protected":false},"author":1,"featured_media":45350,"comment_status":"open","ping_status":"open","sticky":false,"template":"","format":"standard","meta":{"footnotes":""},"categories":[24],"tags":[5395,6619,174,2682,93],"class_list":["post-45349","post","type-post","status-publish","format-standard","has-post-thumbnail","hentry","category-ekonomi","tag-200-gram","tag-ekmegin","tag-lira","tag-ramazan","tag-zam"],"_links":{"self":[{"href":"https:\/\/ikimisli.tr\/index.php\/wp-json\/wp\/v2\/posts\/45349","targetHints":{"allow":["GET"]}}],"collection":[{"href":"https:\/\/ikimisli.tr\/index.php\/wp-json\/wp\/v2\/posts"}],"about":[{"href":"https:\/\/ikimisli.tr\/index.php\/wp-json\/wp\/v2\/types\/post"}],"author":[{"embeddable":true,"href":"https:\/\/ikimisli.tr\/index.php\/wp-json\/wp\/v2\/users\/1"}],"replies":[{"embeddable":true,"href":"https:\/\/ikimisli.tr\/index.php\/wp-json\/wp\/v2\/comments?post=45349"}],"version-history":[{"count":1,"href":"https:\/\/ikimisli.tr\/index.php\/wp-json\/wp\/v2\/posts\/45349\/revisions"}],"predecessor-version":[{"id":45351,"href":"https:\/\/ikimisli.tr\/index.php\/wp-json\/wp\/v2\/posts\/45349\/revisions\/45351"}],"wp:featuredmedia":[{"embeddable":true,"href":"https:\/\/ikimisli.tr\/index.php\/wp-json\/wp\/v2\/media\/45350"}],"wp:attachment":[{"href":"https:\/\/ikimisli.tr\/index.php\/wp-json\/wp\/v2\/media?parent=45349"}],"wp:term":[{"taxonomy":"category","embeddable":true,"href":"https:\/\/ikimisli.tr\/index.php\/wp-json\/wp\/v2\/categories?post=45349"},{"taxonomy":"post_tag","embeddable":true,"href":"https:\/\/ikimisli.tr\/index.php\/wp-json\/wp\/v2\/tags?post=45349"}],"curies":[{"name":"wp","href":"https:\/\/api.w.org\/{rel}","templated":true}]}}