{"id":45549,"date":"2025-06-12T11:00:15","date_gmt":"2025-06-12T11:00:15","guid":{"rendered":"https:\/\/ikimisli.tr\/?p=45549"},"modified":"2025-06-12T11:00:15","modified_gmt":"2025-06-12T11:00:15","slug":"tam-yedi-yil-gecti-yerli-tank-bir-turlu-yurumedi","status":"publish","type":"post","link":"https:\/\/ikimisli.tr\/index.php\/2025\/06\/12\/tam-yedi-yil-gecti-yerli-tank-bir-turlu-yurumedi\/","title":{"rendered":"Tam yedi y\u0131l ge\u00e7ti, yerli tank bir t\u00fcrl\u00fc y\u00fcr\u00fcmedi"},"content":{"rendered":"<p>T\u00fcrk Silahl\u0131 Kuvvetleri\u2019ne ili\u015fkin Sakarya Arifiye\u2019deki Tank Palet Fabrikas\u0131, 25 y\u0131ll\u0131\u011f\u0131na bedelsiz ve 50 milyon dolar yat\u0131r\u0131mla tank \u00fcretmek \u00fczere 2018\u2019de BMC-Katar i\u015ftirakine verildi. Ortadan 7 y\u0131l ge\u00e7ti lakin ne TSK b\u00fcnyesindeki tanklar yenilenebildi ne de her keresinde g\u00fcndeme getirilip ismi iftiharla duyurulan \u2018Altay Tank\u0131\u2019 \u00fcretimi yap\u0131labildi.<\/p>\n<p>Eskiden tank \u00fcretilen Arifiye Fabrikas\u0131\u2019n\u0131n at\u0131l kalmas\u0131n\u0131n hikayesi \u015f\u00f6yle:<\/p>\n<p>Arifiye\u2019deki fabrika 9 Kas\u0131m 2018\u2019de BMC Katar i\u015ftirakine verildi. Firmaya Karasu\u2019da 2 milyon metrekare arazi de tahsis edilip 1.5 milyar lira te\u015fvik sa\u011fland\u0131. Birinci tank 6.5 y\u0131lda tamamlanacakt\u0131. Erdo\u011fan, \u201cBeklemeye tahamm\u00fcl\u00fcm\u00fcz yok\u201d deyince d\u00f6nemin Milli Savunma Bakan\u0131 Nurettin Canikli  \u201c2019\u2019da tamam\u201d kelam\u0131 verdi. Eski Savunma Sanayi ba\u015fkan\u0131 da 2021\u2019i i\u015faret etti.<\/p>\n<p><strong>S\u00d6ZLER UNUTULDU<\/strong><\/p>\n<p>2020\u2019de tanklar\u0131n teslimi gerekiyordu lakin ko\u015fullar yerine gelmedi. Mukavele iptal edilerek fabrika TSK\u2019ya da devredilmedi.  Bug\u00fcne kadar test hedefli 6 tank \u00fcretildi lakin Almanya motor vermedi, G\u00fcney Kore\u2019den al\u0131nan motorlar da verimsiz \u00e7\u0131kt\u0131, yerli motor \u00fcretimi \u00f6ng\u00f6r\u00fcld\u00fc.  Birinci basamakta 500 tank \u00fcretimi planlanm\u0131\u015ft\u0131. Ortadan y\u0131llar ge\u00e7ti, tank fabrikas\u0131 i\u015fveren da de\u011fi\u015ftirdi. Birinci sat\u0131ld\u0131\u011f\u0131, iktidara yak\u0131n i\u015f insan\u0131 Ethem Sancak gitti, Fuat Tosyal\u0131\u2019ya ili\u015fkin Tosyal\u0131 Holding geldi.<\/p>\n<p>B\u00fcy\u00fck kelamlar yeniden verildi. \u201cAltay tank\u0131 \u00fcretilecek\u201d denildi. H\u00e2l\u00e2 ortada ne tank var ne TSK\u2019n\u0131n elindeki tanklar yenilendi. Altay\u2019\u0131n \u00fcretiminin gecikmesi i\u00e7in ise \u201cAlmanlar, tank motoru vermedi, G\u00fcney Kore\u2019den al\u0131nan motor verimsiz \u00e7\u0131kt\u0131\u201d m\u00fcnasebetleri ileri s\u00fcr\u00fcld\u00fc. Sonu\u00e7ta ortadan 7 y\u0131l ge\u00e7ti fabrika \u00e7al\u0131\u015fm\u0131yor, tank da ortada yok.<\/p>\n<p><b><span>\u0130N\u015eALLAH GELECEK YILIN 3. \u00c7EYRE\u011e\u0130!<\/span><\/b><\/p>\n<p><b><span>Bakan 2025 demi\u015fti Tosyal\u0131 2026 diyor<\/span><\/b><\/p>\n<p><img decoding=\"async\" src=\"https:\/\/ikimisli.tr\/wp-content\/uploads\/2025\/06\/tam-yedi-yil-gecti-yerli-tank-bir-turlu-yurumedi-0-bRUxlbJU.jpg\"\/><\/p>\n<p>Sakarya Arifiye\u2019deki Tank Palet Fabrikas\u0131\u2019n\u0131n yeri tam 2 milyon metrekare.<\/p>\n<p>Katar ordusunun y\u00fczde 49.9\u2019luk hisseye sahip oldu\u011fu BMC\u2019de toplamda y\u00fczde 50.1\u2019lik pay\u0131 olan Ethem Sancak ve Talip \u00d6zt\u00fcrk, bunlar\u0131n tamam\u0131n\u0131 Tosyal\u0131 Holding\u2019e satm\u0131\u015ft\u0131.<\/p>\n<p><strong>TEST \u0130\u00c7\u0130N TAR\u0130H VERD\u0130<\/strong><\/p>\n<p>Erdo\u011fan\u2019a yak\u0131nl\u0131\u011f\u0131yla bilinen Fuat Tosyal\u0131, BMC Savunma\u2019n\u0131n i\u015fvereni. Fuat Tosyal\u0131 tank\u0131n \u00fcretilmesinde kritik ehemmiyeti olan yerli motor i\u00e7in \u201cAltay tank\u0131n\u0131n yerli motoru BATU i\u00e7in 2026 sonu, 2027 ba\u015f\u0131nda testler bitecek. Sonra da devam eden \u00fcretim s\u00fcrecine yerli g\u00fc\u00e7 k\u00fcmelerimizi dahil edece\u011fiz\u201d demi\u015fti.<\/p>\n<p>Altay tank\u0131n\u0131n iki prototipinin ge\u00e7en y\u0131l Kara Kuvvetleri\u2019ne teslim edildi\u011fini de belirten Tosyal\u0131, 2024\u2019\u00fcn kas\u0131m ay\u0131nda yapt\u0131\u011f\u0131 a\u00e7\u0131klamada ise \u015funlar\u0131 s\u00f6ylemi\u015fti: \u201cBMC paylar\u0131n\u0131 devral\u0131r almaz bunun savunma ekosisteminin kalbi olan Ankara\u2019ya kurulmas\u0131n\u0131n daha uygun olaca\u011f\u0131n\u0131 d\u00fc\u015f\u00fcnerek bu karar\u0131 ald\u0131m. Ger\u00e7ekten Ankara Kazan\u2019da muazzam yat\u0131r\u0131ma ba\u015flad\u0131k. \u0130n\u015fallah tam takvimine uygun olarak gelecek y\u0131l\u0131n \u00fc\u00e7\u00fcnc\u00fc \u00e7eyre\u011finde fabrikam\u0131z bitmi\u015f olacak. Hem de \u015fu an \u00fcretimine ba\u015flanm\u0131\u015f olan tanklar\u0131m\u0131z da oradan a\u00e7\u0131l\u0131\u015fla birlikte y\u00fcr\u00fcyecek ve ordumuza teslim edilmeye ba\u015flanacak.\u201d<\/p>\n<p><img decoding=\"async\" src=\"https:\/\/ikimisli.tr\/wp-content\/uploads\/2025\/06\/tam-yedi-yil-gecti-yerli-tank-bir-turlu-yurumedi-1-7yvEYS8C.jpg\"\/><\/p>\n<p>Fuat Tosyal\u0131<\/p>\n<p><strong>GEREK\u00c7E YAPTIRIMLAR&#8230; <\/strong><\/p>\n<p>Cumhurba\u015fkan\u0131 Yard\u0131mc\u0131s\u0131 Cevdet Y\u0131lmaz ise 18 Aral\u0131k 2024\u2019de TBMM\u2019de yapt\u0131\u011f\u0131 a\u00e7\u0131klamada \u201c\u015eimdiye kadar Altay tank\u0131n\u0131n envantere girmesi bekleniyordu. Fakat Almanya alt sistemler, motor ve transmisyon ihracat lisans\u0131 vermeyince gecikme ya\u015fand\u0131. Yapt\u0131r\u0131m ve ambargolar oldu ancak bunlar\u0131 a\u015f\u0131yoruz, 2025 A\u011fustos\u2019ta tanklar\u0131n seri \u00fcretime ba\u015flamas\u0131 ve envantere girmesi planlan\u0131yor\u201d demi\u015fti.<\/p>\n<p><b><span>\u0130LK \u0130MZA ATILDI\u011eINDA SUR\u0130YE\u2019DE ESAD, L\u0130BYA\u2019DA KADDAF\u0130 VARDI<\/span><\/b><\/p>\n<p><b><span>TSK telafisi m\u00fcmk\u00fcn olmayan bir yara ald\u0131<\/span><\/b><\/p>\n<p><img decoding=\"async\" src=\"https:\/\/ikimisli.tr\/wp-content\/uploads\/2025\/06\/tam-yedi-yil-gecti-yerli-tank-bir-turlu-yurumedi-2-lU4Ghpip.jpg\"\/><\/p>\n<p><strong>HAYAT\u0130 DE\u011eERDEYD\u0130 <\/strong><br \/>TSK i\u00e7in hayati de\u011ferde olan fabrika, envanterdeki tanklar\u0131 yeniliyordu. Fabrikan\u0131n at\u0131l kalmas\u0131yla silahl\u0131 kuvvetler kan kayb\u0131na u\u011frad\u0131.<\/p>\n<p><strong>Milletin mal\u0131n\u0131n a\u015fik\u00e2r bir yat\u0131r\u0131mc\u0131ya ve \u00fclkeye dolayl\u0131 olarak aktar\u0131ld\u0131\u011f\u0131n\u0131 s\u00f6yleyen CHP\u2019li Yank\u0131 Ba\u011fc\u0131o\u011flu: Fabrikan\u0131n tamam\u0131 TSK\u2019ya iade edilmeli.<\/strong><\/p>\n<p>CHPGenel Lider Yard\u0131mc\u0131s\u0131 Yank\u0131 Ba\u011fc\u0131o\u011flu \u201cKamunun de\u011ferli bir kayna\u011f\u0131, muhakkak bir yat\u0131r\u0131mc\u0131ya ve bir \u00fclkeye kamu g\u00fcc\u00fc kullan\u0131larak dolayl\u0131 halde aktar\u0131ld\u0131. Harekat ve lojistik dayanak konusunda TSK, telafisi g\u00fc\u00e7 yara ald\u0131. As\u0131l gayenin Altay tank\u0131n\u0131n bir an evvel \u00fcretilmesi ya da kamu kaynaklar\u0131n\u0131n verimli kullan\u0131lmas\u0131 olmad\u0131\u011f\u0131; 7 g\u00fcn 24 saat \u00e7al\u0131\u015fan fabrikan\u0131n el de\u011fi\u015ftirildi\u011fi anla\u015f\u0131l\u0131yor. Her \u015feyi ile kamuya ili\u015fkin olan Tank Palet Fabrikas\u0131n\u0131n tamam\u0131 TSK\u2019ya geri verilmeli ve faaliyetine kald\u0131\u011f\u0131 yerden devam etmelidir\u2019\u2019 dedi.<\/p>\n<p><img decoding=\"async\" src=\"https:\/\/ikimisli.tr\/wp-content\/uploads\/2025\/06\/tam-yedi-yil-gecti-yerli-tank-bir-turlu-yurumedi-3-LN5OBUIk.jpg\"\/><\/p>\n<p>Yank\u0131 Ba\u011fc\u0131o\u011flu<\/p>\n<p><strong>TAR\u0130H DA\u0130MA ERTELEND\u0130<\/strong><\/p>\n<p>CHP \u0130stanbul Milletvekili O\u011fuz Kaan Sal\u0131c\u0131 da S\u00d6ZC\u00dc\u2019ye yapt\u0131\u011f\u0131 a\u00e7\u0131klamada \u201cAltay tank\u0131 projesi elimizde bu tank\u0131 hareket ettirecek g\u00fc\u00e7te yerli bir motor olmad\u0131\u011f\u0131ndan ve yabanc\u0131 men\u015feli motor tedarikinde ya\u015fanan sorun nedeniyle uzun vakittir sekteye u\u011fruyor\u2019\u2019 dedi. Sal\u0131c\u0131 \u201c2018\u2019de imzalar at\u0131ld\u0131 ve tank\u0131n 6.5 y\u0131lda tamamlanaca\u011f\u0131 s\u00f6ylendi. Erdo\u011fan ise \u2018Beklemeye tahamm\u00fcl\u00fcm\u00fcz yok\u201d dedi. Periyodun MSB  Nurettin Canikli \u201c2019\u2019da tamam\u201d a\u00e7\u0131klamas\u0131 yapt\u0131. Savunma Sanayii eski Ba\u015fkan\u0131 2021\u2019i i\u015faret etti. Sonraki lider, tarihi 2025 yapt\u0131. Ge\u00e7en ay yeni y\u00fcklenici Fuat Tosyal\u0131 \u201cSeri \u00fcretim seneye \u00fc\u00e7\u00fcnc\u00fc \u00e7eyrekte\u201d dedi. Altay tank\u0131 i\u00e7in birinci imza at\u0131ld\u0131\u011f\u0131nda Suriye\u2019de Esad, Libya\u2019da Kaddafi, M\u0131s\u0131r\u2019da M\u00fcbarek iktidardayd\u0131. Erdo\u011fan Ba\u015fbakan, dolar 1 lira 10 kuru\u015ftu. Sene 2025 ortada ne fabrika var ne de tank\u2026 \u2019\u2019<\/p>\n","protected":false},"excerpt":{"rendered":"<p>Arifiye\u2019deki fabrika ve 2 milyon metrekarelik yeri 2018\u2019de BMC Katar i\u015ftirakine verildi. Fabrika yerli Altay tank\u0131 \u00fcretecekti, tarih daima ertelendi.<\/p>\n","protected":false},"author":1,"featured_media":45550,"comment_status":"open","ping_status":"open","sticky":false,"template":"","format":"standard","meta":{"footnotes":""},"categories":[25],"tags":[6631,1654,3202,6630,2572],"class_list":["post-45549","post","type-post","status-publish","format-standard","has-post-thumbnail","hentry","category-gundem","tag-altay-tanki","tag-fabrika","tag-motor","tag-tank","tag-tsk"],"_links":{"self":[{"href":"https:\/\/ikimisli.tr\/index.php\/wp-json\/wp\/v2\/posts\/45549","targetHints":{"allow":["GET"]}}],"collection":[{"href":"https:\/\/ikimisli.tr\/index.php\/wp-json\/wp\/v2\/posts"}],"about":[{"href":"https:\/\/ikimisli.tr\/index.php\/wp-json\/wp\/v2\/types\/post"}],"author":[{"embeddable":true,"href":"https:\/\/ikimisli.tr\/index.php\/wp-json\/wp\/v2\/users\/1"}],"replies":[{"embeddable":true,"href":"https:\/\/ikimisli.tr\/index.php\/wp-json\/wp\/v2\/comments?post=45549"}],"version-history":[{"count":1,"href":"https:\/\/ikimisli.tr\/index.php\/wp-json\/wp\/v2\/posts\/45549\/revisions"}],"predecessor-version":[{"id":45555,"href":"https:\/\/ikimisli.tr\/index.php\/wp-json\/wp\/v2\/posts\/45549\/revisions\/45555"}],"wp:featuredmedia":[{"embeddable":true,"href":"https:\/\/ikimisli.tr\/index.php\/wp-json\/wp\/v2\/media\/45550"}],"wp:attachment":[{"href":"https:\/\/ikimisli.tr\/index.php\/wp-json\/wp\/v2\/media?parent=45549"}],"wp:term":[{"taxonomy":"category","embeddable":true,"href":"https:\/\/ikimisli.tr\/index.php\/wp-json\/wp\/v2\/categories?post=45549"},{"taxonomy":"post_tag","embeddable":true,"href":"https:\/\/ikimisli.tr\/index.php\/wp-json\/wp\/v2\/tags?post=45549"}],"curies":[{"name":"wp","href":"https:\/\/api.w.org\/{rel}","templated":true}]}}