{"id":45608,"date":"2025-06-12T14:36:10","date_gmt":"2025-06-12T14:36:10","guid":{"rendered":"https:\/\/ikimisli.tr\/?p=45608"},"modified":"2025-06-12T14:36:10","modified_gmt":"2025-06-12T14:36:10","slug":"basindan-vurulan-dis-hekimi-yasam-mucadelesini-kaybetti","status":"publish","type":"post","link":"https:\/\/ikimisli.tr\/index.php\/2025\/06\/12\/basindan-vurulan-dis-hekimi-yasam-mucadelesini-kaybetti\/","title":{"rendered":"Ba\u015f\u0131ndan vurulan di\u015f hekimi ya\u015fam m\u00fccadelesini kaybetti!"},"content":{"rendered":"<p>\u0130zmir&#8217;in Konak il\u00e7esinde, Alsancak K\u00fclt\u00fcr Mahallesi Ali \u00c7etinkaya Bulvar\u0131&#8217;ndaki bir apartman\u0131n 2&#8217;nci kat\u0131ndaki dairede meydana gelen olayda; a\u011f\u0131z ve di\u015f s\u0131hhati merkezinde di\u015f tabibi olarak misyon yapan Mehmet Emrah D\u00fc\u015fmez&#8217;in oturdu\u011fu daireye, husumetli oldu\u011fu 34 ya\u015f\u0131ndaki Mustafa Ercan geldi.<\/p>\n<p><b>V\u0130DEOSUNU ANNES\u0130NE G\u00d6NDERD\u0130<\/b><\/p>\n<p>Ercan, tabancayla D\u00fc\u015fmez&#8217;in ba\u015f\u0131na ate\u015f etti. Mustafa Ercan, daha sonra D\u00fc\u015fmez&#8217;in telefonunu al\u0131p, kanlar i\u00e7indeki imaj\u0131n\u0131 \u00e7ekerek annesine g\u00f6nderip, ka\u00e7t\u0131. D\u00fc\u015fmez, s\u0131hhat grubunun birinci m\u00fcdahalesinin akabinde Tepecik E\u011fitim Ara\u015ft\u0131rma Hastanesi&#8217;ne kald\u0131r\u0131ld\u0131.<\/p>\n<p><b>&#8216;\u00c7OCUKLARIMIN BABASI&#8217; \u0130DD\u0130ASI<\/b><\/p>\n<p>Mustafa Ercan&#8217;n\u0131n yerini belirleyen gruplar, birebir g\u00fcn operasyon d\u00fczenledi. Mustafa Ercan, Konak il\u00e7esi Basmane semtinde c\u00fcr\u00fcm aleti tabancayla g\u00f6zalt\u0131na al\u0131nd\u0131. Emniyetteki s\u00f6z\u00fcn\u00fcn akabinde evvelki g\u00fcn adliyeye sevk edilen Mustafa Ercan, \u00e7\u0131kar\u0131ld\u0131\u011f\u0131 mahkemede tutuklanarak cezaevine g\u00f6nderildi. Mustafa Ercan, daha evvel ortak i\u015f yapt\u0131\u011f\u0131 D\u00fc\u015fmez&#8217;in, 2 y\u0131l evvel bo\u015fand\u0131\u011f\u0131 e\u015finden olan 2 \u00e7ocu\u011funun biyolojik babalar\u0131 oldu\u011funu DNA testi sonucunda \u00f6\u011frendi\u011fi i\u00e7in vurdu\u011funu \u00f6ne s\u00fcrm\u00fc\u015ft\u00fc.<\/p>\n<p><b>3 G\u00dcN SONRA HAYATINI KAYBETT\u0130<\/b><\/p>\n<p>Yo\u011fun bak\u0131mda tedavisi s\u00fcren Mehmet Emrah D\u00fc\u015fmez, 3 g\u00fcnl\u00fck \u00f6m\u00fcr u\u011fra\u015f\u0131n\u0131 kaybetti.<\/p>\n","protected":false},"excerpt":{"rendered":"<p>\u0130zmir&#8217;de di\u015f tabibi olarak vazife yapan Mehmet Emrah D\u00fc\u015fmez, husumetlisi taraf\u0131ndan ba\u015f\u0131ndan vuruldu. Ba\u015f\u0131ndan vurulmu\u015f halde \u00e7ekilen g\u00f6r\u00fcnt\u00fcs\u00fc annesine g\u00f6nderildi. Tedavi alt\u0131na al\u0131nan di\u015f doktoru, 3 g\u00fcnl\u00fck hayat gayretini kaybetti. Husumetlisi, daha evvel ortak i\u015f yapt\u0131\u011f\u0131 D\u00fc\u015fmez&#8217;in, 2 y\u0131l evvel bo\u015fand\u0131\u011f\u0131 e\u015finden olan 2 \u00e7ocu\u011funun biyolojik babalar\u0131 oldu\u011funu DNA testi sonucunda \u00f6\u011frendi\u011fi i\u00e7in vurdu\u011funu \u00f6ne s\u00fcrm\u00fc\u015ft\u00fc.<\/p>\n","protected":false},"author":1,"featured_media":45609,"comment_status":"open","ping_status":"open","sticky":false,"template":"","format":"standard","meta":{"footnotes":""},"categories":[25],"tags":[6636],"class_list":["post-45608","post","type-post","status-publish","format-standard","has-post-thumbnail","hentry","category-gundem","tag-mustafa-ercan"],"_links":{"self":[{"href":"https:\/\/ikimisli.tr\/index.php\/wp-json\/wp\/v2\/posts\/45608","targetHints":{"allow":["GET"]}}],"collection":[{"href":"https:\/\/ikimisli.tr\/index.php\/wp-json\/wp\/v2\/posts"}],"about":[{"href":"https:\/\/ikimisli.tr\/index.php\/wp-json\/wp\/v2\/types\/post"}],"author":[{"embeddable":true,"href":"https:\/\/ikimisli.tr\/index.php\/wp-json\/wp\/v2\/users\/1"}],"replies":[{"embeddable":true,"href":"https:\/\/ikimisli.tr\/index.php\/wp-json\/wp\/v2\/comments?post=45608"}],"version-history":[{"count":1,"href":"https:\/\/ikimisli.tr\/index.php\/wp-json\/wp\/v2\/posts\/45608\/revisions"}],"predecessor-version":[{"id":45610,"href":"https:\/\/ikimisli.tr\/index.php\/wp-json\/wp\/v2\/posts\/45608\/revisions\/45610"}],"wp:featuredmedia":[{"embeddable":true,"href":"https:\/\/ikimisli.tr\/index.php\/wp-json\/wp\/v2\/media\/45609"}],"wp:attachment":[{"href":"https:\/\/ikimisli.tr\/index.php\/wp-json\/wp\/v2\/media?parent=45608"}],"wp:term":[{"taxonomy":"category","embeddable":true,"href":"https:\/\/ikimisli.tr\/index.php\/wp-json\/wp\/v2\/categories?post=45608"},{"taxonomy":"post_tag","embeddable":true,"href":"https:\/\/ikimisli.tr\/index.php\/wp-json\/wp\/v2\/tags?post=45608"}],"curies":[{"name":"wp","href":"https:\/\/api.w.org\/{rel}","templated":true}]}}