{"id":45719,"date":"2025-06-13T01:24:09","date_gmt":"2025-06-13T01:24:09","guid":{"rendered":"https:\/\/ikimisli.tr\/?p=45719"},"modified":"2025-06-13T01:24:09","modified_gmt":"2025-06-13T01:24:09","slug":"sirnakta-15-gunluk-gecici-ozel-guvenlik-bolgesi-karari","status":"publish","type":"post","link":"https:\/\/ikimisli.tr\/index.php\/2025\/06\/13\/sirnakta-15-gunluk-gecici-ozel-guvenlik-bolgesi-karari\/","title":{"rendered":"\u015e\u0131rnak&#8217;ta 15 g\u00fcnl\u00fck &#8216;Ge\u00e7ici \u00f6zel g\u00fcvenlik b\u00f6lgesi&#8217; karar\u0131"},"content":{"rendered":"<p>\u015e\u0131rnak Valili\u011fi, kent merkezi ve il\u00e7elerindeki birtak\u0131m b\u00f6lgelerin 26 \u015eubat-12 Mart tarihleri ortas\u0131nda 15 g\u00fcn m\u00fcddetle \u2018Ge\u00e7ici \u00d6zel G\u00fcvenlik B\u00f6lgesi\u2019 ilan edildi\u011fini duyurdu.<\/p>\n<p>A\u00e7\u0131klamada, belirtilen b\u00f6lgelerde vatanda\u015flar\u0131n, b\u00f6lgeye girmeden evvel yetkili makamlardan m\u00fcsaade almas\u0131 gerekti\u011fi ve aksi takdirde cezai s\u00fcre\u00e7 uygulanaca\u011f\u0131 vurguland\u0131.\u00a0<\/p>\n<p>Yap\u0131lan a\u00e7\u0131klamada, \u015fu s\u00f6zlere yer verildi:<\/p>\n<p>\u201c\u015e\u0131rnak ili m\u00fclki hudutlar\u0131 i\u00e7erisinde yer alan; ulusal g\u00fcvenli\u011fin sa\u011flanmas\u0131, kamu sistemi ve g\u00fcvenli\u011finin korunmas\u0131, c\u00fcr\u00fcm i\u015flenmesinin \u00f6nlenmesi, temel hak ve \u00f6zg\u00fcrl\u00fckler ile oburlar\u0131n\u0131n hak ve \u00f6zg\u00fcrl\u00fcklerinin ve genel asayi\u015fin korunmas\u0131, \u015fiddet olaylar\u0131n\u0131n meydana gelmesinin \u00f6nlenmesi ve ya\u015fanabilecek her t\u00fcrl\u00fc olumsuz durumun \u00f6n\u00fcne ge\u00e7ilebilmesi hedefiyle, 5442 Say\u0131l\u0131 Vilayet Y\u00f6netimi Kanunu&#8217;nun 11&#8217;inci hususunun (c) f\u0131rkas\u0131 ile 2565 Say\u0131l\u0131 Askeri Yasak B\u00f6lgeler ve G\u00fcvenlik B\u00f6lgeleri Kanunu&#8217;nun 32\/A unsuruna istinaden; \u015e\u0131rnak Valili\u011fince; koordinat bilgileri a\u015fa\u011f\u0131daki tabloda mevcut olan, \u015e\u0131rnak ili Merkez il\u00e7esi sonlar\u0131nda bulunan Bestler Dereler B\u00f6lgesi, \u015e\u0131rnak ili Merkez il\u00e7e ve G\u00fc\u00e7l\u00fckonak il\u00e7esi sonlar\u0131nda bulunan Gabar Da\u011f\u0131 B\u00f6lgesi, \u015e\u0131rnak ili Merkez il\u00e7e, Silopi ve Cizre il\u00e7eleri sonlar\u0131nda bulunan Cudi Da\u011f\u0131 B\u00f6lgesi, \u015e\u0131rnak ili Merkez il\u00e7e, Silopi ve Uludere il\u00e7eleri hudutlar\u0131nda bulunan Kurt Da\u011f\u0131 B\u00f6lgesi, \u015e\u0131rnak ili Beyt\u00fc\u015f\u015febap il\u00e7esi sonlar\u0131nda bulunan Kelmehmetler-D\u00f6nmezler-Kovankaya, Tahtare\u015f, \u0130ncebelda\u011flar\u0131 B\u00f6lgeleri, \u015e\u0131rnak ili Beyt\u00fc\u015f\u015febap il\u00e7esi sonlar\u0131nda bulunan Alt\u0131nda\u011flar\u0131 B\u00f6lgesi, \u015e\u0131rnak ili Beyt\u00fc\u015f\u015febap ve Uludere il\u00e7eleri hudutlar\u0131nda bulunan Oymakaya B\u00f6lgesi, bahse mevzu b\u00f6lgelere gidebilece\u011fi bedellendirilen vatanda\u015flar\u0131n, mezk\u00fbr b\u00f6lgelerdeki yasa d\u0131\u015f\u0131 \u00f6gelerden ve bunlara y\u00f6nelik al\u0131nacak \u00f6nlemlerden ziyan g\u00f6rmemeleri a\u00e7\u0131s\u0131ndan 26 \u015eubat 2025 (Dahil) \u2013 12 Mart 2025 (Dahil) tarihleri ortas\u0131nda 15 g\u00fcn \u2018Ge\u00e7ici \u00d6zel G\u00fcvenlik B\u00f6lgesi\u2019 ilan edilmi\u015ftir. Vatanda\u015flar\u0131m\u0131z\u0131n; bu tarihler ortas\u0131nda 2565 say\u0131l\u0131 Askeri Yasak B\u00f6lgeler ve G\u00fcvenlik B\u00f6lgeleri Kanunu kapsam\u0131nda yetkili makamlardan m\u00fcsaade almak suretiyle ilan edilen b\u00f6lgelere girebilece\u011fi, aksi halde 5442 say\u0131l\u0131 Vilayet Y\u00f6netimi Kanunun 66&#8217;nc\u0131 unsuru mucibince cezai s\u00fcre\u00e7 uygulanaca\u011f\u0131, Kamuoyuna H\u00fcrmet ile duyurulur.\u201d (DHA)<\/p>\n","protected":false},"excerpt":{"rendered":"<p>\u015e\u0131rnak Valili\u011fi, kent merkezi ve il\u00e7elerindeki kimi b\u00f6lgelerin 26 \u015eubat-12 Mart tarihleri ortas\u0131nda 15 g\u00fcn m\u00fcddetle \u2018Ge\u00e7ici \u00d6zel G\u00fcvenlik B\u00f6lgesi\u2019 ilan edildi\u011fini a\u00e7\u0131klad\u0131.<\/p>\n","protected":false},"author":1,"featured_media":45720,"comment_status":"open","ping_status":"open","sticky":false,"template":"","format":"standard","meta":{"footnotes":""},"categories":[25],"tags":[1621,1622,1623],"class_list":["post-45719","post","type-post","status-publish","format-standard","has-post-thumbnail","hentry","category-gundem","tag-bolgeler","tag-merkez","tag-sirnak"],"_links":{"self":[{"href":"https:\/\/ikimisli.tr\/index.php\/wp-json\/wp\/v2\/posts\/45719","targetHints":{"allow":["GET"]}}],"collection":[{"href":"https:\/\/ikimisli.tr\/index.php\/wp-json\/wp\/v2\/posts"}],"about":[{"href":"https:\/\/ikimisli.tr\/index.php\/wp-json\/wp\/v2\/types\/post"}],"author":[{"embeddable":true,"href":"https:\/\/ikimisli.tr\/index.php\/wp-json\/wp\/v2\/users\/1"}],"replies":[{"embeddable":true,"href":"https:\/\/ikimisli.tr\/index.php\/wp-json\/wp\/v2\/comments?post=45719"}],"version-history":[{"count":1,"href":"https:\/\/ikimisli.tr\/index.php\/wp-json\/wp\/v2\/posts\/45719\/revisions"}],"predecessor-version":[{"id":45721,"href":"https:\/\/ikimisli.tr\/index.php\/wp-json\/wp\/v2\/posts\/45719\/revisions\/45721"}],"wp:featuredmedia":[{"embeddable":true,"href":"https:\/\/ikimisli.tr\/index.php\/wp-json\/wp\/v2\/media\/45720"}],"wp:attachment":[{"href":"https:\/\/ikimisli.tr\/index.php\/wp-json\/wp\/v2\/media?parent=45719"}],"wp:term":[{"taxonomy":"category","embeddable":true,"href":"https:\/\/ikimisli.tr\/index.php\/wp-json\/wp\/v2\/categories?post=45719"},{"taxonomy":"post_tag","embeddable":true,"href":"https:\/\/ikimisli.tr\/index.php\/wp-json\/wp\/v2\/tags?post=45719"}],"curies":[{"name":"wp","href":"https:\/\/api.w.org\/{rel}","templated":true}]}}