{"id":45737,"date":"2025-06-13T02:36:08","date_gmt":"2025-06-13T02:36:08","guid":{"rendered":"https:\/\/ikimisli.tr\/?p=45737"},"modified":"2025-06-13T02:36:08","modified_gmt":"2025-06-13T02:36:08","slug":"akom-duyurdu-sibirya-soguklari-istanbulu-terk-ediyor","status":"publish","type":"post","link":"https:\/\/ikimisli.tr\/index.php\/2025\/06\/13\/akom-duyurdu-sibirya-soguklari-istanbulu-terk-ediyor\/","title":{"rendered":"AKOM duyurdu: Sibirya so\u011fuklar\u0131 \u0130stanbul&#8217;u terk ediyor"},"content":{"rendered":"<p>\u0130stanbul B\u00fcy\u00fck\u015fehir Belediyesi Afet \u0130\u015fleri Dairesi Ba\u015fkanl\u0131\u011f\u0131 AKOM&#8217;un y\u0131ll\u0131k haftal\u0131k hava kestirim raporuna nazaran, 25 \u015eubat 2025 Sal\u0131 g\u00fcn\u00fc kent genelinde kesimli bulutlu ve a\u00e7\u0131k bir hava hakimi olacak.<\/p>\n<p>G\u00fcn i\u00e7indeki s\u0131cakl\u0131klar\u0131n 7\u00b0C d\u00fczeylerinde seyrederken ya\u011f\u0131\u015f \u00f6ng\u00f6r\u00fclm\u00fcyor. Sabah saatleri 3\u00b0C olan hava s\u0131cakl\u0131\u011f\u0131, \u00f6\u011flen saatleri ise 7\u00b0C&#8217;ye kadar y\u00fckselecek. Ak\u015fam saatlerinde 6\u00b0C, gece ise 5\u00b0C olarak \u00f6l\u00e7\u00fclecek. Nemlerin %45-70 aral\u0131\u011f\u0131nda katlanmas\u0131 sa\u011flan\u0131rken, r\u00fczgar\u0131n lodos ve k\u0131ble taraflar\u0131ndan hafif, vakit orta kuvvette (5-20 km\/s) kestirim ediliyor.<\/p>\n<p><b>BARAJLARIN DOLULUK ORANI ARTIYOR<\/b><\/p>\n<p>\u0130stanbul&#8217;daki barajlar\u0131n doluluk oran\u0131 y\u00fczde 72,20 d\u00fczeyindeyken, deniz suyu s\u0131cakl\u0131\u011f\u0131 ise 8\u00b0C olarak kaydedildi.<\/p>\n<p>Haftal\u0131k iddialara nazaran \u0130stanbul&#8217;da s\u0131cakl\u0131klar artmaya devam ediyor.<br \/>26 \u015eubat \u00c7ar\u015famba: En d\u00fc\u015f\u00fck 3\u00b0C, en y\u00fcksek 9\u00b0C<br \/>27 \u015eubat Per\u015fembe: En d\u00fc\u015f\u00fck 5\u00b0C, en y\u00fcksek 12\u00b0C<br \/>28 \u015eubat Cuma: Lokal ya\u011fmurlar bekleniyor, s\u0131cakl\u0131klar 5-10\u00b0C aras\u0131nda<br \/>1-3 Mart Hafta Sonu: En d\u00fc\u015f\u00fck 5\u00b0C, en y\u00fcksek 11-12\u00b0C, bahar havas\u0131na daha yak\u0131n bir seyir bekleniyor<\/p>\n<p><b>S\u0130B\u0130RYA SO\u011eUKLARININ SONUNA GEL\u0130ND\u0130<\/b><\/p>\n<p>\u0130stanbul&#8217;da tesirli olan Sibirya kaynakl\u0131 so\u011fuk havan\u0131n erimesinin terk edilmesiyle birlikte s\u0131cakl\u0131klar\u0131n artarak mevsimlerin normallerine y\u00fckselece\u011fi, cemrenin ise bariz halde hissedilece\u011fi varsay\u0131m ediliyor. Mart s\u0131cakl\u0131klar\u0131n\u0131n ortalar\u0131na kadar s\u0131cakl\u0131k k\u0131ymetlerinin mevsim normalleri s\u0131cakl\u0131\u011f\u0131 ile 1-3\u00b0C derece alt\u0131nda tutulaca\u011f\u0131 kestirim ediliyor.<\/p>\n","protected":false},"excerpt":{"rendered":"<p>\u0130stanbul B\u00fcy\u00fck\u015fehir Belediyesi Afet \u0130\u015fleri Dairesi Ba\u015fkanl\u0131\u011f\u0131 AKOM&#8217;un haftal\u0131k hava varsay\u0131m raporuna nazaran, \u0130stanbul&#8217;da tesirli olan Sibirya kaynakl\u0131 so\u011fuk hava s\u0131cakl\u0131\u011f\u0131n\u0131n tedavisiyle birlikte s\u0131cakl\u0131klar\u0131n artaca\u011f\u0131 ve mevsim normallerine y\u00fckselece\u011fi \u00f6ng\u00f6r\u00fcl\u00fcyor.<\/p>\n","protected":false},"author":1,"featured_media":45738,"comment_status":"open","ping_status":"open","sticky":false,"template":"","format":"standard","meta":{"footnotes":""},"categories":[25],"tags":[161,4166,1469],"class_list":["post-45737","post","type-post","status-publish","format-standard","has-post-thumbnail","hentry","category-gundem","tag-hava","tag-sicakliklar","tag-tahmin"],"_links":{"self":[{"href":"https:\/\/ikimisli.tr\/index.php\/wp-json\/wp\/v2\/posts\/45737","targetHints":{"allow":["GET"]}}],"collection":[{"href":"https:\/\/ikimisli.tr\/index.php\/wp-json\/wp\/v2\/posts"}],"about":[{"href":"https:\/\/ikimisli.tr\/index.php\/wp-json\/wp\/v2\/types\/post"}],"author":[{"embeddable":true,"href":"https:\/\/ikimisli.tr\/index.php\/wp-json\/wp\/v2\/users\/1"}],"replies":[{"embeddable":true,"href":"https:\/\/ikimisli.tr\/index.php\/wp-json\/wp\/v2\/comments?post=45737"}],"version-history":[{"count":1,"href":"https:\/\/ikimisli.tr\/index.php\/wp-json\/wp\/v2\/posts\/45737\/revisions"}],"predecessor-version":[{"id":45739,"href":"https:\/\/ikimisli.tr\/index.php\/wp-json\/wp\/v2\/posts\/45737\/revisions\/45739"}],"wp:featuredmedia":[{"embeddable":true,"href":"https:\/\/ikimisli.tr\/index.php\/wp-json\/wp\/v2\/media\/45738"}],"wp:attachment":[{"href":"https:\/\/ikimisli.tr\/index.php\/wp-json\/wp\/v2\/media?parent=45737"}],"wp:term":[{"taxonomy":"category","embeddable":true,"href":"https:\/\/ikimisli.tr\/index.php\/wp-json\/wp\/v2\/categories?post=45737"},{"taxonomy":"post_tag","embeddable":true,"href":"https:\/\/ikimisli.tr\/index.php\/wp-json\/wp\/v2\/tags?post=45737"}],"curies":[{"name":"wp","href":"https:\/\/api.w.org\/{rel}","templated":true}]}}