{"id":45875,"date":"2025-06-13T10:00:10","date_gmt":"2025-06-13T10:00:10","guid":{"rendered":"https:\/\/ikimisli.tr\/?p=45875"},"modified":"2025-06-13T10:00:10","modified_gmt":"2025-06-13T10:00:10","slug":"derbi-sonrasi-canli-yayinda-kavga-ne-soyleyecegime-kimse-karar-veremez","status":"publish","type":"post","link":"https:\/\/ikimisli.tr\/index.php\/2025\/06\/13\/derbi-sonrasi-canli-yayinda-kavga-ne-soyleyecegime-kimse-karar-veremez\/","title":{"rendered":"Derbi sonras\u0131 canl\u0131 yay\u0131nda kavga! &#8216;Ne s\u00f6yleyece\u011fime kimse karar veremez&#8217;"},"content":{"rendered":"<p>S\u00fcper Lig&#8217;de 25.hafta bir derbiye sahne oldu. Ezeli rakipler Galatasaray ve Fenerbah\u00e7e&#8217;nin kar\u015f\u0131 kar\u015f\u0131ya geldi\u011fi \u00e7abada gol ses \u00e7\u0131kmad\u0131.<\/p>\n<p>B\u00f6ylece iki grup ortas\u0131ndaki 6 puan fark sabit kald\u0131. M\u00fcsabaka sonras\u0131 ise Fenerbah\u00e7e Teknik Direkt\u00f6r\u00fc Jose Mourinho&#8217;nun s\u00f6zleri g\u00fcndeme damgas\u0131n\u0131 vurdu.<\/p>\n<p>M\u00fccadele sonras\u0131 d\u00fczenlenen bas\u0131n toplant\u0131s\u0131nda konu\u015fan Portekizli teknik adam &#8220;Hakeme de te\u015fekk\u00fcr etmeliyim. Bahsetti\u011fim konumda, rakip yedek kul\u00fcbesindeki herkes ba\u015f\u0131nda maymun \u00fczere z\u0131pl\u0131yordu&#8221; tabirlerini kulland\u0131.<\/p>\n<p>&#8216;Maymun&#8217; tabirinin akabinde sar\u0131-k\u0131rm\u0131z\u0131l\u0131lar bir a\u00e7\u0131klama yay\u0131nlad\u0131.<\/p>\n<p><b>&#8216;N\u0130YE \u0130\u015e\u0130 YOKU\u015eA S\u00dcRD\u00dcN?&#8217;<\/b><\/p>\n<p>Mourinho&#8217;nun a\u00e7\u0131klamas\u0131 televizyon programlar\u0131nda da tart\u0131\u015fmalar\u0131 beraberinde getirdi. Fenerbah\u00e7e Asba\u015fkan\u0131 Acun Il\u0131cal\u0131 TV100 canl\u0131 yay\u0131n\u0131na kat\u0131ld\u0131. Bu anlarda program\u0131n moderat\u00f6r\u00fc Ersin Sistem ve Acun Il\u0131cal\u0131 ortas\u0131nda gerginlik ya\u015fand\u0131. Acun Il\u0131cal\u0131, Ersin Sistem&#8217;e reaksiyon g\u00f6sterdi. Il\u0131cal\u0131, Ersin Sistem&#8217;e Mourinho hakk\u0131ndaki yorumlar\u0131 ile ilgili \u015fu s\u00f6zleri lisana getirdi:<\/p>\n<p>&#8220;Niye bu kelamlar \u0131rk\u00e7\u0131l\u0131kla alakal\u0131 de\u011fil diyemedin? Ni\u00e7in i\u015fi yoku\u015fa s\u00fcrd\u00fcn?&#8221;<\/p>\n<p>Ersin Tertip, Il\u0131cal\u0131&#8217;n\u0131n bu kelamlar\u0131na reaksiyon g\u00f6sterdi. <strong>&#8220;Misafirimizsiniz ba\u015f\u0131m\u0131n \u00fcst\u00fcnde yeriniz var fakat benim burada ne s\u00f6yleyece\u011fime hi\u00e7 kimse karar veremez<\/strong>&#8221; diyen Tertip kelamlar\u0131na \u015f\u00f6yle devam etti:<\/p>\n<p><b>&#8216;B\u0130R \u0130NSANI MAYMUNA BENZET\u0130YORSANIZ&#8230;&#8217;<\/b><\/p>\n<p>&#8220;Ben zati \u0131rk\u00e7\u0131l\u0131k olmad\u0131\u011f\u0131na dair g\u00f6r\u00fc\u015f\u00fcm\u00fc bildirdim. Ama yurt d\u0131\u015f\u0131nda da ne oldu, ne ya\u015fand\u0131 biliyoruz. Mourinho da biliyor.&#8221;<\/p>\n<p>\u201cBir insan\u0131 maymuna benzetiyorsan\u0131z \u015fayet, kar\u015f\u0131n\u0131zdaki be\u015ferde bunu \u0131rk\u00e7\u0131l\u0131k olarak k\u0131ymetlendirebilir. Siz bunu siyahi diye ay\u0131r\u0131rsan\u0131z di\u011ferlerine da tart\u0131\u015fma odak noktas\u0131 a\u00e7m\u0131\u015f olursunuz.\u201d<\/p>\n","protected":false},"excerpt":{"rendered":"<p>Galatasaray ve Fenerbah\u00e7e&#8217;nin 0-0 berabere kald\u0131\u011f\u0131 m\u00fcsabaka sonras\u0131 Jose Mourinho&#8217;nun &#8216;Maymun&#8217; \u00e7\u0131k\u0131\u015f\u0131 ortal\u0131\u011f\u0131 kar\u0131\u015ft\u0131rd\u0131. Dev derbinin akabinde canl\u0131 yay\u0131nda Acun Il\u0131cal\u0131 ve sunucu Ersin Nizam ortas\u0131nda tart\u0131\u015fma \u00e7\u0131kt\u0131.<\/p>\n","protected":false},"author":1,"featured_media":45876,"comment_status":"open","ping_status":"open","sticky":false,"template":"","format":"standard","meta":{"footnotes":""},"categories":[30],"tags":[5170,1838,6224],"class_list":["post-45875","post","type-post","status-publish","format-standard","has-post-thumbnail","hentry","category-spor","tag-duzen","tag-ilicali","tag-sozler"],"_links":{"self":[{"href":"https:\/\/ikimisli.tr\/index.php\/wp-json\/wp\/v2\/posts\/45875","targetHints":{"allow":["GET"]}}],"collection":[{"href":"https:\/\/ikimisli.tr\/index.php\/wp-json\/wp\/v2\/posts"}],"about":[{"href":"https:\/\/ikimisli.tr\/index.php\/wp-json\/wp\/v2\/types\/post"}],"author":[{"embeddable":true,"href":"https:\/\/ikimisli.tr\/index.php\/wp-json\/wp\/v2\/users\/1"}],"replies":[{"embeddable":true,"href":"https:\/\/ikimisli.tr\/index.php\/wp-json\/wp\/v2\/comments?post=45875"}],"version-history":[{"count":1,"href":"https:\/\/ikimisli.tr\/index.php\/wp-json\/wp\/v2\/posts\/45875\/revisions"}],"predecessor-version":[{"id":45877,"href":"https:\/\/ikimisli.tr\/index.php\/wp-json\/wp\/v2\/posts\/45875\/revisions\/45877"}],"wp:featuredmedia":[{"embeddable":true,"href":"https:\/\/ikimisli.tr\/index.php\/wp-json\/wp\/v2\/media\/45876"}],"wp:attachment":[{"href":"https:\/\/ikimisli.tr\/index.php\/wp-json\/wp\/v2\/media?parent=45875"}],"wp:term":[{"taxonomy":"category","embeddable":true,"href":"https:\/\/ikimisli.tr\/index.php\/wp-json\/wp\/v2\/categories?post=45875"},{"taxonomy":"post_tag","embeddable":true,"href":"https:\/\/ikimisli.tr\/index.php\/wp-json\/wp\/v2\/tags?post=45875"}],"curies":[{"name":"wp","href":"https:\/\/api.w.org\/{rel}","templated":true}]}}