{"id":45923,"date":"2025-06-13T12:48:08","date_gmt":"2025-06-13T12:48:08","guid":{"rendered":"https:\/\/ikimisli.tr\/?p=45923"},"modified":"2025-06-13T12:48:08","modified_gmt":"2025-06-13T12:48:08","slug":"avrupa-yeni-nukleer-kalkanini-kaldiriyor","status":"publish","type":"post","link":"https:\/\/ikimisli.tr\/index.php\/2025\/06\/13\/avrupa-yeni-nukleer-kalkanini-kaldiriyor\/","title":{"rendered":"Avrupa, yeni n\u00fckleer kalkan\u0131n\u0131 kald\u0131r\u0131yor"},"content":{"rendered":"<p>Fransa, ABD&#8217;nin sa\u011flad\u0131\u011f\u0131 &#8216;Avrupa&#8217;n\u0131n N\u00fckleer kalkan\u0131&#8217; rol\u00fcn\u00fc \u00fcslenerek AB&#8217;nin savunmas\u0131n\u0131 sa\u011flayabilece\u011fini belirtti. \u0130ngiltere merkezli The Telegraph\u2019a konu\u015fan bir Frans\u0131z yetkili, n\u00fckleer silah ta\u015f\u0131yan sava\u015f u\u00e7aklar\u0131n\u0131n Almanya&#8217;ya konu\u015fland\u0131r\u0131lmas\u0131n\u0131n ihtimaller dahilinde oldu\u011funu s\u00f6yledi.<\/p>\n<p>Bu geli\u015fme, ABD&#8217;nin Avrupa&#8217;daki askeri varl\u0131\u011f\u0131n\u0131 azaltaca\u011f\u0131n\u0131n sinyallerini vermesinin ard\u0131ndan geldi. Almanya&#8217;da se\u00e7imleri kazanan ve \u00fclkenin bir sonraki \u015fans\u00f6lyesi olmas\u0131 beklenen Friedrich Merz, Avrupa\u2019n\u0131n g\u00fcvenli\u011fini sa\u011flamak i\u00e7in \u0130ngiltere ve Fransa\u2019dan n\u00fckleer m\u00fcdafaa talep etti. Merz, Avrupa\u2019n\u0131n ABD\u2019den ba\u011f\u0131ms\u0131z bir g\u00fcvenlik stratejisi geli\u015ftirmesi gerekti\u011fini vurgulad\u0131.<\/p>\n<p>Frans\u0131z yetkililer, sava\u015f u\u00e7aklar\u0131n\u0131n Almanya\u2019ya yerle\u015ftirilmesinin, Ukrayna&#8217;daki sava\u015f\u0131 ba\u015flatan ve Avrupa i\u00e7in bir g\u00fcvenlik tehdidi olarak kabul edilen Rusya Devlet Ba\u015fkan\u0131 Vladimir Putin\u2019e a\u00e7\u0131k bir ileti g\u00f6nderece\u011fini tabir etti.<\/p>\n<p><b>AVRUPA&#8217;NIN YEN\u0130 KALKANI<\/b><\/p>\n<p>AB&#8217;nin n\u00fckleer g\u00fc\u00e7leri olan Fransa ve \u0130ngiltere, gelecekte n\u00fckleer bir g\u00fc\u00e7 blo\u011fu olarak k\u0131tay\u0131 savunabilir. Lakin \u0130ngiltere, hala \u00e7ekimser davran\u0131yor.<\/p>\n<p>Berlin\u2019deki diplomatlar ise bu atakla, n\u00fckleer kalkana kat\u0131lmas\u0131 i\u00e7in \u0130ngiltere Ba\u015fbakan\u0131 Keir Starmer\u2019a benzeri bir ad\u0131m atmas\u0131 istikametinde bask\u0131 yapabilece\u011fini belirtti.<\/p>\n<p>Frans\u0131z bir yetkili, \u201cBirka\u00e7 Frans\u0131z n\u00fckleer sava\u015f u\u00e7a\u011f\u0131n\u0131n Almanya\u2019ya konu\u015fland\u0131r\u0131lmas\u0131 g\u00fc\u00e7 olmayacakt\u0131r ve \u00e7ok g\u00fc\u00e7l\u00fc bir ileti verecektir\u201d dedi.<\/p>\n<p>Fransa Cumhurba\u015fkan\u0131 Emmanuel Macron, Pazar ak\u015fam\u0131 Merz ile g\u00f6r\u00fc\u015ft\u00fckten sonra Washington\u2019a giderek Avrupa g\u00fcvenli\u011fi ve Ukrayna\u2019n\u0131n savunmas\u0131yla ilgili planlar\u0131n\u0131 ABD Ba\u015fkan\u0131 Donald Trump\u2019a sundu. Macron&#8217;un, bu plan\u0131 Trump ile de konu\u015ftu\u011fu \u00f6ne s\u00fcr\u00fcld\u00fc.<\/p>\n<p><b>ABD ARTIK KAYITSIZ<\/b><\/p>\n<p>ABD, Avrupa\u2019n\u0131n g\u00fcvenli\u011fini uzun m\u00fcddettir Almanya\u2019daki \u00fcslerinde konu\u015fland\u0131rd\u0131\u011f\u0131 yakla\u015f\u0131k 100 n\u00fckleer f\u00fcze ile garanti alt\u0131na al\u0131yordu.<\/p>\n<p>Ancak Fransa\u2019n\u0131n n\u00fckleer cayd\u0131r\u0131c\u0131l\u0131\u011f\u0131 NATO\u2019dan ba\u011f\u0131ms\u0131z bir yap\u0131dayken, \u0130ngiltere\u2019nin n\u00fckleer kapasitesi ittifak\u0131n savunma stratejisinin ayr\u0131lmaz bir mod\u00fcl\u00fc olarak g\u00f6r\u00fcl\u00fcyor.<\/p>\n<p>Friedrich Merz, ge\u00e7en hafta yapt\u0131\u011f\u0131 a\u00e7\u0131klamada, Paris ve Londra\u2019n\u0131n \u201cn\u00fckleer muhafazalar\u0131n\u0131n Almanya\u2019y\u0131 da kapsayacak formda geni\u015fletilip geni\u015fletilemeyece\u011fini tart\u0131\u015fmalar\u0131 gerekti\u011fini\u201d s\u00f6yledi.<\/p>\n<p>Pazar g\u00fcn\u00fc ise Trump idaresinin art\u0131k \u201cAvrupa\u2019n\u0131n baht\u0131na kay\u0131ts\u0131z\u201d oldu\u011funu lisana getirerek k\u0131tan\u0131n kendi g\u00fcvenlik mimarisini in\u015fa etmesi gerekti\u011fini belirtti.<\/p>\n","protected":false},"excerpt":{"rendered":"<p>Fransa, Avrupa\u2019n\u0131n n\u00fckleer g\u00fcvenli\u011fini sa\u011flamak i\u00e7in devreye girmeye haz\u0131r. Paris, sava\u015f u\u00e7aklar\u0131n\u0131 Almanya\u2019ya konu\u015fland\u0131rarak k\u0131tan\u0131n savunmas\u0131n\u0131 g\u00fc\u00e7lendirmeyi planl\u0131yor. Almanya\u2019n\u0131n yeni \u015fans\u00f6lyesi olmas\u0131 beklenen Friedrich Merz, Avrupa\u2019n\u0131n ABD\u2019den ba\u011f\u0131ms\u0131z bir g\u00fcvenlik stratejisi olu\u015fturmas\u0131 gerekti\u011fini savunuyor. Washington\u2019un Avrupa\u2019n\u0131n g\u00fcvenli\u011fine kay\u0131ts\u0131z kald\u0131\u011f\u0131n\u0131 s\u00f6yleyen Merz, \u0130ngiltere ve Fransa\u2019dan n\u00fckleer m\u00fcdafaa talep etti.<\/p>\n","protected":false},"author":1,"featured_media":45924,"comment_status":"open","ping_status":"open","sticky":false,"template":"","format":"standard","meta":{"footnotes":""},"categories":[43],"tags":[82,435,864,1301,198],"class_list":["post-45923","post","type-post","status-publish","format-standard","has-post-thumbnail","hentry","category-dunya","tag-abd","tag-avrupa","tag-fransa","tag-ingiltere","tag-nukleer"],"_links":{"self":[{"href":"https:\/\/ikimisli.tr\/index.php\/wp-json\/wp\/v2\/posts\/45923","targetHints":{"allow":["GET"]}}],"collection":[{"href":"https:\/\/ikimisli.tr\/index.php\/wp-json\/wp\/v2\/posts"}],"about":[{"href":"https:\/\/ikimisli.tr\/index.php\/wp-json\/wp\/v2\/types\/post"}],"author":[{"embeddable":true,"href":"https:\/\/ikimisli.tr\/index.php\/wp-json\/wp\/v2\/users\/1"}],"replies":[{"embeddable":true,"href":"https:\/\/ikimisli.tr\/index.php\/wp-json\/wp\/v2\/comments?post=45923"}],"version-history":[{"count":1,"href":"https:\/\/ikimisli.tr\/index.php\/wp-json\/wp\/v2\/posts\/45923\/revisions"}],"predecessor-version":[{"id":45925,"href":"https:\/\/ikimisli.tr\/index.php\/wp-json\/wp\/v2\/posts\/45923\/revisions\/45925"}],"wp:featuredmedia":[{"embeddable":true,"href":"https:\/\/ikimisli.tr\/index.php\/wp-json\/wp\/v2\/media\/45924"}],"wp:attachment":[{"href":"https:\/\/ikimisli.tr\/index.php\/wp-json\/wp\/v2\/media?parent=45923"}],"wp:term":[{"taxonomy":"category","embeddable":true,"href":"https:\/\/ikimisli.tr\/index.php\/wp-json\/wp\/v2\/categories?post=45923"},{"taxonomy":"post_tag","embeddable":true,"href":"https:\/\/ikimisli.tr\/index.php\/wp-json\/wp\/v2\/tags?post=45923"}],"curies":[{"name":"wp","href":"https:\/\/api.w.org\/{rel}","templated":true}]}}