{"id":45957,"date":"2025-06-13T14:48:12","date_gmt":"2025-06-13T14:48:12","guid":{"rendered":"https:\/\/ikimisli.tr\/?p=45957"},"modified":"2025-06-13T14:48:12","modified_gmt":"2025-06-13T14:48:12","slug":"bodrumlu-eymen-icin-yardim-kampanyasi-baslatildi","status":"publish","type":"post","link":"https:\/\/ikimisli.tr\/index.php\/2025\/06\/13\/bodrumlu-eymen-icin-yardim-kampanyasi-baslatildi\/","title":{"rendered":"Bodrumlu Eymen i\u00e7in yard\u0131m kampanyas\u0131 ba\u015flat\u0131ld\u0131"},"content":{"rendered":"<p>Bodrum\u2019da ya\u015fayan DMD (Duchenne Musk\u00fcler Distrofi) hastas\u0131 9 ya\u015f\u0131ndaki Eymen \u00d6zdo\u011fan\u2019\u0131n hayata tutunabilmesi i\u00e7in ailesi Valilik onayl\u0131 bir yard\u0131m kampanyas\u0131 ba\u015flatt\u0131. \u201cEymen\u2019in Elinden Fiyat M\u0131s\u0131n\u0131z?\u201d ismiyle duyurulan kampanya kapsam\u0131nda, tedavi masraflar\u0131n\u0131n kar\u015f\u0131lanabilmesi i\u00e7in 2.950.000 dolar gerekiyor.<\/p>\n<p>9 ya\u015f\u0131ndaki Eymen&#8217;e 4 ya\u015f\u0131nda iken DMD te\u015fhisi kondu. O y\u0131ldan bu yana kortizon ila\u00e7lar\u0131 kullanan Eymen&#8217;in karaci\u011fer enzimleri, ilaca ba\u011fl\u0131 olarak s\u00fcratle d\u00fc\u015f\u00fcyor. Ailesi, minik Eymen i\u00e7in yakla\u015f\u0131k \u00fc\u00e7 ay evvel kalp ila\u00e7lar\u0131 da almaya ba\u015flad\u0131. Anne Hasret \u00d6zdo\u011fan, &#8220;Tek s\u0131k\u0131nt\u0131m\u0131z y\u00fcr\u00fcme yetisini kaybetmeden ilac\u0131m\u0131z\u0131 alabilmek. Bunun i\u00e7in de maddi ve manevi takviyeye muhta\u00e7l\u0131\u011f\u0131m\u0131z var&#8221; diyor.<\/p>\n<p>Eymen\u2019in ailesi, gerekli olan bu y\u00fcksek mebla\u011f\u0131 toplamak i\u00e7in dayanak davetinde bulundu. Valilik onay\u0131yla ba\u015flat\u0131lan kampanya kapsam\u0131nda T\u00fcrk Liras\u0131, Dolar ve Euro i\u00e7in \u00fc\u00e7 farkl\u0131 IBAN numaras\u0131 payla\u015f\u0131ld\u0131. Aile, Bodrum halk\u0131 ba\u015fta olmak \u00fczere t\u00fcm hassas vatanda\u015flardan dayanak bekliyor.<\/p>\n<p><b><strong>\u201cHer Ba\u011f\u0131\u015f, Eymen \u0130\u00e7in Bir Umut\u201d<\/strong><\/b><\/p>\n<p>DMD, kaslar\u0131 vakitle zay\u0131flatan ve hareket kabiliyetini k\u0131s\u0131tlayan genetik bir hastal\u0131k. D\u00fcnyada yaln\u0131zca belli \u00fclkelerde uygulanan gen tedavisi sayesinde hastal\u0131\u011f\u0131n ilerlemesi yava\u015flat\u0131labiliyor ve Eymen i\u00e7in bu tedavi b\u00fcy\u00fck bir umut. Lakin tedavi masraflar\u0131 epey y\u00fcksek oldu\u011fu i\u00e7in ailesi, takviye kampanyas\u0131na b\u00fcy\u00fck ehemmiyet veriyor.<\/p>\n<p>Anne ve baba, Eymen\u2019in s\u0131hhatine kavu\u015fmas\u0131 i\u00e7in \u00e7aba ederken, k\u00fc\u00e7\u00fck \u00e7ocu\u011fun g\u00fcnden g\u00fcne daha fazla dayana\u011fa muhta\u00e7l\u0131\u011f\u0131 oldu\u011funu s\u00f6yl\u00fcyor. \u201cEymen\u2019in tek talihi bu tedaviye ula\u015fmak. Herkesin dayana\u011f\u0131yla onun elinden tutabiliriz\u201d diyerek Bodrum halk\u0131na ve t\u00fcm T\u00fcrkiye\u2019ye sesleniyorlar.<\/p>\n<p>Ba\u011f\u0131\u015f yapmak i\u00e7in:<\/p>\n<p>Aile, ba\u011f\u0131\u015f yapmak isteyenler i\u00e7in resmi hesap bilgilerini ve kampanya ayr\u0131nt\u0131lar\u0131n\u0131 toplumsal medya hesaplar\u0131ndan ve afi\u015flerden payla\u015fmaya devam ediyor. Kampanyaya dayanak olmak isteyenler, valilik onayl\u0131 hesaplara direkt ba\u011f\u0131\u015f yaparak Eymen\u2019in hayat\u0131na dokunabilir. Kampanya, e-devlet&#8217;ten de denetim edilebilir.<\/p>\n<p>\u00a0<\/p>\n","protected":false},"excerpt":{"rendered":"<p>Bodrum&#8217;da ya\u015fayan DMD kas hastas\u0131 9 ya\u015f\u0131ndaki Eymen, hem tedavi hem de umut ar\u0131yor! Bodrum bug\u00fcne kadar pek \u00e7ok yard\u0131m kampanyas\u0131na \u00f6nc\u00fcl\u00fck etti ve dayan\u0131\u015fmas\u0131yla \u00f6rnek oldu. Art\u0131k bu dayan\u0131\u015fma Eymen i\u00e7in b\u00fcy\u00fcyor.<\/p>\n","protected":false},"author":1,"featured_media":45958,"comment_status":"open","ping_status":"open","sticky":false,"template":"","format":"standard","meta":{"footnotes":""},"categories":[25],"tags":[6662,1873,434],"class_list":["post-45957","post","type-post","status-publish","format-standard","has-post-thumbnail","hentry","category-gundem","tag-eymen","tag-kampanya","tag-tedavi"],"_links":{"self":[{"href":"https:\/\/ikimisli.tr\/index.php\/wp-json\/wp\/v2\/posts\/45957","targetHints":{"allow":["GET"]}}],"collection":[{"href":"https:\/\/ikimisli.tr\/index.php\/wp-json\/wp\/v2\/posts"}],"about":[{"href":"https:\/\/ikimisli.tr\/index.php\/wp-json\/wp\/v2\/types\/post"}],"author":[{"embeddable":true,"href":"https:\/\/ikimisli.tr\/index.php\/wp-json\/wp\/v2\/users\/1"}],"replies":[{"embeddable":true,"href":"https:\/\/ikimisli.tr\/index.php\/wp-json\/wp\/v2\/comments?post=45957"}],"version-history":[{"count":1,"href":"https:\/\/ikimisli.tr\/index.php\/wp-json\/wp\/v2\/posts\/45957\/revisions"}],"predecessor-version":[{"id":45959,"href":"https:\/\/ikimisli.tr\/index.php\/wp-json\/wp\/v2\/posts\/45957\/revisions\/45959"}],"wp:featuredmedia":[{"embeddable":true,"href":"https:\/\/ikimisli.tr\/index.php\/wp-json\/wp\/v2\/media\/45958"}],"wp:attachment":[{"href":"https:\/\/ikimisli.tr\/index.php\/wp-json\/wp\/v2\/media?parent=45957"}],"wp:term":[{"taxonomy":"category","embeddable":true,"href":"https:\/\/ikimisli.tr\/index.php\/wp-json\/wp\/v2\/categories?post=45957"},{"taxonomy":"post_tag","embeddable":true,"href":"https:\/\/ikimisli.tr\/index.php\/wp-json\/wp\/v2\/tags?post=45957"}],"curies":[{"name":"wp","href":"https:\/\/api.w.org\/{rel}","templated":true}]}}