{"id":45976,"date":"2025-06-13T16:12:08","date_gmt":"2025-06-13T16:12:08","guid":{"rendered":"https:\/\/ikimisli.tr\/?p=45976"},"modified":"2025-06-13T16:12:08","modified_gmt":"2025-06-13T16:12:08","slug":"af-duzenlemesi-mi-geliyor-chpli-sarigul-cagri-yapti","status":"publish","type":"post","link":"https:\/\/ikimisli.tr\/index.php\/2025\/06\/13\/af-duzenlemesi-mi-geliyor-chpli-sarigul-cagri-yapti\/","title":{"rendered":"Af d\u00fczenlemesi mi geliyor? CHP&#8217;li Sar\u0131g\u00fcl \u00e7a\u011fr\u0131 yapt\u0131"},"content":{"rendered":"<p>CHP Erzincan Milletvekili Mustafa Sar\u0131g\u00fcl, toplumda af beklentisi oldu\u011funu savundu, af d\u00fczenlemesinin yeni yarg\u0131 paketine eklenmesini istedi.<\/p>\n<p>Sar\u0131g\u00fcl, Meclis&#8217;te d\u00fczenledi\u011fi bas\u0131n toplant\u0131s\u0131nda, taban fiyat\u0131n a\u00e7l\u0131k sonunun alt\u0131nda kald\u0131\u011f\u0131n\u0131, vatanda\u015f\u0131n mutfa\u011f\u0131ndaki yang\u0131n\u0131n b\u00fcy\u00fck oldu\u011funu savundu.<\/p>\n<p>\u0130ktidardan se\u00e7im \u00f6ncesi verdi\u011fi s\u00f6zleri unutmamas\u0131n\u0131 isteyen Sar\u0131g\u00fcl, &#8220;B\u00fct\u00fcn belediye emek\u00e7ilerine, kamuda ta\u015feron \u00e7al\u0131\u015fan personel arkada\u015flar\u0131m\u0131za tak\u0131m verilmesi kural. Emniyet mensuplar\u0131n\u0131n \u00f6zl\u00fck haklar\u0131n\u0131n g\u00fczelle\u015ftirilmesi kural. Kontratl\u0131 vatan misyonu olmaz. Uzman \u00e7avu\u015flara tak\u0131m verilmesi kaide. \u00d6\u011fretmen maa\u015flar\u0131n\u0131n yoksulluk s\u0131n\u0131r\u0131n\u0131n \u00fcst\u00fcne \u00e7\u0131kar\u0131lmas\u0131n\u0131 kaide olarak g\u00f6r\u00fcyorum.&#8221; dedi.<\/p>\n<p><b>AF \u00c7A\u011eRISI<\/b><\/p>\n<p>Toplumda af beklentisinin oldu\u011funu savunan Sar\u0131g\u00fcl, &#8220;Parlamento olarak bu beklentiyi g\u00f6rmezden gelemeyiz. Af d\u00fczenlemesinin yarg\u0131 paketine eklenmesi kural. Buradan T\u00fcrkiye&#8217;nin vicdan\u0131na sesleniyorum: &#8216;Affet T\u00fcrkiyem&#8217; diyorum. Haks\u0131zl\u0131\u011fa u\u011frayanlar\u0131 affet, annelerin hasretini dindirmek i\u00e7in affet. \u00c7ocuklar\u0131 sevindirmek i\u00e7in affet.&#8221; diye konu\u015ftu<\/p>\n","protected":false},"excerpt":{"rendered":"<p>CHP&#8217;li Sar\u0131g\u00fcl, yarg\u0131 paketine af d\u00fczenlemesi eklenmesini istedi. Sar\u0131g\u00fcl, &#8220;Parlamento olarak bu beklentiyi g\u00f6rmezden gelemeyiz. Af d\u00fczenlemesinin yarg\u0131 paketine eklenmesi \u015fart&#8221; dedi.<\/p>\n","protected":false},"author":1,"featured_media":45977,"comment_status":"open","ping_status":"open","sticky":false,"template":"","format":"standard","meta":{"footnotes":""},"categories":[25],"tags":[2254],"class_list":["post-45976","post","type-post","status-publish","format-standard","has-post-thumbnail","hentry","category-gundem","tag-sart"],"_links":{"self":[{"href":"https:\/\/ikimisli.tr\/index.php\/wp-json\/wp\/v2\/posts\/45976","targetHints":{"allow":["GET"]}}],"collection":[{"href":"https:\/\/ikimisli.tr\/index.php\/wp-json\/wp\/v2\/posts"}],"about":[{"href":"https:\/\/ikimisli.tr\/index.php\/wp-json\/wp\/v2\/types\/post"}],"author":[{"embeddable":true,"href":"https:\/\/ikimisli.tr\/index.php\/wp-json\/wp\/v2\/users\/1"}],"replies":[{"embeddable":true,"href":"https:\/\/ikimisli.tr\/index.php\/wp-json\/wp\/v2\/comments?post=45976"}],"version-history":[{"count":1,"href":"https:\/\/ikimisli.tr\/index.php\/wp-json\/wp\/v2\/posts\/45976\/revisions"}],"predecessor-version":[{"id":45978,"href":"https:\/\/ikimisli.tr\/index.php\/wp-json\/wp\/v2\/posts\/45976\/revisions\/45978"}],"wp:featuredmedia":[{"embeddable":true,"href":"https:\/\/ikimisli.tr\/index.php\/wp-json\/wp\/v2\/media\/45977"}],"wp:attachment":[{"href":"https:\/\/ikimisli.tr\/index.php\/wp-json\/wp\/v2\/media?parent=45976"}],"wp:term":[{"taxonomy":"category","embeddable":true,"href":"https:\/\/ikimisli.tr\/index.php\/wp-json\/wp\/v2\/categories?post=45976"},{"taxonomy":"post_tag","embeddable":true,"href":"https:\/\/ikimisli.tr\/index.php\/wp-json\/wp\/v2\/tags?post=45976"}],"curies":[{"name":"wp","href":"https:\/\/api.w.org\/{rel}","templated":true}]}}