{"id":46030,"date":"2025-06-13T19:48:09","date_gmt":"2025-06-13T19:48:09","guid":{"rendered":"https:\/\/ikimisli.tr\/?p=46030"},"modified":"2025-06-13T19:48:09","modified_gmt":"2025-06-13T19:48:09","slug":"tarim-bakanligi-personel-alimi-gerceklestirecek","status":"publish","type":"post","link":"https:\/\/ikimisli.tr\/index.php\/2025\/06\/13\/tarim-bakanligi-personel-alimi-gerceklestirecek\/","title":{"rendered":"Tar\u0131m Bakanl\u0131\u011f\u0131 personel al\u0131m\u0131 ger\u00e7ekle\u015ftirecek"},"content":{"rendered":"<p>Yumakl\u0131, 4&#8217;\u00fcnc\u00fc Tar\u0131m Orman \u015euras\u0131 kapsam\u0131nda d\u00fczenlenen, &#8220;\u0130klim De\u011fi\u015fikli\u011fi S\u00fcrecinde Ormanlar At\u00f6lyesi&#8221; program\u0131na kat\u0131ld\u0131.<\/p>\n<p>Sanayi ihtilalinden bu yana teknoloji ve end\u00fcstrile\u015fmenin, insanlar\u0131n hayat\u0131n\u0131 kolayla\u015ft\u0131r\u0131rken, \u00f6teki taraftan etraf kirlili\u011fine sebep oldu\u011funa i\u015faret eden Yumakl\u0131, bilhassa sera gaz\u0131 sal\u0131n\u0131m\u0131ndan, ekosistemin ve insanlar\u0131n negatif etkilendi\u011fini s\u00f6yledi. \u0130klim de\u011fi\u015fikli\u011fi ba\u015fl\u0131\u011f\u0131 alt\u0131nda t\u00fcm bu bahisleri incelediklerini anlatan Yumakl\u0131, &#8220;D\u00fcnyan\u0131n 21. y\u00fczy\u0131l\u0131n sonuna kadar 4,5 derece daha \u0131s\u0131naca\u011f\u0131n\u0131 d\u00fc\u015f\u00fcn\u00fcrsek, gelecek olan problemlerin katlanarak bizleri etkileyece\u011fini de elbette unutmamak gerekir.&#8221; diye konu\u015ftu.<\/p>\n<p>\u0130klim de\u011fi\u015fikli\u011fiyle birlikte, yaln\u0131zca ormanlarda de\u011fil, zira\u00ee \u00fcretimin \u00f6b\u00fcr alanlar\u0131nda da zararl\u0131lar\u0131n \u00e7ok \u00f6nemli oranda artt\u0131\u011f\u0131na dikkati \u00e7eken Yumakl\u0131, ormanlar\u0131n da s\u00fcrd\u00fcr\u00fclebilir formda geli\u015fiminin son derece de\u011ferli oldu\u011funu ve bu mevzuda u\u011fra\u015f g\u00f6sterdiklerini lisana getirdi.<\/p>\n<p><b>200 M\u0130LYAR L\u0130RADAN FAZLA KAYNAK AYRILDI<\/b><\/p>\n<p>Yumakl\u0131, ormanlar\u0131n karbon yutak alanlar\u0131 olmas\u0131n\u0131n, havadaki karbon \u00f6l\u00e7\u00fcs\u00fcn\u00fcn azalt\u0131lmas\u0131 i\u00e7in de\u011ferli avantajlar sa\u011flad\u0131\u011f\u0131n\u0131n alt\u0131n\u0131 \u00e7izerek, \u015fu s\u00f6zleri kulland\u0131:<\/p>\n<p>&#8220;Ye\u015fil Vatan&#8217;\u0131m\u0131za bug\u00fcnk\u00fc ger\u00e7ek say\u0131larla ayr\u0131lan kaynak, 200 milyar liran\u0131n \u00fczerinde. Bu vakit diliminde 8 milyara yak\u0131n tohum ve fidan toprakta bulu\u015fturuldu. Bu sayede bug\u00fcn 24,3 milyon hektarla d\u00fcnyada de\u011ferli orman varl\u0131\u011f\u0131na sahip ve bunu da geli\u015ftiren bir \u00fclke olarak yer ald\u0131k. K\u0131rsal kalk\u0131nman\u0131n en de\u011ferli ayaklar\u0131ndan birisi de orman ve ormanc\u0131l\u0131k b\u00f6l\u00fcm\u00fc, 57 projemiz var son 22 y\u0131lda 285 bin aileye 34 milyar liraya yak\u0131n hibe ve dayanak sa\u011flanm\u0131\u015f oldu. Ormanlardan yaln\u0131zca odun elde edilmiyor, odun d\u0131\u015f\u0131 orman eserlerinin de ekonomimize \u00e7ok k\u0131ymetli katk\u0131s\u0131 var. Ge\u00e7en y\u0131l orman eserleri kesimimizin, 1,4 milyar dolar civar\u0131nda \u00fclkemizin iktisad\u0131na katk\u0131s\u0131 kelam konusu.&#8221;<\/p>\n<p>Yakla\u015f\u0131k 2 bin orman park\u0131n\u0131n, vatanda\u015flar\u0131n kullan\u0131m\u0131na a\u00e7\u0131ld\u0131\u011f\u0131n\u0131 an\u0131msatan Yumakl\u0131, 129 ekoturizm rotas\u0131n\u0131n bulundu\u011funu ve 2028 y\u0131l\u0131na kadar bu say\u0131y\u0131 200&#8217;e \u00e7\u0131karacaklar\u0131n\u0131 bildirdi. Orman yang\u0131nlar\u0131n\u0131n y\u00fczde 85&#8217;inin, insan kaynakl\u0131 oldu\u011funa de\u011finen Yumakl\u0131, orman yang\u0131nlar\u0131yla gayret konusunda kabiliyetin ve kapasitenin son derece geli\u015fmi\u015f olmas\u0131 gerekti\u011fini vurgulad\u0131. T\u00fcrkiye&#8217;nin su atma kapasitesinin 27 u\u00e7ak ve 105 helikopter ile yakla\u015f\u0131k 450 tona ula\u015ft\u0131\u011f\u0131n\u0131 aktaran Yumakl\u0131, \u015fu de\u011ferlendirmelerde bulundu:<\/p>\n<p>&#8220;Araz\u00f6z say\u0131s\u0131 3 kat art\u0131\u015fla 1766&#8217;ya, i\u015f makinesi 6 kat art\u0131\u015fla 831&#8217;e \u00e7\u0131kt\u0131. Tekrar 2 bin 742 birinci m\u00fcdahale arac\u0131 bulunuyor. Toplamda 14 insans\u0131z hava arac\u0131yla birlikte Avrupa&#8217;da birinci, d\u00fcnyada da ikinci \u00fclkeyiz. 184&#8217;\u00fc ak\u0131ll\u0131 olmak \u00fczere, 776 kuleden 7 g\u00fcn 24 saat ormanlar\u0131m\u0131z\u0131 g\u00f6zl\u00fcyoruz. 4 bin 796 yang\u0131n havuzu, 25 bin orman kahraman\u0131 ve yakla\u015f\u0131k 127 bin de g\u00f6n\u00fcll\u00fcm\u00fcz var. Hasebiyle &#8216;Ye\u015fil Vatan&#8217;\u0131 muhafaza manas\u0131nda daha g\u00fc\u00e7l\u00fc bir savunma s\u0131n\u0131r\u0131 olu\u015fturmak, \u00e7ok s\u00fcratli ve y\u0131k\u0131c\u0131 gelen iklim de\u011fi\u015fikli\u011finin orman yang\u0131nlar\u0131yla u\u011fra\u015f k\u0131sm\u0131nda daha tesirli olabilmek ismine buradan da bir mu\u015ftuyu payla\u015fmak istiyorum. 3 bin 105 yang\u0131n personeli, 3 bin 477 dayanak \u00e7al\u0131\u015fan\u0131 ve 150 m\u00fchendisin yer ald\u0131\u011f\u0131 8 bin 500 ki\u015filik yeni grup arkada\u015flar\u0131m\u0131z\u0131, ilerleyen aylarda kendi tak\u0131mlar\u0131m\u0131za katm\u0131\u015f olaca\u011f\u0131z.&#8221;<\/p>\n<p><b>\u00dcLKELERLE ORMANCILIK KONUSUNDA \u0130\u015e B\u0130RL\u0130\u011e\u0130<\/b><\/p>\n<p>Yumakl\u0131, 902 d\u00fczey m\u00fc\u015fahede noktas\u0131nda, periyodik olarak ormanlar\u0131 hem varl\u0131k, geli\u015fim ve biyo\u00e7e\u015fitlilik manas\u0131nda, hem de s\u0131hhat manas\u0131nda izlemeye devam ettiklerini, buradan al\u0131nan datalarla risk haritalar\u0131 olu\u015fturuldu\u011funu anlatt\u0131.<\/p>\n<p>\u0130klim de\u011fi\u015fikli\u011fiyle gayrette, iklime diren\u00e7li ormanlar olu\u015fturman\u0131n, devam eden \u00e7ok de\u011ferli projeyle, \u00fclke i\u00e7in k\u0131ymetli bir kazan\u0131m haline gelece\u011fine i\u015faret eden Yumakl\u0131, \u015funlar\u0131 kaydetti:<\/p>\n<p>&#8220;\u00d6zellikle kurakl\u0131\u011fa, zararl\u0131lara ve erozyona kar\u015f\u0131 yerli cinslerin kullan\u0131ld\u0131\u011f\u0131 a\u011fa\u00e7land\u0131rma projelerinin y\u00fcr\u00fct\u00fclmesi k\u0131ymetli. Son devirde, dar alanlardaki ya\u011f\u0131\u015flar, ta\u015fk\u0131nlar\u0131n yan\u0131 s\u0131ra \u00e7ok \u00f6nemli erozyon, heyelan \u00fczere tehlikelere sebep olmaya ba\u015flad\u0131. Yang\u0131n ya da \u00f6b\u00fcr rastgele bir sebeple ziyan g\u00f6ren ormanlar\u0131n, bir sonraki y\u0131l\u0131n sonuna kadar kesinlikle a\u011fa\u00e7land\u0131r\u0131lmas\u0131 ger\u00e7ekle\u015fiyor, bunun ikinci bir alternatifi kelam konusu de\u011fil. Bu bahiste pek \u00e7ok \u00fclkeyle ormanc\u0131l\u0131k alan\u0131nda i\u015fbirli\u011fi mutabakatlar\u0131 imzal\u0131yoruz.&#8221;<\/p>\n<p><b>\u0130KL\u0130M DE\u011e\u0130\u015e\u0130KL\u0130\u011e\u0130NE KAR\u015eI HER YIL 1 M\u0130LON YARARLI ORGAN\u0130ZMA ORMANLARA SALINIYOR<\/b><\/p>\n<p>Orman Genel M\u00fcd\u00fcr\u00fc Bekir Karacabey de, iklim de\u011fi\u015fikli\u011finin bilhassa seller, su ta\u015fk\u0131nlar\u0131, kurakl\u0131k ve orman yang\u0131nlar\u0131yla, her ge\u00e7en g\u00fcn \u00e7ok daha fazla hissedilir hale geldi\u011fini s\u00f6yledi.<\/p>\n<p>\u00dclkenin ormanlar\u0131n\u0131n yar\u0131s\u0131ndan bir\u00e7oklar\u0131n\u0131n, orman yang\u0131nlar\u0131 a\u00e7\u0131s\u0131ndan 1. ve 2. derecede hassas alanlar oldu\u011funu belirten Karacabey, hem teknik ve teknolojik, hem de i\u015f\u00e7i bak\u0131m\u0131ndan ola\u011fand\u0131\u015f\u0131 duruma nazaran haz\u0131rl\u0131klar\u0131n\u0131 s\u00fcrd\u00fcrd\u00fcklerini tabir etti.<\/p>\n<p>Karacabey, ormanlar\u0131 tehdit eden iklim de\u011fi\u015fikli\u011finin olumsuz tesirinin, bir\u00e7ok ziyanl\u0131 organizman\u0131n say\u0131s\u0131n\u0131n artmas\u0131na neden oldu\u011funa i\u015faret ederek, &#8220;\u00dclkemizin 54 farkl\u0131 noktas\u0131nda, her y\u0131l yakla\u015f\u0131k 1 milyon yararl\u0131 organizmay\u0131 ormanlar\u0131m\u0131za salarak, biyolojik olarak gayret ediyoruz. Su k\u0131tl\u0131\u011f\u0131, t\u00fcm bitkilerde oldu\u011fu \u00fczere a\u011fa\u00e7lar\u0131m\u0131zda da gerilime sebep oluyor. Ormanlar\u0131m\u0131z\u0131 sa\u011fl\u0131kl\u0131 halde tutarak, yang\u0131n ve b\u00f6cek ziyan\u0131na kar\u015f\u0131 diren\u00e7li hale getirmek i\u00e7in \u00e7al\u0131\u015fmalar\u0131m\u0131z\u0131 s\u00fcrd\u00fcr\u00fcyoruz.&#8221; formunda konu\u015ftu.<\/p>\n","protected":false},"excerpt":{"rendered":"<p>Tar\u0131m ve Orman Bakan\u0131 \u0130brahim Yumakl\u0131, orman yang\u0131nlar\u0131na kar\u015f\u0131 daha g\u00fc\u00e7l\u00fc bir savunma s\u0131n\u0131r\u0131 olu\u015fturmak i\u00e7in \u00e7al\u0131\u015fmalar\u0131n s\u00fcrd\u00fc\u011f\u00fcn\u00fc belirterek, &#8220;3 bin 105 yang\u0131n personeli, 3 bin 477 dayanak i\u015f\u00e7isi ve 150 m\u00fchendisin yer ald\u0131\u011f\u0131 8 bin 500 ki\u015filik yeni grup arkada\u015flar\u0131m\u0131z\u0131, ilerleyen aylarda kendi tak\u0131mlar\u0131m\u0131za katm\u0131\u015f olaca\u011f\u0131z.&#8221; dedi.<\/p>\n","protected":false},"author":1,"featured_media":46031,"comment_status":"open","ping_status":"open","sticky":false,"template":"","format":"standard","meta":{"footnotes":""},"categories":[24],"tags":[6672,744,505,145,264],"class_list":["post-46030","post","type-post","status-publish","format-standard","has-post-thumbnail","hentry","category-ekonomi","tag-iklim-degisikligi","tag-onemli","tag-orman","tag-ulke","tag-yumakli"],"_links":{"self":[{"href":"https:\/\/ikimisli.tr\/index.php\/wp-json\/wp\/v2\/posts\/46030","targetHints":{"allow":["GET"]}}],"collection":[{"href":"https:\/\/ikimisli.tr\/index.php\/wp-json\/wp\/v2\/posts"}],"about":[{"href":"https:\/\/ikimisli.tr\/index.php\/wp-json\/wp\/v2\/types\/post"}],"author":[{"embeddable":true,"href":"https:\/\/ikimisli.tr\/index.php\/wp-json\/wp\/v2\/users\/1"}],"replies":[{"embeddable":true,"href":"https:\/\/ikimisli.tr\/index.php\/wp-json\/wp\/v2\/comments?post=46030"}],"version-history":[{"count":1,"href":"https:\/\/ikimisli.tr\/index.php\/wp-json\/wp\/v2\/posts\/46030\/revisions"}],"predecessor-version":[{"id":46032,"href":"https:\/\/ikimisli.tr\/index.php\/wp-json\/wp\/v2\/posts\/46030\/revisions\/46032"}],"wp:featuredmedia":[{"embeddable":true,"href":"https:\/\/ikimisli.tr\/index.php\/wp-json\/wp\/v2\/media\/46031"}],"wp:attachment":[{"href":"https:\/\/ikimisli.tr\/index.php\/wp-json\/wp\/v2\/media?parent=46030"}],"wp:term":[{"taxonomy":"category","embeddable":true,"href":"https:\/\/ikimisli.tr\/index.php\/wp-json\/wp\/v2\/categories?post=46030"},{"taxonomy":"post_tag","embeddable":true,"href":"https:\/\/ikimisli.tr\/index.php\/wp-json\/wp\/v2\/tags?post=46030"}],"curies":[{"name":"wp","href":"https:\/\/api.w.org\/{rel}","templated":true}]}}