{"id":46100,"date":"2025-06-13T23:48:12","date_gmt":"2025-06-13T23:48:12","guid":{"rendered":"https:\/\/ikimisli.tr\/?p=46100"},"modified":"2025-06-13T23:48:12","modified_gmt":"2025-06-13T23:48:12","slug":"ancelottiden-arda-guleri-uzen-aciklama","status":"publish","type":"post","link":"https:\/\/ikimisli.tr\/index.php\/2025\/06\/13\/ancelottiden-arda-guleri-uzen-aciklama\/","title":{"rendered":"Ancelotti&#8217;den Arda G\u00fcler&#8217;i \u00fczen a\u00e7\u0131klama"},"content":{"rendered":"<p>Real Madrid Teknik Y\u00f6neticisi Carlo Ancelotti, son ma\u00e7larda forma giymeyen Arda G\u00fcler&#8217;in vakte muhta\u00e7l\u0131\u011f\u0131 oldu\u011funu s\u00f6yledi.<\/p>\n<p>\u0130spanya Kral Kupas\u0131 yar\u0131 final birinci ma\u00e7\u0131nda Real Madrid yar\u0131n deplasmanda Real Sociedad&#8217;la kar\u015f\u0131la\u015facak.<\/p>\n<p>Kar\u015f\u0131la\u015fma \u00f6ncesinde sorular\u0131 yan\u0131tlayan Real Madrid Teknik Y\u00f6neticisi Carlo Ancelotti, Arda G\u00fcler hakk\u0131nda konu\u015ftu.<\/p>\n<p><b>&#8216;ANLAMAYANLAR BUNU YAPMAK ZORUNDA&#8217;<\/b><\/p>\n<p>Ancelotti, Real Madrid&#8217;in 5 \u015eubat&#8217;ta oynad\u0131\u011f\u0131 Leganes m\u00fcsabakas\u0131n\u0131n akabinde 5 ma\u00e7ta da m\u00fchlet bulamayan Arda G\u00fcler&#8217;in vakte gereksinimi oldu\u011funu s\u00f6yledi.<\/p>\n<p>Arda G\u00fcler i\u00e7in Ancelotti, &#8220;Bu, onun ve t\u00fcm gen\u00e7 futbolcular i\u00e7in bir s\u00fcre\u00e7 Rodrygo, Valverde ve Vinicius&#8217;ta da birebiri oldu. \u00a0Arda G\u00fcler olay\u0131 diye bir \u015fey yok. <strong>D\u00fcnyan\u0131n en yeterli gruplar\u0131ndan birinin mod\u00fcl\u00fc olmas\u0131 i\u00e7in vakte muhta\u00e7l\u0131\u011f\u0131 var ve herkes bunu anl\u0131yor, anlamayanlar bunu yapmak zorunda<\/strong>&#8221; tabirlerini kulland\u0131.<\/p>\n<p><b>&#8216;\u0130Y\u0130 VE OYNAMAYA HAZIR&#8217; DEM\u0130\u015eT\u0130<\/b><\/p>\n<p>La Liga&#8217;daki Girona ma\u00e7\u0131n\u0131n akabinde \u0130spanyol bir gazetecinin, son haftalarda forma talihi bulamayan Arda ile ilgili &#8220;T\u00fcrk futbolcu ne durumda, fizik\u00ee sorunu mu var, neden oynam\u0131yor?&#8221; halindeki sorusu \u00fczerine \u0130talyan teknik adam, &#8220;\u0130yi ve oynamaya haz\u0131r.&#8221; diyerek cevaplam\u0131\u015ft\u0131.<\/p>\n<p>Real Madrid formas\u0131yla bu d\u00f6nem Arda G\u00fcler 27 ma\u00e7ta alana \u00e7\u0131karken 3 gol ve 5 asist kaydetti.<\/p>\n","protected":false},"excerpt":{"rendered":"<p>Real Madrid&#8217;de m\u00fcddet alamad\u0131\u011f\u0131 i\u00e7in mutsuz olan Arda G\u00fcler i\u00e7in teknik y\u00f6neticisi Carlo Ancelotti&#8217;den fla\u015f bir a\u00e7\u0131klama geldi. Deneyimli teknik adam Arda&#8217;n\u0131n kadronun mod\u00fcl\u00fc olmas\u0131 i\u00e7in vakte muhta\u00e7l\u0131\u011f\u0131 oldu\u011funu s\u00f6yledi.<\/p>\n","protected":false},"author":1,"featured_media":46101,"comment_status":"open","ping_status":"open","sticky":false,"template":"","format":"standard","meta":{"footnotes":""},"categories":[30],"tags":[721,1194],"class_list":["post-46100","post","type-post","status-publish","format-standard","has-post-thumbnail","hentry","category-spor","tag-arda-guler","tag-real-madrid"],"_links":{"self":[{"href":"https:\/\/ikimisli.tr\/index.php\/wp-json\/wp\/v2\/posts\/46100","targetHints":{"allow":["GET"]}}],"collection":[{"href":"https:\/\/ikimisli.tr\/index.php\/wp-json\/wp\/v2\/posts"}],"about":[{"href":"https:\/\/ikimisli.tr\/index.php\/wp-json\/wp\/v2\/types\/post"}],"author":[{"embeddable":true,"href":"https:\/\/ikimisli.tr\/index.php\/wp-json\/wp\/v2\/users\/1"}],"replies":[{"embeddable":true,"href":"https:\/\/ikimisli.tr\/index.php\/wp-json\/wp\/v2\/comments?post=46100"}],"version-history":[{"count":1,"href":"https:\/\/ikimisli.tr\/index.php\/wp-json\/wp\/v2\/posts\/46100\/revisions"}],"predecessor-version":[{"id":46102,"href":"https:\/\/ikimisli.tr\/index.php\/wp-json\/wp\/v2\/posts\/46100\/revisions\/46102"}],"wp:featuredmedia":[{"embeddable":true,"href":"https:\/\/ikimisli.tr\/index.php\/wp-json\/wp\/v2\/media\/46101"}],"wp:attachment":[{"href":"https:\/\/ikimisli.tr\/index.php\/wp-json\/wp\/v2\/media?parent=46100"}],"wp:term":[{"taxonomy":"category","embeddable":true,"href":"https:\/\/ikimisli.tr\/index.php\/wp-json\/wp\/v2\/categories?post=46100"},{"taxonomy":"post_tag","embeddable":true,"href":"https:\/\/ikimisli.tr\/index.php\/wp-json\/wp\/v2\/tags?post=46100"}],"curies":[{"name":"wp","href":"https:\/\/api.w.org\/{rel}","templated":true}]}}