{"id":46426,"date":"2025-06-14T18:12:08","date_gmt":"2025-06-14T18:12:08","guid":{"rendered":"https:\/\/ikimisli.tr\/?p=46426"},"modified":"2025-06-14T18:12:08","modified_gmt":"2025-06-14T18:12:08","slug":"universite-ogrencilerine-thyde-yari-zamanli-is-firsati-basvurular-basladi","status":"publish","type":"post","link":"https:\/\/ikimisli.tr\/index.php\/2025\/06\/14\/universite-ogrencilerine-thyde-yari-zamanli-is-firsati-basvurular-basladi\/","title":{"rendered":"\u00dcniversite \u00f6\u011frencilerine THY&#8217;de yar\u0131 zamanl\u0131 i\u015f f\u0131rsat\u0131! Ba\u015fvurular ba\u015flad\u0131"},"content":{"rendered":"<p>\u00a0<\/p>\n<p>T\u00fcrk Hava Yollar\u0131 (THY), \u00fcniversite \u00f6\u011frencilerine yar\u0131 vakitli \u00e7al\u0131\u015fmalar\u0131na imkan sa\u011flayan &#8220;Take-Off 101&#8221; yetenek program m\u00fcracaatlar\u0131n\u0131n ba\u015flad\u0131\u011f\u0131n\u0131 duyurdu.<\/p>\n<p>T\u00fcrk Hava Yollar\u0131&#8217;ndan (THY), \u00fcniversite \u00f6\u011frencilerine part-time i\u015f imkan\u0131.<\/p>\n<p>THY&#8217;nin resmi internet sitesinde yer alan duyuruya nazaran, program kapsam\u0131nda \u00fcniversite 2, 3 ve 4&#8217;\u00fcnc\u00fc s\u0131n\u0131f \u00f6\u011frencisiyken k\u0131ymetlendirme s\u00fcre\u00e7lerine kat\u0131larak muvaffakiyetle tamamlayan \u00f6\u011frenciler, e\u011fitimlerine devam ederken yakla\u015f\u0131k bir y\u0131l boyunca yar\u0131 vakitli \u00e7al\u0131\u015fma f\u0131rsat\u0131 bulacak.<\/p>\n<p>De\u011ferlendirme s\u00fcrecini bitirip yar\u0131 vakitli i\u015fe al\u0131nan \u00f6\u011frenciler, \u00e7al\u0131\u015fma devrini muvaffakiyetle tamamlamalar\u0131 ve mezun olmalar\u0131 sonras\u0131nda ise tam vakitli i\u015fe al\u0131nmak \u00fczere pahaland\u0131r\u0131lacak.<\/p>\n<p>Programa ba\u015fvuracak adaylar\u0131n 2001 ve sonras\u0131nda do\u011fmu\u015f olmalar\u0131, en az 4 y\u0131ll\u0131k e\u011fitim veren \u00fcniversitelerin rastgele bir k\u0131sm\u0131nda 2, 3 ya da 4&#8217;\u00fcnc\u00fc s\u0131n\u0131f \u00f6\u011frencisi olmalar\u0131 gerekiyor.<\/p>\n<p>Adaylar\u0131n, THY&#8217;nin \u0130stanbul ofislerinde haftan\u0131n en az 2 g\u00fcn\u00fc tam vakitli olmak \u00fczere haftada en fazla 30 saat \u00e7al\u0131\u015fabilmeleri ve \u00e2l\u00e2 derecede \u0130ngilizce bilmeleri gerekiyor.<\/p>\n<p>Ba\u015fvurular, THY&#8217;nin internet sitesinden 29 Mart&#8217;a kadar yap\u0131labilecek.<\/p>\n","protected":false},"excerpt":{"rendered":"<p>T\u00fcrk Hava Yollar\u0131 (THY), \u00fcniversite \u00f6\u011frencilerine yar\u0131 vakitli \u00e7al\u0131\u015fmalar\u0131na imkan sa\u011flayan &#8220;Take-Off 101&#8221; yetenek program m\u00fcracaatlar\u0131n\u0131n ba\u015flad\u0131\u011f\u0131n\u0131 duyurdu.<\/p>\n","protected":false},"author":1,"featured_media":46427,"comment_status":"open","ping_status":"open","sticky":false,"template":"","format":"standard","meta":{"footnotes":""},"categories":[24],"tags":[3569],"class_list":["post-46426","post","type-post","status-publish","format-standard","has-post-thumbnail","hentry","category-ekonomi","tag-zamanli"],"_links":{"self":[{"href":"https:\/\/ikimisli.tr\/index.php\/wp-json\/wp\/v2\/posts\/46426","targetHints":{"allow":["GET"]}}],"collection":[{"href":"https:\/\/ikimisli.tr\/index.php\/wp-json\/wp\/v2\/posts"}],"about":[{"href":"https:\/\/ikimisli.tr\/index.php\/wp-json\/wp\/v2\/types\/post"}],"author":[{"embeddable":true,"href":"https:\/\/ikimisli.tr\/index.php\/wp-json\/wp\/v2\/users\/1"}],"replies":[{"embeddable":true,"href":"https:\/\/ikimisli.tr\/index.php\/wp-json\/wp\/v2\/comments?post=46426"}],"version-history":[{"count":1,"href":"https:\/\/ikimisli.tr\/index.php\/wp-json\/wp\/v2\/posts\/46426\/revisions"}],"predecessor-version":[{"id":46428,"href":"https:\/\/ikimisli.tr\/index.php\/wp-json\/wp\/v2\/posts\/46426\/revisions\/46428"}],"wp:featuredmedia":[{"embeddable":true,"href":"https:\/\/ikimisli.tr\/index.php\/wp-json\/wp\/v2\/media\/46427"}],"wp:attachment":[{"href":"https:\/\/ikimisli.tr\/index.php\/wp-json\/wp\/v2\/media?parent=46426"}],"wp:term":[{"taxonomy":"category","embeddable":true,"href":"https:\/\/ikimisli.tr\/index.php\/wp-json\/wp\/v2\/categories?post=46426"},{"taxonomy":"post_tag","embeddable":true,"href":"https:\/\/ikimisli.tr\/index.php\/wp-json\/wp\/v2\/tags?post=46426"}],"curies":[{"name":"wp","href":"https:\/\/api.w.org\/{rel}","templated":true}]}}