{"id":46469,"date":"2025-06-14T20:48:09","date_gmt":"2025-06-14T20:48:09","guid":{"rendered":"https:\/\/ikimisli.tr\/?p=46469"},"modified":"2025-06-14T20:48:09","modified_gmt":"2025-06-14T20:48:09","slug":"seren-serengilden-toplu-intihar-iddiasi-eger-hayatlarina-son-verirlerse","status":"publish","type":"post","link":"https:\/\/ikimisli.tr\/index.php\/2025\/06\/14\/seren-serengilden-toplu-intihar-iddiasi-eger-hayatlarina-son-verirlerse\/","title":{"rendered":"Seren Serengil\u2019den toplu intihar iddias\u0131: E\u011fer hayatlar\u0131na son verirlerse"},"content":{"rendered":"<p>\u00dcnl\u00fc sanat\u00e7\u0131 Seren Serengil kendisine ili\u015fkin Instagram hesab\u0131ndan payla\u015f\u0131mda bulundu.  Kendisine &#8216;toplu intihar&#8217; ihbar\u0131 geldi\u011fini tabir eden Serengil, \u015fu tabirleri kulland\u0131;<\/p>\n<p><b>&#8220;\u0130NT\u0130HAR EDECEKLER&#8221;<\/b><\/p>\n<p>&#8220;Art\u0131k toplumun psikolojisi b\u00fcsb\u00fct\u00fcn bozulmu\u015ftur hayvanlara yap\u0131lan bu katliamlar bu azaplar insanlar\u0131 \u00e7aresizce intihara s\u00fcr\u00fckleme basama\u011f\u0131na kadar gelmi\u015flerdir.<\/p>\n<p>Biraz evvel bir telefon ald\u0131m yeniden hayvanlar\u0131n toplu bir formda \u00f6ld\u00fcr\u00fclece\u011fi ve bunu duyan hayvan severlerin de o hayvanlar\u0131n \u00f6ld\u00fcr\u00fcld\u00fc\u011f\u00fc takdirde toplu bir formda bar\u0131nak \u00f6n\u00fcnde intihar edece\u011fini a\u00e7\u0131klad\u0131klar\u0131n\u0131 beni telefonla arayarak \u00f6teki hayvan severler bana bildirdiler.<\/p>\n<p>Belediyeye ihtar\u0131m bu be\u015ferler \u015fayet hayatlar\u0131na son verirlerse bunlar\u0131n sak\u0131n sebebi olmay\u0131n o canlar\u0131 sak\u0131n k\u0131l\u0131na bir ziyan vermeyin @aymbaskanligi\u201d tabirlerini kulland\u0131.<\/p>\n<p><img decoding=\"async\" src=\"https:\/\/ikimisli.tr\/wp-content\/uploads\/2025\/06\/seren-serengilden-toplu-intihar-iddiasi-eger-hayatlarina-son-verirlerse-0-LBIYvYh6.jpg\"\/><\/p>\n<p>Seren Serengil\u2019in payla\u015f\u0131m\u0131 ba\u015fta Bodrum Hayvan Haklar\u0131 Platformu olmak \u00fczere bir\u00e7ok platformda s\u00fcratlice payla\u015f\u0131lmaya ba\u015fland\u0131.<\/p>\n","protected":false},"excerpt":{"rendered":"<p>\u00dcnl\u00fc sanat\u00e7\u0131 Seren Serengil kendisine ili\u015fkin toplumsal medya hesab\u0131ndan \u00a0\u201cBu bir ihbard\u0131r&#8230; Toplu intihar olaca\u011f\u0131 ihbar\u0131 geldi\u201d diyerek payla\u015f\u0131m yapt\u0131.<\/p>\n","protected":false},"author":1,"featured_media":46470,"comment_status":"open","ping_status":"open","sticky":false,"template":"","format":"standard","meta":{"footnotes":""},"categories":[27],"tags":[263,6720],"class_list":["post-46469","post","type-post","status-publish","format-standard","has-post-thumbnail","hentry","category-magazin","tag-hayvan","tag-seren"],"_links":{"self":[{"href":"https:\/\/ikimisli.tr\/index.php\/wp-json\/wp\/v2\/posts\/46469","targetHints":{"allow":["GET"]}}],"collection":[{"href":"https:\/\/ikimisli.tr\/index.php\/wp-json\/wp\/v2\/posts"}],"about":[{"href":"https:\/\/ikimisli.tr\/index.php\/wp-json\/wp\/v2\/types\/post"}],"author":[{"embeddable":true,"href":"https:\/\/ikimisli.tr\/index.php\/wp-json\/wp\/v2\/users\/1"}],"replies":[{"embeddable":true,"href":"https:\/\/ikimisli.tr\/index.php\/wp-json\/wp\/v2\/comments?post=46469"}],"version-history":[{"count":1,"href":"https:\/\/ikimisli.tr\/index.php\/wp-json\/wp\/v2\/posts\/46469\/revisions"}],"predecessor-version":[{"id":46472,"href":"https:\/\/ikimisli.tr\/index.php\/wp-json\/wp\/v2\/posts\/46469\/revisions\/46472"}],"wp:featuredmedia":[{"embeddable":true,"href":"https:\/\/ikimisli.tr\/index.php\/wp-json\/wp\/v2\/media\/46470"}],"wp:attachment":[{"href":"https:\/\/ikimisli.tr\/index.php\/wp-json\/wp\/v2\/media?parent=46469"}],"wp:term":[{"taxonomy":"category","embeddable":true,"href":"https:\/\/ikimisli.tr\/index.php\/wp-json\/wp\/v2\/categories?post=46469"},{"taxonomy":"post_tag","embeddable":true,"href":"https:\/\/ikimisli.tr\/index.php\/wp-json\/wp\/v2\/tags?post=46469"}],"curies":[{"name":"wp","href":"https:\/\/api.w.org\/{rel}","templated":true}]}}