{"id":46484,"date":"2025-06-14T21:36:07","date_gmt":"2025-06-14T21:36:07","guid":{"rendered":"https:\/\/ikimisli.tr\/?p=46484"},"modified":"2025-06-14T21:36:07","modified_gmt":"2025-06-14T21:36:07","slug":"iznik-golunun-talanina-yargi-bir-kez-daha-dur-dedi","status":"publish","type":"post","link":"https:\/\/ikimisli.tr\/index.php\/2025\/06\/14\/iznik-golunun-talanina-yargi-bir-kez-daha-dur-dedi\/","title":{"rendered":"\u0130znik G\u00f6l\u00fc\u2019n\u00fcn talan\u0131na yarg\u0131 bir kez daha \u2018dur\u2019 dedi"},"content":{"rendered":"<div>\u0130znik G\u00f6l\u00fc ve havzas\u0131 i\u00e7in haz\u0131rlanan 1\/25 bin \u00f6l\u00e7ekli naz\u0131m imar plan\u0131, mahkeme karar\u0131yla d\u00f6rd\u00fcnc\u00fc defa iptal edildi. 1990 tarihli plandan sonra s\u0131ras\u0131yla 2009, 2015 ve 2020 y\u0131llar\u0131nda haz\u0131rlanan planlar\u0131n akabinde, 5 Aral\u0131k 2022 tarihli plan da hukuka kar\u015f\u0131tl\u0131k gerek\u00e7esiyle y\u00fcr\u00fcrl\u00fckten kald\u0131r\u0131ld\u0131.\u00a0<\/div>\n<div>\u00a0<\/div>\n<div><strong>B\u00d6LGE \u00d6NEML\u0130 R\u0130SKLERLE KAR\u015eI KAR\u015eIYA\u00a0<\/strong><\/div>\n<div>\u00a0<\/div>\n<div>1990 tarihli \u0130znik G\u00f6l\u00fc Etraf Sistemi Plan\u0131, bug\u00fcne kadar haz\u0131rlanm\u0131\u015f en kapsaml\u0131 ve hami plan olarak kabul edilmesine kar\u015f\u0131n, plan kararlar\u0131na uyulmamas\u0131 nedeniyle b\u00f6lge, artan sanayi, n\u00fcfus ve kirlilik bask\u0131s\u0131 alt\u0131nda \u00f6nemli risklerle kar\u015f\u0131 kar\u015f\u0131ya bulunuyor.<\/div>\n<div>\u00a0<\/div>\n<div><strong>MAHKEME HUKUKA KAR\u015eIT BULDU<\/strong><\/div>\n<div>\u00a0<\/div>\n<div>Mahkeme karar\u0131nda, iptal edilen plan\u0131n sanayi alan\u0131, lojistik tesisler ve konut d\u0131\u015f\u0131 kentsel \u00e7al\u0131\u015fma alanlar\u0131 \u00fczere kullan\u0131m de\u011fi\u015fikliklerini i\u00e7ermesinin, \u00fcst \u00f6l\u00e7ekli planlarla \u00e7eli\u015fti\u011fi ve kamu faydas\u0131na ters oldu\u011fu vurguland\u0131. Bilhassa, su m\u00fcdafaa havzalar\u0131, tar\u0131m alanlar\u0131 ve b\u00fcy\u00fck ova muhafaza alanlar\u0131n\u0131n end\u00fcstriye a\u00e7\u0131lmak istenmesi mahkeme taraf\u0131ndan hukuka al\u0131\u015f\u0131lmam\u0131\u015f bulundu.<\/div>\n<div>\u00a0<\/div>\n<div><strong>HUKUK\u0130 DESTEKTEN MAHRUM KALDI<\/strong><\/div>\n<div>\u00a0<\/div>\n<div>Bursa B\u00fcy\u00fck\u015fehir Belediyesi Ba\u015fkan\u0131 Alinur Akta\u015f d\u00f6neminde haz\u0131rlanan ve Etraf, \u015eehircilik ve \u0130klim De\u011fi\u015fikli\u011fi Bakanl\u0131\u011f\u0131 taraf\u0131ndan onaylanan plan\u0131n iptaliyle birlikte, bu plana dayal\u0131 olarak haz\u0131rlanan 1\/5000 ve 1\/1000 \u00f6l\u00e7ekli uygulama planlar\u0131 da t\u00fczel destekten mahrum kald\u0131.<\/div>\n<div>\u00a0<\/div>\n<div><strong>AVUKATTAN A\u00c7IKLAMA\u00a0<\/strong><\/div>\n<div>\u00a0<\/div>\n<div>Av. Erol \u00c7i\u00e7ek\u00a0 yapt\u0131\u011f\u0131 a\u00e7\u0131klamada, Bursa B\u00fcy\u00fck\u015fehir ve Orhangazi Belediyelerine seslendi. \u00c7i\u00e7ek, Bursa 2020 Y\u0131l\u0131 1\/100.000 \u00f6l\u00e7ekli Etraf Sistemi Plan\u0131 plan kararlar\u0131na nazaran, su havzalar\u0131 m\u00fcdafaa jenerasyonlar\u0131nda 1\/25.000 \u00f6l\u00e7ekli yeni plan yap\u0131lana kadar yap\u0131la\u015fma m\u00fcsaadesi verilememesini ve plan kararlar\u0131na al\u0131\u015f\u0131lmam\u0131\u015f imar plan\u0131, plan de\u011fi\u015fikli\u011fi, revizyonu, e\u011fi ve mevzii imar plan\u0131 yap\u0131lamamas\u0131 konusunda davette bulundu.<\/div>\n<div>\u00a0<\/div>\n<div>\u00a0<\/div>\n<div>\u00a0<\/div>\n<div>\u00a0<\/div>\n<div>\u00a0<\/div>\n","protected":false},"excerpt":{"rendered":"<p>End\u00fcstriye a\u00e7\u0131lmak istenen \u0130znik G\u00f6l\u00fc etraf\u0131 i\u00e7in haz\u0131rlanan imar planlar\u0131 d\u00f6rd\u00fcnc\u00fc kere mahkeme taraf\u0131ndan iptal edildi.<\/p>\n","protected":false},"author":1,"featured_media":46485,"comment_status":"open","ping_status":"open","sticky":false,"template":"","format":"standard","meta":{"footnotes":""},"categories":[25],"tags":[6721,6722,603],"class_list":["post-46484","post","type-post","status-publish","format-standard","has-post-thumbnail","hentry","category-gundem","tag-aykiri","tag-olcekli","tag-plan"],"_links":{"self":[{"href":"https:\/\/ikimisli.tr\/index.php\/wp-json\/wp\/v2\/posts\/46484","targetHints":{"allow":["GET"]}}],"collection":[{"href":"https:\/\/ikimisli.tr\/index.php\/wp-json\/wp\/v2\/posts"}],"about":[{"href":"https:\/\/ikimisli.tr\/index.php\/wp-json\/wp\/v2\/types\/post"}],"author":[{"embeddable":true,"href":"https:\/\/ikimisli.tr\/index.php\/wp-json\/wp\/v2\/users\/1"}],"replies":[{"embeddable":true,"href":"https:\/\/ikimisli.tr\/index.php\/wp-json\/wp\/v2\/comments?post=46484"}],"version-history":[{"count":1,"href":"https:\/\/ikimisli.tr\/index.php\/wp-json\/wp\/v2\/posts\/46484\/revisions"}],"predecessor-version":[{"id":46486,"href":"https:\/\/ikimisli.tr\/index.php\/wp-json\/wp\/v2\/posts\/46484\/revisions\/46486"}],"wp:featuredmedia":[{"embeddable":true,"href":"https:\/\/ikimisli.tr\/index.php\/wp-json\/wp\/v2\/media\/46485"}],"wp:attachment":[{"href":"https:\/\/ikimisli.tr\/index.php\/wp-json\/wp\/v2\/media?parent=46484"}],"wp:term":[{"taxonomy":"category","embeddable":true,"href":"https:\/\/ikimisli.tr\/index.php\/wp-json\/wp\/v2\/categories?post=46484"},{"taxonomy":"post_tag","embeddable":true,"href":"https:\/\/ikimisli.tr\/index.php\/wp-json\/wp\/v2\/tags?post=46484"}],"curies":[{"name":"wp","href":"https:\/\/api.w.org\/{rel}","templated":true}]}}