{"id":46589,"date":"2025-06-15T03:36:06","date_gmt":"2025-06-15T03:36:06","guid":{"rendered":"https:\/\/ikimisli.tr\/?p=46589"},"modified":"2025-06-15T03:36:06","modified_gmt":"2025-06-15T03:36:06","slug":"trumptan-bakir-ithalatina-yonelik-sorusturma-talimati","status":"publish","type":"post","link":"https:\/\/ikimisli.tr\/index.php\/2025\/06\/15\/trumptan-bakir-ithalatina-yonelik-sorusturma-talimati\/","title":{"rendered":"Trump&#8217;tan bak\u0131r ithalat\u0131na y\u00f6nelik soru\u015fturma talimat\u0131"},"content":{"rendered":"<div>\n<div>\n<p>BD Ba\u015fkan\u0131 Trump, Beyaz Saray&#8217;da d\u00fczenledi\u011fi imza merasiminde, kelam konusu kararnamenin b\u00fcy\u00fck tesiri olaca\u011f\u0131n\u0131 belirtti.<\/p>\n<p>\u0130mza t\u00f6reninde bulunan Ticaret Bakan\u0131 Howard Lutnick de &#8220;\u00c7elik ve al\u00fcminyum end\u00fcstrilerimiz \u00fczere b\u00fcy\u00fck Amerikan bak\u0131r sanayimiz de yerli \u00fcretimimize sald\u0131ran global akt\u00f6rler taraf\u0131ndan yok edildi.&#8221; dedi.<\/p>\n<p>Bak\u0131r sanayisini yine in\u015fa etmek i\u00e7in m\u00fcmk\u00fcn tarifelerin uygulanmas\u0131n\u0131 ara\u015ft\u0131raca\u011f\u0131n\u0131 belirten Lutnick, &#8220;Tarifeler gerekti\u011finde Amerikan bak\u0131r sanayisinin tekrar in\u015fas\u0131na yard\u0131mc\u0131 olabilir ve ulusal savunmam\u0131z\u0131 g\u00fc\u00e7lendirebilir.&#8221; diye konu\u015ftu.<\/p>\n<p><b>&#8220;BAKIR ABD&#8217;DE \u00dcRET\u0130LME&#8221;<\/b><\/p>\n<p>Trump, daha sonra Truth Social hesab\u0131ndan yapt\u0131\u011f\u0131 a\u00e7\u0131klamada da &#8220;Bak\u0131r sanayimizi yine in\u015fa etmek i\u00e7in Ticaret Bakan\u0131mdan ve ABD Ticaret Temsilcili\u011finden (USTR) bak\u0131r ithalat\u0131n\u0131 incelemelerini ve Amerikal\u0131lar\u0131 i\u015fsiz b\u0131rakan haks\u0131z ticareti sona erdirmelerini talep ettim.&#8221; tabirlerini kulland\u0131.<\/p>\n<p>Tarifelerin Amerikan bak\u0131r sanayisinin tekrar kurulmas\u0131na yard\u0131mc\u0131 olaca\u011f\u0131n\u0131 ve ABD&#8217;nin ulusal savunmas\u0131n\u0131 g\u00fc\u00e7lendirece\u011fini vurgulayan Trump, &#8220;Amerikan sanayileri bak\u0131ra ba\u011f\u0131ml\u0131 ve bak\u0131r Amerika&#8217;da \u00fcretilmeli. Muafiyet yok, istisna yok.&#8221; de\u011ferlendirmesinde bulundu.<\/p>\n<p>Trump, &#8220;\u00d6nce Amerika&#8221; siyasetinin istihdam yaratt\u0131\u011f\u0131n\u0131 ve ulusal g\u00fcvenli\u011fi korudu\u011funu belirterek, &#8220;Bak\u0131r\u0131n &#8216;eve d\u00f6nme&#8217; vakti geldi.&#8221; s\u00f6z\u00fcn\u00fc kulland\u0131.<\/p>\n<p><b>ABD SAVUNMA BAKANLI\u011eI EN \u00c7OK KULLANDI\u011eI \u0130K\u0130NC\u0130 MALZEME<\/b><\/p>\n<p>Beyaz Saray&#8217;dan yap\u0131lan a\u00e7\u0131klamada ise ba\u015flat\u0131lacak soru\u015fturmayla ABD&#8217;nin her t\u00fcrl\u00fc ithal bak\u0131ra artan ba\u011f\u0131ml\u0131l\u0131\u011f\u0131ndan kaynaklanan ulusal g\u00fcvenlik riskleri ve yerli end\u00fcstriyi korumak i\u00e7in ticari tahlillere duyulan potansiyel gereksinimin de\u011ferlendirilece\u011fi aktar\u0131ld\u0131.<\/p>\n<p>A\u00e7\u0131klamada, soru\u015fturma sonucunda, bak\u0131r tedarik zincirindeki k\u0131r\u0131lganl\u0131klar\u0131n tespit edildi\u011fi ve Amerika&#8217;n\u0131n yerli bak\u0131r sanayisinin dayan\u0131kl\u0131l\u0131\u011f\u0131n\u0131 art\u0131rmaya y\u00f6nelik tavsiyelerin sunuldu\u011fu bir rapor haz\u0131rlanaca\u011f\u0131 kaydedildi.<\/p>\n<p>Bak\u0131r\u0131n savunma uygulamalar\u0131nda, altyap\u0131da ve pak g\u00fc\u00e7, elektrikli ara\u00e7lar ve geli\u015fmi\u015f elektronik \u00fczere geli\u015fmekte olan teknolojilerde de\u011ferli bir rol oynad\u0131\u011f\u0131na i\u015faret edilen a\u00e7\u0131klamada, Savunma Bakanl\u0131\u011f\u0131&#8217;n\u0131n en \u00e7ok kulland\u0131\u011f\u0131 ikinci materyal oldu\u011fu bilgisi verildi.<\/p>\n<p>A\u00e7\u0131klamada, geni\u015f bak\u0131r rezervlerine sahip olmas\u0131na kar\u015f\u0131n Amerika&#8217;n\u0131n eritme ve rafine etme kapasitesinin global eritme s\u00fcrecinin y\u00fczde 50&#8217;sinden fazlas\u0131n\u0131 denetim eden \u00c7in \u00fczere rakiplerinin gerisinde kald\u0131\u011f\u0131 belirtildi.<\/p>\n<p>ABD&#8217;nin bak\u0131r eritme kapasitesinde birinci 5 \u00fclke ortas\u0131nda bile olmad\u0131\u011f\u0131na dikkati \u00e7ekilen a\u00e7\u0131klamada, Amerika&#8217;n\u0131n bak\u0131r ithalat\u0131na olan ba\u011f\u0131ml\u0131l\u0131\u011f\u0131n\u0131n 1991&#8217;de neredeyse y\u00fczde 0 iken 2024&#8217;te t\u00fcketimin y\u00fczde 45&#8217;ine y\u00fckseldi\u011fi ve tedarik zinciri g\u00fcvenli\u011fine y\u00f6nelik riskleri art\u0131rd\u0131\u011f\u0131 aktar\u0131ld\u0131.<\/p>\n<\/p><\/div>\n<\/p><\/div>\n<div>\n<div>\u00a0<\/div>\n<\/p><\/div>\n","protected":false},"excerpt":{"rendered":"<p>ABD Ba\u015fkan\u0131 Donald Trump, Ticaret Bakanl\u0131\u011f\u0131na bak\u0131r ithalat\u0131na y\u00f6nelik m\u00fcmk\u00fcn g\u00fcmr\u00fck vergilerini ara\u015ft\u0131rma talimat\u0131 veren bir kararname imzalad\u0131.<\/p>\n","protected":false},"author":1,"featured_media":46590,"comment_status":"open","ping_status":"open","sticky":false,"template":"","format":"standard","meta":{"footnotes":""},"categories":[24],"tags":[82,978,6569,1404],"class_list":["post-46589","post","type-post","status-publish","format-standard","has-post-thumbnail","hentry","category-ekonomi","tag-abd","tag-aciklamada","tag-bakir","tag-savunma"],"_links":{"self":[{"href":"https:\/\/ikimisli.tr\/index.php\/wp-json\/wp\/v2\/posts\/46589","targetHints":{"allow":["GET"]}}],"collection":[{"href":"https:\/\/ikimisli.tr\/index.php\/wp-json\/wp\/v2\/posts"}],"about":[{"href":"https:\/\/ikimisli.tr\/index.php\/wp-json\/wp\/v2\/types\/post"}],"author":[{"embeddable":true,"href":"https:\/\/ikimisli.tr\/index.php\/wp-json\/wp\/v2\/users\/1"}],"replies":[{"embeddable":true,"href":"https:\/\/ikimisli.tr\/index.php\/wp-json\/wp\/v2\/comments?post=46589"}],"version-history":[{"count":1,"href":"https:\/\/ikimisli.tr\/index.php\/wp-json\/wp\/v2\/posts\/46589\/revisions"}],"predecessor-version":[{"id":46591,"href":"https:\/\/ikimisli.tr\/index.php\/wp-json\/wp\/v2\/posts\/46589\/revisions\/46591"}],"wp:featuredmedia":[{"embeddable":true,"href":"https:\/\/ikimisli.tr\/index.php\/wp-json\/wp\/v2\/media\/46590"}],"wp:attachment":[{"href":"https:\/\/ikimisli.tr\/index.php\/wp-json\/wp\/v2\/media?parent=46589"}],"wp:term":[{"taxonomy":"category","embeddable":true,"href":"https:\/\/ikimisli.tr\/index.php\/wp-json\/wp\/v2\/categories?post=46589"},{"taxonomy":"post_tag","embeddable":true,"href":"https:\/\/ikimisli.tr\/index.php\/wp-json\/wp\/v2\/tags?post=46589"}],"curies":[{"name":"wp","href":"https:\/\/api.w.org\/{rel}","templated":true}]}}