{"id":46592,"date":"2025-06-15T03:48:09","date_gmt":"2025-06-15T03:48:09","guid":{"rendered":"https:\/\/ikimisli.tr\/?p=46592"},"modified":"2025-06-15T03:48:09","modified_gmt":"2025-06-15T03:48:09","slug":"elektrikte-yeni-donemde-gozden-kacan-detay-faturalari-o-belirleyecek","status":"publish","type":"post","link":"https:\/\/ikimisli.tr\/index.php\/2025\/06\/15\/elektrikte-yeni-donemde-gozden-kacan-detay-faturalari-o-belirleyecek\/","title":{"rendered":"Elektrikte yeni d\u00f6nemde g\u00f6zden ka\u00e7an detay: Faturalar\u0131 o belirleyecek"},"content":{"rendered":"<p>Elektrik tarifelerinde k\u0131ymetli bir de\u011fi\u015fiklik ba\u015flad\u0131. Yeni uygulama, maliyet bazl\u0131 faturalama sistemine ge\u00e7i\u015fi i\u015faret ediyor. Bu de\u011fi\u015fiklikle birlikte, 2024 y\u0131l\u0131 elektrik t\u00fcketimi, hesaplamalar i\u00e7in temel kriter haline geldi. Lakin, bu sistemin hangi t\u00fcketicileri nas\u0131l etkileyece\u011fi de merak konusu.<\/p>\n<p><b>MAL\u0130YET BAZLI FATURALAR VE 2024 YILINA DA\u0130R KR\u0130T\u0130K DETAYLAR\u00a0<\/b><\/p>\n<p>Show Haber&#8217;de yer alan habere nazaran, Elektrik fiyatlar\u0131nda yeni devirle birlikte, 2024 y\u0131l\u0131 t\u00fcketimi belirleyici olacak. 2024\u2019te toplamda 5000 kWh\u2019\u0131 a\u015fan t\u00fcketiciler i\u00e7in faturalar, maliyet bazl\u0131 tarifeye nazaran hesaplanacak.<\/p>\n<p>Bu, 2023 y\u0131l\u0131nda 5000 kWh&#8217;\u0131 ge\u00e7enlerin 2024 faturalar\u0131n\u0131n farkl\u0131 bir bi\u00e7imde hesaplanaca\u011f\u0131 manas\u0131na geliyor. Lakin, bu bireyler i\u00e7in birtak\u0131m istisnalar da bulunuyor.<\/p>\n<p><b>DEVLET TAKV\u0130YES\u0130 DEVAM ED\u0130YOR\u00a0<\/b><\/p>\n<p>Ge\u00e7ti\u011fimiz y\u0131l elektrik t\u00fcketimi 5000 kWh\u2019\u0131n alt\u0131nda kalan vatanda\u015flar, 2024 y\u0131l\u0131 boyunca devlet takviyesinden yararlanmaya devam edecek. Bu \u015fah\u0131slar\u0131n faturalar\u0131, yeni tarifeye nazaran zamlanmadan eski kaidelerle hesaplanacak. 2024 y\u0131l\u0131 t\u00fcketimleri ne olursa olsun, fiyat art\u0131\u015flar\u0131 bu t\u00fcketicilere yans\u0131mayacak.<\/p>\n<p><b>FATURALAR NASIL DE\u011e\u0130\u015eECEK?\u00a0<\/b><\/p>\n<p>Elektrik faturas\u0131ndaki bu de\u011fi\u015fiklikle birlikte, maliyet bazl\u0131 sisteme ge\u00e7en t\u00fcketiciler i\u00e7in yeni periyot ba\u015fl\u0131yor. Fakat 5000 kWh alt\u0131 kullan\u0131mda olanlar, devlet dayana\u011f\u0131 sayesinde eski fiyatlarla devam edecek. Bu da, bilhassa tasarruf eden kullan\u0131c\u0131lar i\u00e7in k\u0131ymetli bir avantaj sunuyor.<\/p>\n","protected":false},"excerpt":{"rendered":"<p>Elektrik tarifelerinde maliyet bazl\u0131 faturalama devri ba\u015flarken, 2024 y\u0131l\u0131 t\u00fcketimi belirleyici olacak. 5000 kWh\u2019\u0131 a\u015fan t\u00fcketicilerin faturalar\u0131 yeni sisteme nazaran hesaplanacak. Lakin, 5000 kWh alt\u0131ndaki kullan\u0131c\u0131lar devlet dayana\u011f\u0131ndan faydalanmaya devam edecek. \u0130\u015fte yeni devrin ayr\u0131nt\u0131lar\u0131&#8230;<\/p>\n","protected":false},"author":1,"featured_media":46593,"comment_status":"open","ping_status":"open","sticky":false,"template":"","format":"standard","meta":{"footnotes":""},"categories":[24],"tags":[997,79,4528],"class_list":["post-46592","post","type-post","status-publish","format-standard","has-post-thumbnail","hentry","category-ekonomi","tag-2024-yili","tag-elektrik","tag-faturalar"],"_links":{"self":[{"href":"https:\/\/ikimisli.tr\/index.php\/wp-json\/wp\/v2\/posts\/46592","targetHints":{"allow":["GET"]}}],"collection":[{"href":"https:\/\/ikimisli.tr\/index.php\/wp-json\/wp\/v2\/posts"}],"about":[{"href":"https:\/\/ikimisli.tr\/index.php\/wp-json\/wp\/v2\/types\/post"}],"author":[{"embeddable":true,"href":"https:\/\/ikimisli.tr\/index.php\/wp-json\/wp\/v2\/users\/1"}],"replies":[{"embeddable":true,"href":"https:\/\/ikimisli.tr\/index.php\/wp-json\/wp\/v2\/comments?post=46592"}],"version-history":[{"count":1,"href":"https:\/\/ikimisli.tr\/index.php\/wp-json\/wp\/v2\/posts\/46592\/revisions"}],"predecessor-version":[{"id":46594,"href":"https:\/\/ikimisli.tr\/index.php\/wp-json\/wp\/v2\/posts\/46592\/revisions\/46594"}],"wp:featuredmedia":[{"embeddable":true,"href":"https:\/\/ikimisli.tr\/index.php\/wp-json\/wp\/v2\/media\/46593"}],"wp:attachment":[{"href":"https:\/\/ikimisli.tr\/index.php\/wp-json\/wp\/v2\/media?parent=46592"}],"wp:term":[{"taxonomy":"category","embeddable":true,"href":"https:\/\/ikimisli.tr\/index.php\/wp-json\/wp\/v2\/categories?post=46592"},{"taxonomy":"post_tag","embeddable":true,"href":"https:\/\/ikimisli.tr\/index.php\/wp-json\/wp\/v2\/tags?post=46592"}],"curies":[{"name":"wp","href":"https:\/\/api.w.org\/{rel}","templated":true}]}}