{"id":46711,"date":"2025-06-15T11:24:08","date_gmt":"2025-06-15T11:24:08","guid":{"rendered":"https:\/\/ikimisli.tr\/?p=46711"},"modified":"2025-06-15T11:24:08","modified_gmt":"2025-06-15T11:24:08","slug":"emeklilerden-ramazan-isyani-zaten-biz-12-ay-boyunca-oruc-tutuyoruz","status":"publish","type":"post","link":"https:\/\/ikimisli.tr\/index.php\/2025\/06\/15\/emeklilerden-ramazan-isyani-zaten-biz-12-ay-boyunca-oruc-tutuyoruz\/","title":{"rendered":"Emeklilerden Ramazan isyan\u0131: Zaten biz 12 ay boyunca oru\u00e7 tutuyoruz"},"content":{"rendered":"<p>Ekonomik krizden en derinden etkilenenler ortas\u0131nda yer alan emekliler Ramazan ay\u0131na k\u0131sa bir m\u00fchlet kala ya\u015fad\u0131klar\u0131 meseleleri anlatt\u0131lar. <\/p>\n<p>Diyarbak\u0131r\u2019da ya\u015fayan emekliler, ANKA Haber Ajans\u0131\u2019na ramazan ay\u0131n\u0131 nas\u0131l ge\u00e7ireceklerini anlatt\u0131.<\/p>\n<p><b>&#8220;D\u0130YANET&#8217;\u0130N VERD\u0130\u011e\u0130 SAYIYLA EMEKL\u0130N\u0130N ALDI\u011eI MAA\u015e YETM\u0130YOR&#8221;<\/b><\/p>\n<p>Erol Pe\u00e7enek, Diyanet \u0130\u015fleri Ba\u015fkanl\u0131\u011f\u0131\u2019n\u0131n ramazan ay\u0131nda fitre \u00f6l\u00e7\u00fcs\u00fcn\u00fc 180 lira olarak belirlemesine reaksiyon g\u00f6stererek, \u201cBizim k\u00f6yde hem ramazan var hem bayram var. Art\u0131k espri noktas\u0131na gelmi\u015fiz. Bir emekli olarak ramazan\u0131 hakikaten d\u00fc\u015f\u00fcnemiyorum. Diyanet \u0130\u015fleri Ba\u015fkanl\u0131\u011f\u0131\u2019n\u0131n a\u00e7\u0131klad\u0131\u011f\u0131 bir olay var, oru\u00e7 tutmad\u0131\u011f\u0131n\u0131zda bir ki\u015fi doyurmak i\u00e7in onlar\u0131n a\u00e7\u0131klad\u0131\u011f\u0131 say\u0131 180 lirad\u0131r. \u015e\u00f6yle bir hesap yaparsak, d\u00f6rt ki\u015filik bir aile g\u00fcnl\u00fck 720 lira vermesi gerekiyor. Bu say\u0131s\u0131 30 g\u00fcn olarak d\u00fc\u015f\u00fcn\u00fcrsek, 21 bin 600 lira ediyor. Bu yaln\u0131zca ak\u015fam yeme\u011fi yemek i\u00e7in Diyanet\u2019in belirledi\u011fi say\u0131. Yeterli de taban fiyat 22 bin lira, emekli maa\u015f\u0131 ise 14 bin 500 lirad\u0131r. Diyanet\u2019in verdi\u011fi say\u0131yla bir emeklinin ald\u0131\u011f\u0131 maa\u015f yetmiyor. Bu emeklinin kiras\u0131 varsa, \u00e7ocu\u011fu, torunu varsa, neyle ve nas\u0131l beslenecek? Bu adam oru\u00e7 mu tutacak\u201d diye konu\u015ftu.<\/p>\n<p><b>&#8220;AKLIMIZLA DALGA GE\u00c7\u0130L\u0130YOR \u00dcZERE B\u0130R H\u0130S VAR \u0130\u00c7\u0130MDE&#8221;<\/b><\/p>\n<p>Ramazan ay\u0131nda besinlere fahi\u015f art\u0131r\u0131m yap\u0131laca\u011f\u0131 derdi ta\u015f\u0131d\u0131\u011f\u0131n\u0131 belirten Pe\u00e7enek, emekli ayl\u0131\u011f\u0131na yap\u0131lan son art\u0131r\u0131mlar\u0131n kendileriyle dalga ge\u00e7iliyor hissi ya\u015fatt\u0131\u011f\u0131n\u0131 s\u00f6yledi. Emekliler olarak 12 ay boyunca oru\u00e7lu olduklar\u0131n\u0131 belirten Pe\u00e7enek, \u015funlar\u0131 s\u00f6yledi:<\/p>\n<p>\u201cGavur, Hristiyan, gayrim\u00fcslim dedi\u011fimiz toplumun \u00f6rne\u011fin Noel\u2019in de fiyatlar d\u00fc\u015ferken, biz de ne kerametse M\u00fcsl\u00fcman \u00fclkelerde f\u0131rsat m\u0131 diyelim, ismini ben koyam\u0131yorum, tam z\u0131dd\u0131 fiyatlar y\u00fckselmekte. Hem emekli maa\u015f\u0131 olarak hem de fiyatlar konusunda \u00e7ok \u00f6nemli meseleler ya\u015f\u0131yoruz. Esasen biz 12 ay boyunca oru\u00e7 tutuyoruz. \u00d6nemli manada cennete gidecek olmam\u0131z gerek. Bu t\u00fcrl\u00fc giderse oru\u00e7 da tutamayaca\u011f\u0131z. Esasen oru\u00e7 halindeyiz. Son maa\u015f art\u0131r\u0131m\u0131ndan sonra akl\u0131m\u0131zla dalga ge\u00e7iliyor \u00fczere bir his var i\u00e7imde. Nereden bakarsan\u0131z bak\u0131n, emekliler \u00f6lm\u00fc\u015f. Bu manada ben kendi ad\u0131ma ramazanda oru\u00e7 tutmay\u0131 d\u00fc\u015f\u00fcnemiyorum. Zira o denli bir imkan\u0131m yok.\u201d<\/p>\n<p><b>D\u0130YANET&#8217;E REAKS\u0130YON G\u00d6STERD\u0130<\/b><\/p>\n<p>Mehmet Aktan, Diyanet \u0130\u015fleri Ba\u015fkanl\u0131\u011f\u0131\u2019n\u0131n ramazan ay\u0131nda haktan ve hukuktan kelam edece\u011fine dikkat \u00e7ekerek \u015f\u00f6yle konu\u015ftu:<\/p>\n<p>\u201cHerkesin kendine nazaran oru\u00e7la ilgili plan ve projesi vard\u0131r. Her halde siyasi iktidar\u0131n da kendine nazaran bir projesi vard\u0131r. 200 lira, 500 lira art\u0131ral\u0131m mazeretleri ba\u015flayacak. Bayram ikramiyesini \u015fimdiden kurcalamaya ba\u015flad\u0131lar. Y\u00fczde 10-15 art\u0131r\u0131m oran\u0131n lisana getirmekle be\u015ferlerle alay etmekteler. Emekliler olarak d\u00fc\u015f\u00fcnd\u00fc\u011f\u00fcm\u00fczde, oru\u00e7 tutmak i\u00e7in konutta besinin olmas\u0131 laz\u0131m. Orucu tutabilmek i\u00e7in ne alabiliriz diye d\u00fc\u015f\u00fcnmemiz gerek. Emeklilerin haklar\u0131n\u0131 gasp ettikleri yetmiyormu\u015f, bir de emeklilerle dalga ge\u00e7iyorlar. Daima geriye gittik. Bug\u00fcn ya\u015fanamaz hale geldik. Diyanet \u0130\u015fleri Ba\u015fkan\u0131, emeklilere fitrenizi verin diyor. Biz de ona soruyoruz, siz neden emeklilerin haklar\u0131yla ilgili bir \u015fey konu\u015fmuyorsunuz da sadakay\u0131 bize uygun g\u00f6r\u00fcyorsunuz. Biz haklar\u0131m\u0131z\u0131 istiyoruz. Oru\u00e7ta haktan hukuktan kelam edecekler. Bunlar\u0131 anlatmas\u0131nlar bize. Biz bunlar\u0131 zati biliyoruz. Hakk\u0131m\u0131z\u0131 versinler. Haktan ve zul\u00fcmden bahsetsinler.\u201d<\/p>\n<p><b>&#8220;ET B\u0130LE ARTIK ALAMIYORUZ&#8221;<\/b><\/p>\n<p>\u201cRamazan ay\u0131na nas\u0131l bir haz\u0131rl\u0131k yapacaks\u0131n\u0131z\u201d sorusuna ise Aktan, \u201cKuru fasulye, bulgur alabilecek bir durumumuz varsa di\u011fer bir \u015fey istemiyoruz. Alacak bir \u015feyimiz de yok. O denli manda yo\u011furduymu\u015f, kestane bal\u0131ym\u0131\u015f, bilmem neymi\u015f, bunlar\u0131n yak\u0131nlar\u0131ndan bile ge\u00e7emiyoruz. Bir kilo et 800 lirad\u0131r. Et bile art\u0131k alam\u0131yoruz. Bunun vebali de sorumlular\u0131n boynundad\u0131r\u201d formunda kar\u015f\u0131l\u0131k verdi.<\/p>\n<p><b>BAYRAM \u0130KRAM\u0130YES\u0130NE TEPK\u0130<\/b><\/p>\n<p>Ramazan ay\u0131n\u0131 a\u011f\u0131r ekonomik \u015fartlar alt\u0131nda ge\u00e7ireceklerini belirten Kadri K\u0131zmaz ise \u015funlar\u0131 s\u00f6yledi:<\/p>\n<p>\u201c\u0130ktidar bilhassa dalga ge\u00e7ercesine emeklileri peri\u015fan duruma getirdi. Emekli 14 bin 500 lira maa\u015f\u0131yla ramazan\u0131 nas\u0131l ge\u00e7irecek? \u00d6n\u00fcnde bayram da var. Bayram ikramiyelerimizi alay edercesine 4 bin liraya \u00e7\u0131karacaklar. Bir bayram masraf\u0131 30-40 bin lirayken, 4 bin lira ikramiye verip, onunla bayram\u0131 ge\u00e7irmemizi d\u00fc\u015f\u00fcn\u00fcyorlar. Bu t\u00fcrl\u00fc bir \u015fey m\u00fcmk\u00fcn de\u011fil. \u0130ktidar, vatanda\u015f\u0131n daha rahat ya\u015famas\u0131n\u0131 istiyorsa dalga ge\u00e7memesi gerekiyor. \u0130nsanca hayat hakk\u0131 tan\u0131yacak. Emekliler, 40 y\u0131l \u00e7al\u0131\u015fman\u0131n akabinde 14 bin 500 lira alaca\u011f\u0131 maa\u015fla ya\u015famak de\u011fil, yaln\u0131zca nefes alabiliyor.\u201d<\/p>\n<p><b>&#8220;PAZARDA \u00c7\u00dcR\u00dcM\u00dc\u015e ZERZEVAT MEYVE TOPLAYARAK TAHM\u0130NEN DE \u0130FTARINI A\u00c7ACAK&#8221;<\/b><\/p>\n<p>Emeklilerin vefata terk edildi\u011fini tabir eden E\u015fref Bozkurt, \u201cRamazan ay\u0131nda biz nas\u0131l ge\u00e7inece\u011fiz? Ramazanda emeklilerin ge\u00e7inmesi \u00e7ok g\u00fc\u00e7. Zira 14 bin 500 lira ayl\u0131k alan bir emekli, 17 bin lira kira veren bir emekli nas\u0131l ge\u00e7inecek? Emekli, semt pazar\u0131na gidip, pazarda \u00e7\u00fcr\u00fcm\u00fc\u015f, ezilmi\u015f meyve ve zerzevatlar\u0131 toplayarak tahminen de iftar\u0131n\u0131 a\u00e7acak. Bizimle dalga ge\u00e7mesinler, bizi vefata terk etmesinler diyoruz. Biz bu \u00fclkede insanca ya\u015famak istiyoruz. Bu da bizim en do\u011fal hakk\u0131m\u0131zd\u0131r.\u201d<\/p>\n","protected":false},"excerpt":{"rendered":"<p>Ramazan ay\u0131na say\u0131l\u0131 g\u00fcnler kala ekonomik krizi en derinden hisseden emekliler isyan etti. Diyarbak\u0131rl\u0131 emekli Erol Pe\u00e7enek, \u201cHem emekli maa\u015f\u0131 olarak hem de fiyatlar konusunda \u00e7ok \u00f6nemli problemler ya\u015f\u0131yoruz. Esasen biz 12 ay boyunca oru\u00e7 tutuyoruz. \u00d6nemli manada cennete gidecek olmam\u0131z gerek. Bu t\u00fcrl\u00fc giderse oru\u00e7 da tutamayaca\u011f\u0131z. Zati oru\u00e7 halindeyiz\u201d dedi.<\/p>\n","protected":false},"author":1,"featured_media":46712,"comment_status":"open","ping_status":"open","sticky":false,"template":"","format":"standard","meta":{"footnotes":""},"categories":[25],"tags":[401,91,337,6745,2682],"class_list":["post-46711","post","type-post","status-publish","format-standard","has-post-thumbnail","hentry","category-gundem","tag-diyanet","tag-emekli","tag-emekliler","tag-oruc","tag-ramazan"],"_links":{"self":[{"href":"https:\/\/ikimisli.tr\/index.php\/wp-json\/wp\/v2\/posts\/46711","targetHints":{"allow":["GET"]}}],"collection":[{"href":"https:\/\/ikimisli.tr\/index.php\/wp-json\/wp\/v2\/posts"}],"about":[{"href":"https:\/\/ikimisli.tr\/index.php\/wp-json\/wp\/v2\/types\/post"}],"author":[{"embeddable":true,"href":"https:\/\/ikimisli.tr\/index.php\/wp-json\/wp\/v2\/users\/1"}],"replies":[{"embeddable":true,"href":"https:\/\/ikimisli.tr\/index.php\/wp-json\/wp\/v2\/comments?post=46711"}],"version-history":[{"count":1,"href":"https:\/\/ikimisli.tr\/index.php\/wp-json\/wp\/v2\/posts\/46711\/revisions"}],"predecessor-version":[{"id":46713,"href":"https:\/\/ikimisli.tr\/index.php\/wp-json\/wp\/v2\/posts\/46711\/revisions\/46713"}],"wp:featuredmedia":[{"embeddable":true,"href":"https:\/\/ikimisli.tr\/index.php\/wp-json\/wp\/v2\/media\/46712"}],"wp:attachment":[{"href":"https:\/\/ikimisli.tr\/index.php\/wp-json\/wp\/v2\/media?parent=46711"}],"wp:term":[{"taxonomy":"category","embeddable":true,"href":"https:\/\/ikimisli.tr\/index.php\/wp-json\/wp\/v2\/categories?post=46711"},{"taxonomy":"post_tag","embeddable":true,"href":"https:\/\/ikimisli.tr\/index.php\/wp-json\/wp\/v2\/tags?post=46711"}],"curies":[{"name":"wp","href":"https:\/\/api.w.org\/{rel}","templated":true}]}}