{"id":46772,"date":"2025-06-15T14:48:06","date_gmt":"2025-06-15T14:48:06","guid":{"rendered":"https:\/\/ikimisli.tr\/?p=46772"},"modified":"2025-06-15T14:48:06","modified_gmt":"2025-06-15T14:48:06","slug":"tff-irkcilik-yok-dedi-mourinhoyu-bekleyen-ceza","status":"publish","type":"post","link":"https:\/\/ikimisli.tr\/index.php\/2025\/06\/15\/tff-irkcilik-yok-dedi-mourinhoyu-bekleyen-ceza\/","title":{"rendered":"TFF &#8216;\u0131rk\u00e7\u0131l\u0131k yok&#8217; dedi! Mourinho&#8217;yu bekleyen ceza&#8230;"},"content":{"rendered":"<p>S\u00fcper Lig&#8217;de oynanan derbi ma\u00e7\u0131n akabinde Galatasaray Teknik Y\u00f6neticisi Okan Buruk ve Fenerbah\u00e7e Teknik Y\u00f6neticisi Jose Mourinho, Profesyonel Futbol Disiplin Kurulu\u2019na sevk edildi.<\/p>\n<p>Galatasaray, Fenerbah\u00e7e Teknik Y\u00f6neticisi Jose Mourinho hakk\u0131nda \u0131rk\u00e7\u0131 telaffuzlarda bulundu\u011fu gerek\u00e7esiyle t\u00fczel s\u00fcre\u00e7 ba\u015flataca\u011f\u0131n\u0131 duyurdu. Irk\u00e7\u0131l\u0131kla su\u00e7lanan Mourinho i\u00e7in PFDK&#8217;ya sevk unsuru de\u011ferliydi. <\/p>\n<p>(TFF) Hukuk M\u00fc\u015favirli\u011fi, Galatasaray Teknik Y\u00f6neticisi Okan Buruk\u2019u \u201cfutbolun prestijini zedelemeye y\u00f6nelik a\u00e7\u0131klamalar\u201d sebebiyle, Fenerbah\u00e7e Teknik Y\u00f6neticisi Jose Mourinho\u2019yu ise \u201csportmenli\u011fe muhalif hareketi\u201d ve kar\u015f\u0131la\u015fma sonras\u0131 bas\u0131n toplant\u0131s\u0131ndaki beyanlar\u0131nda yer alan \u201chakareti\u201d nedeniyle \u00f6nlemli olarak Profesyonel Futbol Disiplin Kurulu\u2019na (PFDK) sevk etti.<\/p>\n<p><b>41. UNSURDAN SEVK ED\u0130LD\u0130<\/b><\/p>\n<p>Jose Mourinho, FDT md. 36 ve 41 uyar\u0131nca PFDK&#8217;ya sevk edildi. Bu hususlar uyar\u0131nca kar\u015f\u0131la\u015fmadan men yahut para cezas\u0131 verilebilecek. <strong>Ancak ayr\u0131mc\u0131l\u0131k ihlaline ait 42. husustan sevk yap\u0131lmad\u0131. <\/strong>Bu nedenle TFF a\u00e7\u0131k\u00e7a, Mourinho konusunda &#8216;\u0131rk\u00e7\u0131l\u0131k yok&#8217; olarak kabul etmi\u015f g\u00f6z\u00fck\u00fcyor. <\/p>\n<p>Bu durumda Mourinho&#8217;nun cezas\u0131 \u201cKi\u015filik Haklar\u0131na Taarruz, Hakaret, Tehdit ve T\u00fck\u00fcrme\u201d ba\u015fl\u0131kl\u0131 41. husus kapsam\u0131nda pahaland\u0131r\u0131lacak. <strong>Jose Mourinho\u2019ya \u0131rk\u00e7\u0131l\u0131ktan de\u011fil hakaretten \u00fc\u00e7 ma\u00e7 ceza verilmesi g\u00fcndemde.<\/strong><\/p>\n<p><b>GALATASARAY UEFA VE FIFA&#8217;YA \u015e\u0130KAYETTE BULUNACAK<\/b><\/p>\n<p>Galatasaray Kul\u00fcb\u00fc, toplumsal medya platformu X \u00fczerinden yapt\u0131\u011f\u0131 a\u00e7\u0131klamada, Mourinho\u2019nun ma\u00e7 sonras\u0131 bas\u0131n toplant\u0131s\u0131nda kulland\u0131\u011f\u0131 tabirlerin \u0131rk\u00e7\u0131 oldu\u011funu savundu ve UEFA ile FIFA&#8217;ya resmi \u015fikayette bulunaca\u011f\u0131n\u0131 duyurdu. Portekizli teknik adam\u0131n, Galatasaray yedek kul\u00fcbesinin bir durum sonras\u0131 &#8220;maymunlar \u00fczere z\u0131plad\u0131\u011f\u0131n\u0131&#8221; s\u00f6ylemesi, reaksiyonla kar\u015f\u0131land\u0131.<\/p>\n<p>Sar\u0131-k\u0131rm\u0131z\u0131l\u0131lar, bu a\u00e7\u0131klamalar\u0131n sadece hakem ele\u015ftirisi olmad\u0131\u011f\u0131n\u0131, direkt \u0131rk\u00e7\u0131l\u0131kla ilgili oldu\u011funu savunarak hukuksal s\u00fcre\u00e7 ba\u015flatma karar\u0131 ald\u0131.<\/p>\n<p><b>FENERBAH\u00c7E VE ILICALI\u2019DAN MOURINHO\u2019YA DESTEK<\/b><\/p>\n<p>Fenerbah\u00e7e idaresi ise Jose Mourinho\u2019yu savunan bir a\u00e7\u0131klama yapt\u0131. Kul\u00fcb\u00fcn Lider Vekili Acun Il\u0131cal\u0131, Mourinho\u2019nun s\u00f6zlerinin kas\u0131tl\u0131 bir \u0131rk\u00e7\u0131l\u0131k i\u00e7ermedi\u011fini ve kelamlar\u0131n\u0131n yanl\u0131\u015f anla\u015f\u0131ld\u0131\u011f\u0131n\u0131 belirtti.<\/p>\n<p>Il\u0131cal\u0131, &#8220;Jose Mourinho\u2019nun katiyen \u0131rk\u00e7\u0131 bir niyeti yoktu. Bu a\u00e7\u0131klamalar, hakem kararlar\u0131na duydu\u011fu reaksiyonun bir kesimiydi ve yanl\u0131\u015f yorumlanmamal\u0131&#8221; dedi.<\/p>\n<p><b>MOURINHO\u2019DAN A\u00c7IKLAMA GELMED\u0130<\/b><\/p>\n<p>Tart\u0131\u015fmalar devam ederken, Jose Mourinho cephesinden \u015fimdi bir a\u00e7\u0131klama yap\u0131lmad\u0131. \u00d6te yandan, Mourinho\u2019nun \u0131srarla yabanc\u0131 hakem talep etmesi \u00fczerine Galatasaray derbisine Sloven hakem Slavko Vincic atanm\u0131\u015ft\u0131. Fenerbah\u00e7e\u2019nin ba\u015f\u0131ndaki tecr\u00fcbeli teknik adam, Vincic\u2019in performans\u0131ndan mutlu kald\u0131\u011f\u0131n\u0131 belirterek, &#8220;Bu b\u00fcy\u00fck ma\u00e7\u0131n hakk\u0131n\u0131 veren bir idare g\u00f6sterdi&#8221; kelamlar\u0131yla hakemi \u00f6vd\u00fc.<\/p>\n","protected":false},"excerpt":{"rendered":"<p>Galatasaray&#8217;\u0131n \u0131rk\u00e7\u0131l\u0131k yapmakla su\u00e7lad\u0131\u011f\u0131 Fenerbah\u00e7e Teknik Y\u00f6neticisi Jose Mourinho&#8217;nun disiplin kurulu sevki sonras\u0131 alaca\u011f\u0131 ceza merak ediliyor. 41. husus kapsam\u0131nda PFDK&#8217;l\u0131k olan Mourinho i\u00e7in TFF &#8216;\u0131rk\u00e7\u0131l\u0131k yok&#8217; dedi.<\/p>\n","protected":false},"author":1,"featured_media":46773,"comment_status":"open","ping_status":"open","sticky":false,"template":"","format":"standard","meta":{"footnotes":""},"categories":[30],"tags":[342,6052,6638,1298,3263],"class_list":["post-46772","post","type-post","status-publish","format-standard","has-post-thumbnail","hentry","category-spor","tag-galatasaray","tag-irkci","tag-jose-mourinho","tag-mourinho","tag-sevk"],"_links":{"self":[{"href":"https:\/\/ikimisli.tr\/index.php\/wp-json\/wp\/v2\/posts\/46772","targetHints":{"allow":["GET"]}}],"collection":[{"href":"https:\/\/ikimisli.tr\/index.php\/wp-json\/wp\/v2\/posts"}],"about":[{"href":"https:\/\/ikimisli.tr\/index.php\/wp-json\/wp\/v2\/types\/post"}],"author":[{"embeddable":true,"href":"https:\/\/ikimisli.tr\/index.php\/wp-json\/wp\/v2\/users\/1"}],"replies":[{"embeddable":true,"href":"https:\/\/ikimisli.tr\/index.php\/wp-json\/wp\/v2\/comments?post=46772"}],"version-history":[{"count":1,"href":"https:\/\/ikimisli.tr\/index.php\/wp-json\/wp\/v2\/posts\/46772\/revisions"}],"predecessor-version":[{"id":46774,"href":"https:\/\/ikimisli.tr\/index.php\/wp-json\/wp\/v2\/posts\/46772\/revisions\/46774"}],"wp:featuredmedia":[{"embeddable":true,"href":"https:\/\/ikimisli.tr\/index.php\/wp-json\/wp\/v2\/media\/46773"}],"wp:attachment":[{"href":"https:\/\/ikimisli.tr\/index.php\/wp-json\/wp\/v2\/media?parent=46772"}],"wp:term":[{"taxonomy":"category","embeddable":true,"href":"https:\/\/ikimisli.tr\/index.php\/wp-json\/wp\/v2\/categories?post=46772"},{"taxonomy":"post_tag","embeddable":true,"href":"https:\/\/ikimisli.tr\/index.php\/wp-json\/wp\/v2\/tags?post=46772"}],"curies":[{"name":"wp","href":"https:\/\/api.w.org\/{rel}","templated":true}]}}