{"id":46838,"date":"2025-06-15T18:24:09","date_gmt":"2025-06-15T18:24:09","guid":{"rendered":"https:\/\/ikimisli.tr\/?p=46838"},"modified":"2025-06-15T18:24:09","modified_gmt":"2025-06-15T18:24:09","slug":"chpli-tanrikulundan-bakan-yumakliya-3-milyon-euro-sorusu","status":"publish","type":"post","link":"https:\/\/ikimisli.tr\/index.php\/2025\/06\/15\/chpli-tanrikulundan-bakan-yumakliya-3-milyon-euro-sorusu\/","title":{"rendered":"CHP&#8217;li Tanr\u0131kulu&#8217;ndan Bakan Yumakl\u0131&#8217;ya 3 milyon Euro sorusu"},"content":{"rendered":"<p>CHP Diyarbak\u0131r Milletvekili Sezgin Tanr\u0131kulu, darbe te\u015febb\u00fcs\u00fcn\u00fcn \u00e7abucak akabinde 18 Temmuz 2016 tarihinde Tar\u0131m Kredi Kooperatifleri taraf\u0131ndan Macaristan\u2019daki bir firmaya hi\u00e7bir teminat al\u0131nmadan ve kurum mevzuatlar\u0131na ters bir bi\u00e7imde 3 milyon Euro g\u00f6nderildi\u011fi tezlerinin g\u00fcndemde oldu\u011funu belirterek Tar\u0131m ve Orman Bakan\u0131 \u0130brahim Yumakl\u0131&#8217;ya baz\u0131 sorular y\u00f6neltti.\u00a0<\/p>\n<p>Tanr\u0131kulu, &#8220;Bu para transferinin, hayvan ithalat\u0131 gayesiyle yap\u0131ld\u0131\u011f\u0131 \u00f6ne s\u00fcr\u00fclse de, k\u0131sa m\u00fchlet i\u00e7inde Estonya ve Letonya\u2019da kurulan kimi firmalar\u0131n devreye girdi\u011fi, bu firmalar \u00fczerinden yap\u0131lan s\u00fcre\u00e7ler sonucunda Romanya\u2019dan d\u00fc\u015f\u00fck kaliteli hayvanlar\u0131n getirilip Tar\u0131m Kredi Kooperatiflerine sat\u0131ld\u0131\u011f\u0131 arg\u00fcman edilmektedir. Bu s\u00fcre\u00e7te kamu ziyan\u0131 olu\u015ftu\u011fu taraf\u0131nda \u00f6nemli savlar bulunmaktad\u0131r. \u00d6te yandan, kelam konusu para transferinde ismi ge\u00e7en ve tesirli bireylerden biri oldu\u011fu belirtilen \u00d6.\u00d6.\u2019n\u00fcn, Tar\u0131m Kredi Kooperatiflerindeki misyonundan sonra Toprak Mahsulleri Ofisi (TMO) Genel M\u00fcd\u00fcr\u00fc taraf\u0131ndan Mali \u0130\u015fler Daire Lideri olarak atanmas\u0131, kamu vicdan\u0131nda soru i\u015faretlerine neden olmaktad\u0131r. Bahse bahis ki\u015finin TMO\u2019nun milyarl\u0131k b\u00fct\u00e7esini y\u00f6netmesi liyakat ve etik a\u00e7\u0131s\u0131ndan tart\u0131\u015fmal\u0131d\u0131r.&#8221; s\u00f6z\u00fcn\u00fc kulland\u0131.\u00a0<\/p>\n<p>Tanr\u0131kulu Bakan Yumakl\u0131&#8217;n\u0131n yan\u0131tlamas\u0131 istemiyle verdi\u011fi soru \u00f6nergesinde \u015funlar\u0131 kaydetti:<\/p>\n<p>1. 18 Temmuz 2016 tarihinde Tar\u0131m Kredi Kooperatiflerinden Macaristan\u2019daki bir firmaya 3 milyon Euro g\u00f6nderildi\u011fi tezi ger\u00e7ek mudur?<\/p>\n<p>2. Sav ger\u00e7ek ise, bu para transferine ait al\u0131nan karar hangi yetkililer taraf\u0131ndan onaylanm\u0131\u015ft\u0131r?<\/p>\n<p>3. S\u00fcre\u00e7ler Tar\u0131m Kredi Kooperatifleri mevzuatlar\u0131na uygun mudur?<\/p>\n<p>4. An\u0131lan savlar yanl\u0131\u015fs\u0131z ise, g\u00f6nderilen 3 milyon Euro\u2019nun kar\u015f\u0131l\u0131\u011f\u0131nda hangi firmadan, ka\u00e7 adet b\u00fcy\u00fckba\u015f hayvan getirilmi\u015ftir?<\/p>\n<p>5. Estonya ve Letonya\u2019da kurulan firmalar ile Macaristan\u2019daki firman\u0131n temaslar\u0131 incelenmi\u015f midir?<\/p>\n<p>6. Tar\u0131m Kredi Kooperatifleri taraf\u0131ndan g\u00f6nderilen 3 milyon Euro\u2019nun, Et ve S\u00fct Kurumu (ESK) \u00fczerinden tekrar Tar\u0131m Kredi Kooperatiflerine \u00f6dendi\u011fi tezi ger\u00e7ek mudur?<\/p>\n<p>7. Bu s\u00fcre\u00e7le ilgili olarak Tar\u0131m Kredi Kooperatifleri yahut ilgili y\u00f6neticiler hakk\u0131nda rastgele bir idari yahut isimli soru\u015fturma a\u00e7\u0131lm\u0131\u015f m\u0131d\u0131r? A\u00e7\u0131lm\u0131\u015f ise, idari yahut isimli soru\u015fturman\u0131n ak\u0131beti nedir?<\/p>\n<p>8. Tar\u0131m Kredi Kooperatiflerinde bu s\u00fcrece dahil oldu\u011fu belirtilen \u00d6.\u00d6\u2019n\u00fcn TMO Mali \u0130\u015fler Daire Ba\u015fkan\u0131 olarak atanma s\u00fcreci hangi kriterler do\u011frultusunda ger\u00e7ekle\u015ftirilmi\u015ftir?<\/p>\n<p>9. \u00d6.\u00d6\u2019n\u00fcn TMO Mali \u0130\u015fler Daire Ba\u015fkan\u0131 olarak atanmas\u0131nda liyakat temellerine uyulmu\u015f mudur?<\/p>\n<p>10. TMO \u00fczere kritik bir kurumun milyarl\u0131k b\u00fct\u00e7esini y\u00f6netecek bir ki\u015finin, ge\u00e7mi\u015finde kamu ziyan\u0131na yol a\u00e7an s\u00fcre\u00e7lerle an\u0131l\u0131yor olmas\u0131 hakk\u0131nda Bakanl\u0131\u011f\u0131n\u0131z\u0131n de\u011ferlendirmesi nedir?<\/p>\n<p>11. Bu atama s\u00fcreciyle ilgili olarak rastgele bir inceleme yahut yine k\u0131ymetlendirme yap\u0131lmas\u0131 d\u00fc\u015f\u00fcn\u00fclmekte midir?<\/p>\n","protected":false},"excerpt":{"rendered":"<p>CHP Diyarbak\u0131r Milletvekili Sezgin Tanr\u0131kulu, Tar\u0131m ve Orman Bakan\u0131 \u0130brahim Yumakl\u0131&#8217;n\u0131n yan\u0131tlamas\u0131 istemiyle bir soru \u00f6nergesi verdi.<\/p>\n","protected":false},"author":1,"featured_media":46839,"comment_status":"open","ping_status":"open","sticky":false,"template":"","format":"standard","meta":{"footnotes":""},"categories":[25],"tags":[823,806,193,6754,6755],"class_list":["post-46838","post","type-post","status-publish","format-standard","has-post-thumbnail","hentry","category-gundem","tag-dogru","tag-iddia","tag-sure","tag-tarim-kredi-kooperatifleri","tag-tmo"],"_links":{"self":[{"href":"https:\/\/ikimisli.tr\/index.php\/wp-json\/wp\/v2\/posts\/46838","targetHints":{"allow":["GET"]}}],"collection":[{"href":"https:\/\/ikimisli.tr\/index.php\/wp-json\/wp\/v2\/posts"}],"about":[{"href":"https:\/\/ikimisli.tr\/index.php\/wp-json\/wp\/v2\/types\/post"}],"author":[{"embeddable":true,"href":"https:\/\/ikimisli.tr\/index.php\/wp-json\/wp\/v2\/users\/1"}],"replies":[{"embeddable":true,"href":"https:\/\/ikimisli.tr\/index.php\/wp-json\/wp\/v2\/comments?post=46838"}],"version-history":[{"count":1,"href":"https:\/\/ikimisli.tr\/index.php\/wp-json\/wp\/v2\/posts\/46838\/revisions"}],"predecessor-version":[{"id":46840,"href":"https:\/\/ikimisli.tr\/index.php\/wp-json\/wp\/v2\/posts\/46838\/revisions\/46840"}],"wp:featuredmedia":[{"embeddable":true,"href":"https:\/\/ikimisli.tr\/index.php\/wp-json\/wp\/v2\/media\/46839"}],"wp:attachment":[{"href":"https:\/\/ikimisli.tr\/index.php\/wp-json\/wp\/v2\/media?parent=46838"}],"wp:term":[{"taxonomy":"category","embeddable":true,"href":"https:\/\/ikimisli.tr\/index.php\/wp-json\/wp\/v2\/categories?post=46838"},{"taxonomy":"post_tag","embeddable":true,"href":"https:\/\/ikimisli.tr\/index.php\/wp-json\/wp\/v2\/tags?post=46838"}],"curies":[{"name":"wp","href":"https:\/\/api.w.org\/{rel}","templated":true}]}}