{"id":46874,"date":"2025-06-15T20:24:06","date_gmt":"2025-06-15T20:24:06","guid":{"rendered":"https:\/\/ikimisli.tr\/?p=46874"},"modified":"2025-06-15T20:24:06","modified_gmt":"2025-06-15T20:24:06","slug":"11-yil-arayla-2-bobrek-nakli-ile-hayata-tutundu","status":"publish","type":"post","link":"https:\/\/ikimisli.tr\/index.php\/2025\/06\/15\/11-yil-arayla-2-bobrek-nakli-ile-hayata-tutundu\/","title":{"rendered":"11 y\u0131l arayla 2 b\u00f6brek nakli ile hayata tutundu"},"content":{"rendered":"<p>\u0130zmir&#8217;de ya\u015fayan ve bir dokuma fabrikas\u0131ndan malulen emekli olan 1 \u00e7ocuk annesi Fatma Peker, 2009 y\u0131l\u0131nda ayaklar\u0131nda \u015fi\u015fme, y\u00fcz\u00fcnde sar\u0131l\u0131k ve y\u00fcksek tansiyon \u015fikayetleriyle Alsancak Nevvar Salih \u0130\u015fg\u00f6ren Devlet Hastanesi&#8217;ne ba\u015fvurdu. Hastanede yap\u0131lan tetkikler sonucu Peker&#8217;e b\u00f6brek yetmezli\u011fi tan\u0131s\u0131 konuldu.<\/p>\n<p>Bunun \u00fczerine Fatma Peker, yakla\u015f\u0131k 10 ay boyunca diyalize girdi. \u0130lerleyen s\u00fcre\u00e7te Peker, tedavisi ve nakil s\u00fcre\u00e7leri i\u00e7in 2010 y\u0131l\u0131nda Ac\u0131badem Kent Hastanesi B\u00f6brek Nakli K\u0131sm\u0131&#8217;na ba\u015fvurdu. T\u0131pk\u0131 y\u0131l eski e\u015fi Ahmet Bar\u0131\u015f K\u0131m\u0131z&#8217;\u0131n b\u00f6bre\u011finin uyumlu oldu\u011fu belirlendi. B\u00f6brek Nakli K\u0131s\u0131m tak\u0131m\u0131 taraf\u0131ndan yap\u0131lan operasyonla eski e\u015finden al\u0131nan b\u00f6brek, Fatma Peker&#8217;e nakledildi.\u00a0<\/p>\n<p><b>&#8216;\u00c7OK MUTLUYUM&#8217;<\/b><\/p>\n<p>\u0130lk b\u00f6brek naklinin akabinde sa\u011fl\u0131kl\u0131 bir halde \u00f6mr\u00fcn\u00fc s\u00fcrd\u00fcren Peker&#8217;in b\u00f6bre\u011fi, 8 y\u0131l sonra enfeksiyon nedeniyle i\u015flevlerini kaybetmeye ba\u015flad\u0131. Yine nakil olmas\u0131 gereken Fatma Peker&#8217;e 2021 y\u0131l\u0131nda bu kez karde\u015fi Ahmet Peker, b\u00f6bre\u011fini ba\u011f\u0131\u015flad\u0131. Hastanedeki birinci b\u00f6brek nakli hastas\u0131 olmas\u0131 ve birinci naklin \u00fczerinden 15 y\u0131l ge\u00e7mesi m\u00fcnasebetiyle Peker i\u00e7in operasyonu ger\u00e7ekle\u015ftiren s\u0131hhat grubu taraf\u0131ndan pasta kesildi.<\/p>\n<p>Fatma Peker, &#8220;\u00c7ok memnunum. Tertipli hayat\u0131ma devam ediyorum. Yakla\u015f\u0131k 10 ay diyalize girdim. Sonra rutin hayat\u0131m\u0131 s\u00fcrd\u00fcrd\u00fcm. \u015e\u00fck\u00fcr s\u0131hhatim da hekimlerim sayesinde yerinde&#8221; dedi.<\/p>\n<p><b>&#8216;HERKES\u0130N ORGAN BA\u011eI\u015eINDA BULUNMASINI \u0130STER\u0130M&#8217;<\/b><\/p>\n<p>Tekrar nakil olmas\u0131 gerekti\u011finde \u00e7ok \u00fcz\u00fcld\u00fc\u011f\u00fcn\u00fc belirten Peker, &#8220;\u015eimdilik her \u015fey yolunda. Herkesin organ ba\u011f\u0131\u015f\u0131nda bulunmas\u0131n\u0131 isterim. \u00c7ok \u015f\u00fck\u00fcr, \u015fu an s\u0131hhatim yerinde. Karde\u015fim de eski e\u015fim de sa\u011f olsun bana b\u00f6breklerini ba\u011f\u0131\u015flad\u0131lar. O a\u00e7\u0131dan \u00e7ok \u015fansl\u0131y\u0131m. Takibim sistemli yap\u0131l\u0131yor. Nakil \u00f6ncesinde k\u0131s\u0131tl\u0131 bir hayat\u0131m varken art\u0131k her insan\u0131n yapt\u0131\u011f\u0131 i\u015fleri yapabiliyorum. Bu s\u00fcre\u00e7te moral \u00e7ok \u00f6nemli&#8221; diye konu\u015ftu.<\/p>\n<p><b>&#8216;ORGANLARIN BA\u011eI\u015eLANMASI \u00c7OK \u00d6NEML\u0130&#8217;<\/b><\/p>\n<p>Operasyonun yap\u0131lan hastanenin B\u00f6brek Nakli K\u0131s\u0131m Lideri Uzm. Dr. I\u015f\u0131k Hasan \u00d6zg\u00fc, &#8220;Tam 15 y\u0131l evvel bu program\u0131 ba\u015flatt\u0131k. O devirde e\u015fi kendisine b\u00f6bre\u011fini vermi\u015fti. Yakla\u015f\u0131k 10 sene, o b\u00f6brekle sa\u011fl\u0131kl\u0131 bir bi\u00e7imde ya\u015fad\u0131. Daha sonra b\u00f6brek i\u015flevlerini kaybedince, yakla\u015f\u0131k 5 sene evvel bu sefer de karde\u015finden b\u00f6brek nakli yapt\u0131k. 15 y\u0131ld\u0131r kendisi de ortam\u0131zda, pek sa\u011fl\u0131kl\u0131 bir halde hayat\u0131n\u0131 s\u00fcrd\u00fcr\u00fcyor.<\/p>\n<p>Canl\u0131dan yap\u0131lan b\u00f6brek nakillerinin sonu\u00e7lar\u0131, \u00e7ok daha yeterli ve uzun \u00f6m\u00fcrl\u00fc oluyor. Bir b\u00f6brek ortalama 15-20 seneye yak\u0131n ya\u015farsa, bu \u00e7ok ba\u015far\u0131l\u0131 bir s\u00fcre\u00e7tir. Kadavradan yap\u0131lan nakillerde ortalama m\u00fcddet bu kadar de\u011fil. Burada hastan\u0131n ahengi, denetimlerine d\u00fczg\u00fcn gelmesi, bir sorun \u00e7\u0131kt\u0131\u011f\u0131nda s\u0131hhat kurulu\u015funa haberdar etmesi, ila\u00e7lar\u0131n\u0131 d\u00fczg\u00fcn ve vaktinde kullanmas\u0131 \u00e7ok k\u0131ymetli.<\/p>\n<p>Kadavradan nakil konusunda pandeminin olumsuz tesirleri oldu. Beyin mevti ger\u00e7ekle\u015fmi\u015f bireylerin ailelerinin, organlar\u0131 ba\u011f\u0131\u015flamas\u0131 \u00e7ok k\u0131ymetli. Yaln\u0131zca b\u00f6brek de\u011fil, karaci\u011fer, kalp, akci\u011fer \u00fczere organlar\u0131 da ba\u011f\u0131\u015flas\u0131nlar. Herkesi bu mevzuda hassas olmaya \u00e7a\u011f\u0131r\u0131yorum&#8221; dedi.<\/p>\n","protected":false},"excerpt":{"rendered":"<p>\u0130zmir&#8217;de b\u00f6brek yetmezli\u011fi hastas\u0131 olan 52 ya\u015f\u0131ndaki Fatma Peker, 11 y\u0131l ortayla biri eski e\u015fi, ba\u015fkas\u0131 karde\u015finden yap\u0131lan b\u00f6brek nakliyle hayata tutundu. Hastanedeki birinci b\u00f6brek nakli hastas\u0131 olmas\u0131 ve birinci naklin \u00fczerinden 15 y\u0131l ge\u00e7mesi m\u00fcnasebetiyle Peker i\u00e7in pasta kesildi. Peker, &#8220;Nakil \u00f6ncesinde k\u0131s\u0131tl\u0131 bir hayat\u0131m varken art\u0131k her insan\u0131n yapt\u0131\u011f\u0131 i\u015fleri yapabiliyorum. Bu s\u00fcre\u00e7te moral \u00e7ok \u00f6nemli&#8221; dedi.<\/p>\n","protected":false},"author":1,"featured_media":46875,"comment_status":"open","ping_status":"open","sticky":false,"template":"","format":"standard","meta":{"footnotes":""},"categories":[29],"tags":[4293,6760,6759,2140,4519],"class_list":["post-46874","post","type-post","status-publish","format-standard","has-post-thumbnail","hentry","category-saglik","tag-bobrek","tag-bobrek-nakli","tag-nakil","tag-organ","tag-peker"],"_links":{"self":[{"href":"https:\/\/ikimisli.tr\/index.php\/wp-json\/wp\/v2\/posts\/46874","targetHints":{"allow":["GET"]}}],"collection":[{"href":"https:\/\/ikimisli.tr\/index.php\/wp-json\/wp\/v2\/posts"}],"about":[{"href":"https:\/\/ikimisli.tr\/index.php\/wp-json\/wp\/v2\/types\/post"}],"author":[{"embeddable":true,"href":"https:\/\/ikimisli.tr\/index.php\/wp-json\/wp\/v2\/users\/1"}],"replies":[{"embeddable":true,"href":"https:\/\/ikimisli.tr\/index.php\/wp-json\/wp\/v2\/comments?post=46874"}],"version-history":[{"count":1,"href":"https:\/\/ikimisli.tr\/index.php\/wp-json\/wp\/v2\/posts\/46874\/revisions"}],"predecessor-version":[{"id":46876,"href":"https:\/\/ikimisli.tr\/index.php\/wp-json\/wp\/v2\/posts\/46874\/revisions\/46876"}],"wp:featuredmedia":[{"embeddable":true,"href":"https:\/\/ikimisli.tr\/index.php\/wp-json\/wp\/v2\/media\/46875"}],"wp:attachment":[{"href":"https:\/\/ikimisli.tr\/index.php\/wp-json\/wp\/v2\/media?parent=46874"}],"wp:term":[{"taxonomy":"category","embeddable":true,"href":"https:\/\/ikimisli.tr\/index.php\/wp-json\/wp\/v2\/categories?post=46874"},{"taxonomy":"post_tag","embeddable":true,"href":"https:\/\/ikimisli.tr\/index.php\/wp-json\/wp\/v2\/tags?post=46874"}],"curies":[{"name":"wp","href":"https:\/\/api.w.org\/{rel}","templated":true}]}}