{"id":46890,"date":"2025-06-15T21:12:08","date_gmt":"2025-06-15T21:12:08","guid":{"rendered":"https:\/\/ikimisli.tr\/?p=46890"},"modified":"2025-06-15T21:12:08","modified_gmt":"2025-06-15T21:12:08","slug":"basindan-vurulan-dis-hekiminin-annesi-konustu-dna-olayi-tamamen-uydurma","status":"publish","type":"post","link":"https:\/\/ikimisli.tr\/index.php\/2025\/06\/15\/basindan-vurulan-dis-hekiminin-annesi-konustu-dna-olayi-tamamen-uydurma\/","title":{"rendered":"Ba\u015f\u0131ndan vurulan di\u015f hekiminin annesi konu\u015ftu: &#8216;DNA olay\u0131 tamamen uydurma&#8217;"},"content":{"rendered":"<p>21 \u015eubat&#8217;ta saat 17.00 s\u0131ralar\u0131nda Alsancak K\u00fclt\u00fcr Mahallesi Ali \u00c7etinkaya Bulvar\u0131&#8217;ndaki bir apartman\u0131n 2&#8217;nci kat\u0131ndaki dairede a\u011f\u0131z ve di\u015f s\u0131hhati merkezinde di\u015f tabibi olarak vazife yapan Mehmet Emrah D\u00fc\u015fmez&#8217;in oturdu\u011fu daireye, husumetli oldu\u011fu Mustafa Ercan geldi.<\/p>\n<p>Taraflar ortas\u0131nda \u00e7\u0131kan tart\u0131\u015fma, arbedeye d\u00f6n\u00fc\u015ft\u00fc. Mustafa Ercan, tabancayla D\u00fc\u015fmez&#8217;in ba\u015f\u0131na ate\u015f etti. Mustafa Ercan, daha sonra D\u00fc\u015fmez&#8217;in telefonunu al\u0131p, kanlar i\u00e7indeki imgesini \u00e7ekerek annesine g\u00f6nderip, ka\u00e7t\u0131. O\u011flunun vuruldu\u011funu g\u00f6ren anne, durumu polise bildirdi. \u0130hbarla adrese s\u0131hhat ve polis tak\u0131mlar\u0131 sevk edildi.<\/p>\n<p>Tepecik E\u011fitim ve Ara\u015ft\u0131rma Hastanesi&#8217;nde hayat\u0131n\u0131 kaybeden Mehmet Emrah D\u00fc\u015fmez&#8217;in cenazesi, Elaz\u0131\u011f&#8217;a g\u00f6t\u00fcr\u00fcld\u00fc. D\u00fc\u015fmez&#8217;in cenazesi, d\u00fcn Harput Aile Mezarl\u0131\u011f\u0131&#8217;nda topra\u011fa verildi.<\/p>\n<p><b>B\u0130YOLOJ\u0130K BABA \u0130DD\u0130ASI<\/b><\/p>\n<p>Asayi\u015f \u015eube M\u00fcd\u00fcrl\u00fc\u011f\u00fc Cinayet Ofis Amirli\u011fi, SAM Ofis Amirli\u011fi, Motosikletli Polis Timler Amirli\u011fi, \u0130stihbarat \u015eube M\u00fcd\u00fcrl\u00fc\u011f\u00fc ve Konak \u0130l\u00e7e Emniyet M\u00fcd\u00fcrl\u00fc\u011f\u00fc tak\u0131mlar\u0131 de olay g\u00fcn\u00fc Mustafa Ercan&#8217;\u0131 yakalad\u0131. \u015e\u00fcphelinin olaydan sonra bir m\u00fchlet caddede y\u00fcr\u00fcy\u00fcp, akabinde taksiye bindi\u011fi anlar g\u00fcvenlik kameras\u0131na yans\u0131rken; Mustafa Ercan, polisteki sorgusunda, 10 y\u0131l evvel ortak di\u015f gere\u00e7leri ve ara\u00e7 kiralama i\u015fi yapt\u0131\u011f\u0131 D\u00fc\u015fmez&#8217;in kendisini doland\u0131rd\u0131\u011f\u0131n\u0131 belirterek, bu nedenle ortalar\u0131nda alacak sorunundan has\u0131ml\u0131k bulundu\u011funu s\u00f6yledi.<\/p>\n<p>Mustafa Ercan, di\u015f doktorunu, 2 y\u0131l evvel bo\u015fand\u0131\u011f\u0131 e\u015finden olan 7 ve 9 ya\u015flar\u0131ndaki 2 \u00e7ocu\u011funun biyolojik babalar\u0131 oldu\u011funu DNA testi sonucunda \u00f6\u011frendi\u011fi i\u00e7in vurdu\u011funu \u00f6ne s\u00fcrd\u00fc. Ercan, &#8220;Bunun \u00fczerine D\u00fc\u015fmez&#8217;i vurdum. H\u0131rs\u0131m\u0131 alamay\u0131p, g\u00f6r\u00fcnt\u00fcs\u00fcn\u00fc \u00e7ekip annesine att\u0131m&#8221; dedi. Adliyeye sevk edilen ku\u015fkulu tutukland\u0131.<\/p>\n<p><b>&#8220;KONU, DNA PALAVRASIYLA \u0130ST\u0130KAMET DE\u011e\u0130\u015eT\u0130RD\u0130&#8221;<\/b><\/p>\n<p>D\u00fc\u015fmez&#8217;in annesi Aysel D\u00fc\u015fmez, olayla ilgili konu\u015ftu. Mustafa Ercan&#8217;\u0131n verdi\u011fi tabirin palavra oldu\u011funu savunan D\u00fc\u015fmez, &#8220;Vah\u015fice i\u015flenen cinayetin alt\u0131nda farkl\u0131 bir neden aranmamal\u0131. Makus ruhlu bir insan\u0131n i\u015fledi\u011fi ve bir ki\u015finin hayat\u0131na, prestijine ve gen\u00e7li\u011fine mal olan bir aksiyon olarak pahaland\u0131rmak gerek. Mustafa Ercan tabirinde, evvel &#8216;alacak meselesi&#8217; dedi. Sonra husus, DNA palavras\u0131yla taraf de\u011fi\u015ftirdi. Her \u015feyden evvel cinayeti i\u015fleyen katilin ola\u011fan bir davran\u0131\u015f i\u00e7erisinde olmad\u0131\u011f\u0131, hareketi ger\u00e7ekle\u015ftirdikten sonra g\u00f6r\u00fcnt\u00fcy\u00fc bana g\u00f6ndermesiyle de net olarak anla\u015f\u0131lmal\u0131. Tam bir ruh hastas\u0131 tutumuyla ger\u00e7ekle\u015fen bu cinayetin, bir husus ba\u011f\u0131ml\u0131s\u0131n\u0131n ya da \u015fizofren yap\u0131da olan birinin fikir haliyle yap\u0131ld\u0131\u011f\u0131n\u0131 kamuoyunun malumudur. \u015eunu rahatl\u0131kla ve samimiyetle s\u00f6yleyebiliriz ki DNA olay\u0131 b\u00fcsb\u00fct\u00fcn bir uydurma. Hususun dok\u00fcmanlar\u0131 ise gerekli tetkikler sonras\u0131nda kamuoyu ile payla\u015f\u0131lacak. Ne \u00e7ocuklar\u0131n\u0131n babas\u0131 merhum o\u011flumdur ne de kar\u015f\u0131 tarafa borcu olan o\u011flumdur. Her istikametiyle ma\u011fdur olan taraf ailemizken, i\u015flenen c\u00fcr\u00fcm farkl\u0131 bir noktaya kayd\u0131r\u0131ld\u0131. K\u0131sa m\u00fcddet sonra sizlere hususun tam nedenini ve hangi saiklerle cinayetin i\u015flendi\u011fini aktaraca\u011f\u0131z&#8221; dedi.<\/p>\n","protected":false},"excerpt":{"rendered":"<p>\u0130zmir Konak&#8217;ta Mustafa Ercan&#8217;\u0131n (34) tabancayla ba\u015f\u0131ndan vurarak \u00f6ld\u00fcrd\u00fc\u011f\u00fc di\u015f tabibi Mehmet Emrah D\u00fc\u015fmez&#8217;in (49) annesi Aysel D\u00fc\u015fmez, &#8220;DNA olay\u0131 b\u00fcsb\u00fct\u00fcn bir uydurma. Bahsin dok\u00fcmanlar\u0131 ise gerekli tetkikler sonras\u0131nda kamuoyu ile payla\u015f\u0131lacak. Ne \u00e7ocuklar\u0131n\u0131n babas\u0131 merhum o\u011flumdur ne de kar\u015f\u0131 tarafa borcu olan o\u011flumdur. Her taraf\u0131yla ma\u011fdur olan taraf ailemizken, i\u015flenen c\u00fcr\u00fcm farkl\u0131 bir noktaya kayd\u0131r\u0131ld\u0131&#8221; dedi.<\/p>\n","protected":false},"author":1,"featured_media":46891,"comment_status":"open","ping_status":"open","sticky":false,"template":"","format":"standard","meta":{"footnotes":""},"categories":[25],"tags":[2432,6636],"class_list":["post-46890","post","type-post","status-publish","format-standard","has-post-thumbnail","hentry","category-gundem","tag-cinayet","tag-mustafa-ercan"],"_links":{"self":[{"href":"https:\/\/ikimisli.tr\/index.php\/wp-json\/wp\/v2\/posts\/46890","targetHints":{"allow":["GET"]}}],"collection":[{"href":"https:\/\/ikimisli.tr\/index.php\/wp-json\/wp\/v2\/posts"}],"about":[{"href":"https:\/\/ikimisli.tr\/index.php\/wp-json\/wp\/v2\/types\/post"}],"author":[{"embeddable":true,"href":"https:\/\/ikimisli.tr\/index.php\/wp-json\/wp\/v2\/users\/1"}],"replies":[{"embeddable":true,"href":"https:\/\/ikimisli.tr\/index.php\/wp-json\/wp\/v2\/comments?post=46890"}],"version-history":[{"count":1,"href":"https:\/\/ikimisli.tr\/index.php\/wp-json\/wp\/v2\/posts\/46890\/revisions"}],"predecessor-version":[{"id":46892,"href":"https:\/\/ikimisli.tr\/index.php\/wp-json\/wp\/v2\/posts\/46890\/revisions\/46892"}],"wp:featuredmedia":[{"embeddable":true,"href":"https:\/\/ikimisli.tr\/index.php\/wp-json\/wp\/v2\/media\/46891"}],"wp:attachment":[{"href":"https:\/\/ikimisli.tr\/index.php\/wp-json\/wp\/v2\/media?parent=46890"}],"wp:term":[{"taxonomy":"category","embeddable":true,"href":"https:\/\/ikimisli.tr\/index.php\/wp-json\/wp\/v2\/categories?post=46890"},{"taxonomy":"post_tag","embeddable":true,"href":"https:\/\/ikimisli.tr\/index.php\/wp-json\/wp\/v2\/tags?post=46890"}],"curies":[{"name":"wp","href":"https:\/\/api.w.org\/{rel}","templated":true}]}}